{"id":523759,"date":"2025-11-09T23:38:13","date_gmt":"2025-11-09T23:38:13","guid":{"rendered":"https:\/\/www.europesays.com\/fr\/523759\/"},"modified":"2025-11-09T23:38:13","modified_gmt":"2025-11-09T23:38:13","slug":"sortir-a-toulouse-les-confidences-de-daoud-lenfant-terrible-du-jazz-avant-son-concert-au-bikini","status":"publish","type":"post","link":"https:\/\/www.europesays.com\/fr\/523759\/","title":{"rendered":"Sortir \u00e0 Toulouse. Les confidences de Daoud, \u00ab\u00a0l&rsquo;enfant terrible du jazz\u00a0\u00bb, avant son concert au Bikini"},"content":{"rendered":"<p>            Par<br \/>\n        <strong><br \/>\n            <a href=\"https:\/\/actu.fr\/auteur\/gabriel-kenedi\" title=\"Consulter tous les articles de Gabriel Kenedi\" target=\"_blank\" rel=\"noopener\">Gabriel Kenedi<\/a><br \/>\n        <\/strong><\/p>\n<p>        Publi\u00e9 le<\/p>\n<p>            9 nov. 2025 \u00e0 16h18        <\/p>\n<p>Le saviez-vous ? \u00ab L\u2019enfant terrible du jazz \u00bb s\u2019appelle <strong>Daoud<\/strong>\u2026 et<a href=\"https:\/\/actu.fr\/toulouse\/\" target=\"_blank\" rel=\"noopener\"> il habite \u00e0 Toulouse <\/a>! En pleine ascension depuis plusieurs ann\u00e9es, ce trompettiste, beatmaker et producteur de talent avait d\u00e9j\u00e0 donn\u00e9 un concert \u00e0 guichets ferm\u00e9s au Metronum en mai dernier.<\/p>\n<p class=\" wall-content\">Le revoil\u00e0 donc quelques mois plus tard au Bikini, mercredi 12 novembre 2025. Entre temps, Daoud a sorti un nouvel album, sobrement intitul\u00e9 <strong>\u00ab\u00a0OK\u00a0\u00bb<\/strong> (son premier sorti chez ACT, prestigieux label de jazz ind\u00e9pendant bas\u00e9 \u00e0 Munich) et qui a d\u00e9j\u00e0 \u00e9t\u00e9 <strong>stream\u00e9 plus d\u2019un million de fois<\/strong> depuis sa sortie sur les plateformes. Un album riche de 14 titres qui explore l\u2019\u00e9chec, la perte, la r\u00e9p\u00e9tition \u00ab\u00a0et l\u2019absurdit\u00e9 douce de pr\u00e9tendre que tout va bien\u00a0\u00bb. Personnage singulier dans le monde du jazz, Daoud casse volontiers les codes dans cet album qui m\u00eale sonorit\u00e9s hip-hop, rock, afrobeat ou encore drum\u2019n\u2019bass\u2026 \u00c9clectique, donc !\u00a0<\/p>\n<p>En pleine ascension\u00a0<\/p>\n<p class=\" wall-content\">Faire le Bikini, c\u2019est forc\u00e9ment un aboutissement pour ce trentenaire au parcours tortueux, originaire de la banlieue nanc\u00e9ienne, qui a d\u00e9barqu\u00e9 \u00e0 Toulouse il y a quelques ann\u00e9es.\u00a0 Apr\u00e8s le Bikini, il sera en concert \u00e0 la Machine du Moulin Rouge \u00e0 Paris avant d\u2019entamer une tourn\u00e9e internationale en 2026, qui passera \u00e0 New York, Londres ou encore l\u2019Allemagne. Trop fort, Daoud ! En attendant son concert, <strong>Daoud<\/strong> nous parle de son parcours, en long, en large et en travers.<\/p>\n<p class=\" wall-content\">Interview avec musicien qui n\u2019a pas fini de faire parler de lui !\u00a0<\/p>\n<p>\u00ab\u00a0C\u2019est un album de gal\u00e9rien\u00a0\u00bb<\/p>\n<p class=\"ac-article-content__question wall-content\"><strong class=\"color-primary\">Actu : <\/strong>Comment d\u00e9finis-tu cet album ?\u00a0\n<\/p>\n<p class=\" wall-content\"><strong class=\"color-primary\">Daoud : <\/strong>C&rsquo;est un album de gal\u00e9rien, un peu. J&rsquo;ai eu deux ou trois ans un peu compliqu\u00e9s sur le plan pro et perso. Il m&rsquo;a fallu d\u00e9velopper un sens de l&rsquo;abn\u00e9gation assez fort pour traverser ces \u00e9preuves, et c&rsquo;est au c\u0153ur de cet album ! Toujours avec un peu de sarcasme et d&rsquo;humour.<\/p>\n<p>Vid\u00e9os : en ce moment sur Actu<\/p>\n<p class=\"ac-article-content__question wall-content\">Tu parlais de trois ans compliqu\u00e9s&#8230; Tu veux nous en parler ?\u00a0\n<\/p>\n<p class=\" wall-content\"><strong class=\"color-primary\">Daoud : <\/strong>Il y a eu le d\u00e9c\u00e8s de ma maman, une rupture, des grosses gal\u00e8res au niveau profesionnel. Quand tu commences \u00e0 avoir du succ\u00e8s alors que tu viens de nulle part, \u00e7a attire des gens bienveillants, et d&rsquo;autres non. Donc, j&rsquo;ai eu beaucoup de d\u00e9silusions, surtout quand tu estimes que tu n&rsquo;as pas le succ\u00e8s n\u00e9cessaire pour te faire embrouiller par le business. Moi, \u00e7a fait longtemps que je suis dans ce m\u00e9tier, plus de 15 ans maintenant. Je pensais que j&rsquo;avais fait un peu le tour du sujet, dans le n\u00e9gatif comme dans le positif&#8230; Mais non ! Mais bon, j&rsquo;essaie d&rsquo;apprendre de mes erreurs. Et \u00e7a commence \u00e0 s&rsquo;appaiser. J&rsquo;ai l&rsquo;impression d&rsquo;avoir trouv\u00e9 les bons partenaires. Il y a une energie constructive qui se met en place autour de moi. Et \u00e7a fait du bien !\u00a0<\/p>\n<p>Votre r\u00e9gion, votre actu !<\/p>\n<p>Recevez chaque jour les infos qui comptent pour vous.<\/p>\n<p>\t<a href=\"https:\/\/actu.fr\/newsletter\" class=\"ac-btn ac-btn--corner ac-btn--medium ac-btn--blue800\" target=\"_blank\" rel=\"noopener\">S&rsquo;incrire<\/a><br \/>\n\u00ab\u00a0Il a fallu que je m\u2019isole\u00a0\u00bb<\/p>\n<p class=\"ac-article-content__question wall-content\">Quand tu traverses des \u00e9preuves, ton r\u00e9flexe, c&rsquo;est de te concentrer sur la musique ?\u00a0\n<\/p>\n<p class=\" wall-content\"><strong class=\"color-primary\">Daoud : <\/strong>La solution, pour moi, \u00e7a a \u00e9t\u00e9 de d\u00e9velopper un maximum de force de travail. Pour pouvoir composer, il a fallu que je m&rsquo;isole. La majorit\u00e9 des morceaux, je les ai compos\u00e9s dans la cambrousse du Qu\u00e9bec, au mois de novembre 2024, au bord d&rsquo;un lac. Je n&rsquo;avais pas Internet, rien. Juste un ordi, un clavier et une trompette. Je suis revenu \u00e0 Toulouse en d\u00e9cembre, on a r\u00e9p\u00e9t\u00e9 les morceaux et on les a enregistr\u00e9s en janvier, mix\u00e9 en mars&#8230; C&rsquo;est all\u00e9 tr\u00e8s vite, finalement !\u00a0<\/p>\n<p class=\"ac-article-content__question wall-content\">Il para\u00eet que tu veux tout contr\u00f4ler dans ton approche de la musique. C&rsquo;est vrai ou faux ?\n<\/p>\n<p class=\" wall-content\"><strong class=\"color-primary\">Daoud : <\/strong>J&rsquo;ai un \u0153il sur tout, c&rsquo;est s\u00fbr ! Moi, je veux pouvoir \u00eatre coh\u00e9rent et d\u00e9fendre les choix qui ont \u00e9t\u00e9 faits dans la direction artistique. \u00catre pr\u00e9sent, c&rsquo;est important. De la r\u00e9alisation des clips, au mixage au mastering, je veux \u00eatre l\u00e0. L&rsquo;id\u00e9e, c&rsquo;est d&rsquo;amener le sujet le plus loin possible et d&rsquo;amener les gens super talentueux, de les amener les plus proches du but, et de les laisser apporter ce qui va faire que la contribution sera sp\u00e9ciale.\u00a0<\/p>\n<p class=\" wall-content\">\n<p>\u00ab\u00a0Qui aurait pari\u00e9 sur un trompettiste que personne ne conna\u00eet ?\u00a0\u00bb<\/p>\n<p class=\"ac-article-content__question wall-content\">Dans cet album qui est super bien produit, et o\u00f9 la musique \u00e9lectronique prend de la place, il y a comme un sentiment d&rsquo;urgence qui se d\u00e9gage&#8230;\n<\/p>\n<p class=\" wall-content\"><strong class=\"color-primary\">Daoud : <\/strong>\u00ab\u00a0Oui, c&rsquo;est vrai, avec cet album, on a voulu pousser les curseurs. Mon pr\u00e9c\u00e9dent album, c&rsquo;\u00e9tait un coup d&rsquo;essai. Un prototype, un proof of concept, qui avait \u00e9t\u00e9 fait avec un budget ridicule. Mais on a prouv\u00e9 que \u00e7a pouvait marcher. Car sinon, qui aurait pari\u00e9 sur un trompettiste \u00e0 Toulouse que personne ne connait ? Personne ne l&rsquo;aurait fait !\u00a0\u00bb\u00a0<\/p>\n<p class=\"ac-article-content__question wall-content\">Quelle est ton approche de la musique ? <\/p>\n<p class=\" wall-content\"><strong class=\"color-primary\">Daoud : <\/strong>L&rsquo;id\u00e9e, ce n&rsquo;est pas de nier l&rsquo;existence du public, dans un genre ou parfois \u00e7a a pu arriver. C&rsquo;est contreproductif, et c&rsquo;est pas fun. Si j&rsquo;\u00e9tais le seul humain au monde, je ne ferais pas de musique. Pour quoi faire ? La musique, c&rsquo;est pas un monologue. C&rsquo;est un langage. Les gens qui disent que s&rsquo;ils \u00e9taient seuls au monde, ils feraient quand m\u00eame de la musique, ce sont des menteurs. La musique n&rsquo;existerait pas, comme le langage !\u00a0Pour moi, la musique, c&rsquo;est de l&rsquo;artisanat. J&rsquo;ai des horaires de bureau ! Je bosse 7 jours sur 7, de 9 heures \u00e0 17 heures. C&rsquo;est pas tr\u00e8s sexy comme r\u00e9ponse, j&rsquo;en suis conscient.\u00a0<\/p>\n<p>\u00ab\u00a0\u00c0 Toulouse, j\u2019ai hallucin\u00e9 !\u00a0\u00bb<\/p>\n<p class=\"ac-article-content__question wall-content\">Venons-en \u00e0 Toulouse. Comment es-tu arriv\u00e9 dans cette ville ?\u00a0\n<\/p>\n<p class=\" wall-content\"><strong class=\"color-primary\">Daoud : <\/strong>Je suis arriv\u00e9 en 2019. Avant, j&rsquo;\u00e9tais dans le Gers, pendant quasiment trois ans. J&rsquo;\u00e9tais croque-mort et barman dans un PMU. J&rsquo;avais arr\u00eat\u00e9 la musique pendant quelques ann\u00e9es, je rentrais de trois ans aux Etats-Unis \u00e0 tourner avec un groupe l\u00e0-bas. Quand ma maman est tomb\u00e9e malade, \u00e0 Nancy, la ville o\u00f9 je suis n\u00e9, j&rsquo;ai voulu rejoindre la grande ville la plus proche de l\u00e0 o\u00f9 j&rsquo;\u00e9tais, pour pouvoir faire plus facilement des allers-retours s&rsquo;il y avait besoin. Et \u00e7a m&rsquo;a plu ! Je savais qu&rsquo;il y avait un vivier de super musiciens&#8230; mais j&rsquo;ai hallucin\u00e9 !<\/p>\n<p class=\"ac-article-content__question wall-content\">Et c&rsquo;est donc \u00e0 Toulouse que tu as choisi de d\u00e9velopper tes projets.\u00a0\n<\/p>\n<p class=\" wall-content\"><strong class=\"color-primary\">Daoud : <\/strong>\u00ab\u00a0Dans un pays aussi centralis\u00e9 que la France, surtout au niveau culturel, d\u00e9velopper son projet loin de Paris, c&rsquo;est souvent un pari tr\u00e8s risqu\u00e9. Donc il y avait quand m\u00eame un petit c\u00f4t\u00e9 militant dans le fait de d\u00e9velopper mon projet \u00e0 Toulouse. Attention, il y a certains musiciens qui arrivent \u00e0 avoir un rayonnement national et international depuis Toulouse, mais c&rsquo;est tr\u00e8s difficile. En jazz, je pense notamment \u00e0 R\u00e9mi Panossian, qui tourne dans le monde entier. C&rsquo;est donc \u00e0 Toulouse que j&rsquo;ai cr\u00e9\u00e9 mon label, ma propre maison d&rsquo;\u00e9dition, ma bo\u00eete de production et que j&rsquo;ai enregistr\u00e9 mes albums, avec des musiciens de Toulouse. Je suis co-producteur de mes albums et j&rsquo;aimerais \u00e0 l&rsquo;avenir, sortir des artistes toulousains sur mon label\u00a0\u00bb.\u00a0<\/p>\n<p>\u00ab\u00a0J\u2019\u00e9tais obs\u00e9d\u00e9 par les clowns et le cirque\u00a0\u00bb<\/p>\n<p class=\"ac-article-content__question wall-content\">La trompette, c&rsquo;est venu \u00e0 quel moment dans ta vie ?\u00a0\n<\/p>\n<p class=\" wall-content\"><strong class=\"color-primary\">Daoud : <\/strong>Tout petit ! J&rsquo;\u00e9tais obs\u00e9d\u00e9 par les clowns et le cirque. \u00c0 l&rsquo;\u00e9poque, dans les ann\u00e9es 90, il y avait \u00e0 la t\u00e9l\u00e9 au moins une fois par semaine un spectacle de cirque. Et j&rsquo;ai d\u00fb voir un clown voir jouer de la trompette ! Du coup, pendant tr\u00e8s longtemps, depuis mes trois ans jusqu&rsquo;\u00e0 tr\u00e8s tard, c&rsquo;\u00e9tait mon projet professionnel de devenir clown. Et pour mon CV de clown, je me suis dit que la trompette pouvait \u00eatre un plus. Et de toute fa\u00e7on, il fallait que je fasse un instrument, parce que ma m\u00e8re \u00e9tait prof au conservatoire \u00e0 Nancy. Dans la famille, tout le monde a fait le conservatoire.\u00a0Quand tu viens d&rsquo;un milieu social moins privil\u00e9gi\u00e9, comme moi, il n&rsquo;y avait pas de frais d&rsquo;inscription. Donc on a pu avoir une \u00e9ducation musicale de qualit\u00e9, m\u00eame si le conservatoire a de gros d\u00e9fauts, surtout dans les ann\u00e9es 90 ! J&rsquo;ai arr\u00eat\u00e9 \u00e0 15 ans car le syst\u00e8me p\u00e9dagogique ne me convenait pas du tout. <\/p>\n<p>\u00ab\u00a0Si tu attends que les gens viennent dans un club de jazz\u2026\u00a0\u00bb<\/p>\n<p class=\"ac-article-content__question wall-content\">Tu avais rempli le M\u00e9tronum en mai dernier et te voil\u00e0 maintenant programm\u00e9 au Bikini. Comment abordes-tu cette date ?\n<\/p>\n<p class=\" wall-content\"><strong class=\"color-primary\">Daoud : <\/strong>C&rsquo;\u00e9tait une volont\u00e9 de ma part ! Si tu attends que les gens viennent dans un club de jazz, tu vas mourir dans le club de jazz\u00a0tout seul (rires) ! Les gens, il faut aller les chercher l\u00e0 o\u00f9 ils sont. Le but, c&rsquo;est de mettre la barre moins haute possible pour que les gens acceptent de prendre le risque. Ils ont regard\u00e9 le programme, sans forc\u00e9ment me conna\u00eetre, et pris le risque de venir me d\u00e9couvrir. Le but, c&rsquo;est que le risque soit le plus facile \u00e0 prendre possible. Proposer un tarif \u00e0 20 euros la place, c&rsquo;est important. Cela fait partie du jeu ! Au M\u00e9tronum, je n&rsquo;avais jamais vu un public aussi diversifi\u00e9 en termes d&rsquo;\u00e2ge et de genre pour un concert de jazz. C&rsquo;est vraiment mon but ! Que ce soit facile de venir \u00e0 un concert de jazz, m\u00eame pour les gens qui ne seraient jamais venus dans un club de jazz. \u00c7a implique d&rsquo;\u00eatre pr\u00e9sent l\u00e0 o\u00f9 les autres ne vont pas ! Et j&rsquo;ai vraiment h\u00e2te !\u00a0<\/p>\n<p>Daoud en concert au Bikini. Mercredi 12 novembre 2025, \u00e0 19h30. Tarifs : 20 \u00e0 25\u20ac.\u00a0<\/p>\n<p class=\" wall-content\">Personnalisez votre actualit\u00e9 en ajoutant vos villes et m\u00e9dias en favori avec <a href=\"https:\/\/moncompte.actu.fr\" title=\"D\u00e9couvez Mon Actu\" rel=\"nofollow noopener\" data-trk=\"{&quot;cta&quot;:{&quot;action&quot;:&quot;https:\\\/\\\/moncompte.actu.fr&quot;,&quot;category&quot;:&quot;mon compte&quot;,&quot;from&quot;:&quot;article footer&quot;,&quot;name&quot;:&quot;Mon actu&quot;,&quot;type&quot;:&quot;cta&quot;}}\" target=\"_blank\">Mon Actu<\/a>.<\/p>\n","protected":false},"excerpt":{"rendered":"Par Gabriel Kenedi Publi\u00e9 le 9 nov. 2025 \u00e0 16h18 Le saviez-vous ? \u00ab L\u2019enfant terrible du jazz&hellip;\n","protected":false},"author":2,"featured_media":523760,"comment_status":"","ping_status":"","sticky":false,"template":"","format":"standard","meta":{"footnotes":""},"categories":[2816],"tags":[1111,11,1777,674,1011,27,3478,1652,12,2680,25,1341,2312],"class_list":{"0":"post-523759","1":"post","2":"type-post","3":"status-publish","4":"format-standard","5":"has-post-thumbnail","7":"category-toulouse","8":"tag-actu","9":"tag-actualites","10":"tag-eu","11":"tag-europe","12":"tag-fr","13":"tag-france","14":"tag-le-bikini","15":"tag-loisirs-culture","16":"tag-news","17":"tag-occitanie","18":"tag-republique-francaise","19":"tag-sortir-a-toulouse","20":"tag-toulouse"},"share_on_mastodon":{"url":"https:\/\/pubeurope.com\/@fr\/115522378475755158","error":""},"_links":{"self":[{"href":"https:\/\/www.europesays.com\/fr\/wp-json\/wp\/v2\/posts\/523759","targetHints":{"allow":["GET"]}}],"collection":[{"href":"https:\/\/www.europesays.com\/fr\/wp-json\/wp\/v2\/posts"}],"about":[{"href":"https:\/\/www.europesays.com\/fr\/wp-json\/wp\/v2\/types\/post"}],"author":[{"embeddable":true,"href":"https:\/\/www.europesays.com\/fr\/wp-json\/wp\/v2\/users\/2"}],"replies":[{"embeddable":true,"href":"https:\/\/www.europesays.com\/fr\/wp-json\/wp\/v2\/comments?post=523759"}],"version-history":[{"count":0,"href":"https:\/\/www.europesays.com\/fr\/wp-json\/wp\/v2\/posts\/523759\/revisions"}],"wp:featuredmedia":[{"embeddable":true,"href":"https:\/\/www.europesays.com\/fr\/wp-json\/wp\/v2\/media\/523760"}],"wp:attachment":[{"href":"https:\/\/www.europesays.com\/fr\/wp-json\/wp\/v2\/media?parent=523759"}],"wp:term":[{"taxonomy":"category","embeddable":true,"href":"https:\/\/www.europesays.com\/fr\/wp-json\/wp\/v2\/categories?post=523759"},{"taxonomy":"post_tag","embeddable":true,"href":"https:\/\/www.europesays.com\/fr\/wp-json\/wp\/v2\/tags?post=523759"}],"curies":[{"name":"wp","href":"https:\/\/api.w.org\/{rel}","templated":true}]}}