{"id":523771,"date":"2025-11-09T23:47:14","date_gmt":"2025-11-09T23:47:14","guid":{"rendered":"https:\/\/www.europesays.com\/fr\/523771\/"},"modified":"2025-11-09T23:47:14","modified_gmt":"2025-11-09T23:47:14","slug":"quelles-perturbations-prevoir-pour-la-ratp-et-la-sncf-cette-semaine-52","status":"publish","type":"post","link":"https:\/\/www.europesays.com\/fr\/523771\/","title":{"rendered":"Quelles perturbations pr\u00e9voir pour la RATP et la SNCF cette semaine\u00a0?"},"content":{"rendered":"<p>Du 10 au 16\u00a0novembre, de nouveaux changements viendront chambouler les lignes de transport parisiennes et franciliennes. Voici tout ce que vous devez savoir afin d\u2019appr\u00e9hender au mieux vos d\u00e9placements dans la capitale et sa r\u00e9gion.<\/p>\n<p>Les perturbations SNCF et RATP du 10 au 16\u00a0novembre \u00e0 Paris et en \u00cele-de-FranceM\u00e9tro<\/p>\n<ul>\n<li>Ligne 9\u00a0: jusqu\u2019au 11\u00a0novembre, le trafic sera interrompu entre Michel-Ange \u2013 Molitor et Franklin D. Roosevelt (travaux). Des bus de substitution seront mis en place entre Michel-Ange \u2013 Molitor et Franklin-D. Roosevelt.<\/li>\n<li>Ligne 12\u00a0: du 10\u00a0novembre au 16\u00a0novembre, le trafic est interrompu entre Montparnasse Bienvenue et Mairie d\u2019Issy (travaux). Des bus de substitution seront mis en place.<\/li>\n<\/ul>\n<p>RER<\/p>\n<ul>\n<li>RER A\u00a0: jusqu\u2019au 19\u00a0d\u00e9cembre, du lundi au vendredi, \u00e0 partir de 21h50, le trafic sera interrompu entre Cergy \u2013 Le Haut et Maisons-Laffitte (travaux). Jusqu\u2019au 13\u00a0d\u00e9cembre, du mardi au samedi jusqu\u2019\u00e0 05h10, le trafic est interrompu de Cergy \u2013 Le Haut \u00e0 Maisons-Laffitte (travaux). Du 15 au 30\u00a0novembre, le week-end, les trains \u00e0 destination de <a href=\"https:\/\/www.20minutes.fr\/dossier\/poissy\" class=\"c-link c-link--is-underlined\" target=\"_blank\" rel=\"noopener\">Poissy<\/a> desservent \u00e9galement Cergy \u2013 Le Haut (allongement du temps de parcours entre Ach\u00e8res \u2013 Ville et Cergy \u2013 Le Haut, en raison de travaux).<\/li>\n<li><a href=\"https:\/\/www.20minutes.fr\/dossier\/rer_b\" class=\"c-link c-link--is-underlined\" target=\"_blank\" rel=\"noopener\">RER B<\/a>\u00a0: Jusqu\u2019au 23\u00a0novembre, le week-end \u00e0 partir de 23 heures, le trafic est interrompu entre <a href=\"https:\/\/www.20minutes.fr\/economie\/aulnay\/\" class=\"c-link c-link--is-underlined\" target=\"_blank\" rel=\"noopener\">Aulnay-sous-Bois<\/a> et A\u00e9roport Charles de Gaulle 2 \u2013 TGV (travaux) Du 12 au 14\u00a0novembre, du mercredi au vendredi \u00e0 partir de 22\u00a0: 45, le trafic est interrompu entre Ch\u00e2telet \u2013 Les Halles et A\u00e9roport Charles de Gaulle 2 \u2013 TGV \u2022 Mitry \u2013 Claye (travaux). Des bus de remplacement seront mis en place.<\/li>\n<li><a href=\"https:\/\/www.20minutes.fr\/dossier\/rer_c\" class=\"c-link c-link--is-underlined\" target=\"_blank\" rel=\"noopener\">RER C<\/a>\u00a0: du mercredi\u00a012 au vendredi 28\u00a0novembre (sauf samedi, dimanche), le trafic est interrompu de Javel vers Saint-Quentin en Yvelines d\u00e8s 23h30. Jusqu\u2019au 30\u00a0novembre, le dimanche, d\u00e8s 23h45, le trafic est interrompu entre Saint-Martin d\u2019\u00c9tampes et Gare d\u2019Austerlitz, et entre Dourdan la For\u00eat et Gare d\u2019Austerlitz. Des bus de substitution seront mis en place.<\/li>\n<li>La gare d\u2019Invalides ne sera pas desservie jusqu\u2019\u00e0 nouvel ordre (incendie dans un local technique). Jusqu\u2019au 11\u00a0janvier, l\u2019arr\u00eat ne sera pas desservi \u00e0 Issy vers Dourdan la For\u00eat, Saint-Martin d\u2019\u00c9tampes et Massy \u2013 Palaiseau (travaux). Le mardi 11\u00a0novembre, le trafic est interrompu entre Juvisy et Paris Austerlitz via Choisy le Roi d\u00e8s 23h30. Des bus de substitution seront mis en place (travaux). Le 11 novembre, d\u00e8s 23h45, le trafic est interrompu entre Gare d\u2019Austerlitz et Dourdan la For\u00eat, et entre Saint-Martin d\u2019\u00c9tampes et Gare d\u2019Austerlitz. Des bus de substitution seront mis en place. Il en va de m\u00eame entre Versailles Ch\u00e2teau RG et <a href=\"https:\/\/www.20minutes.fr\/dossier\/invalides\" class=\"c-link c-link--is-underlined\" target=\"_blank\" rel=\"noopener\">Invalides<\/a>. Du mercredi\u00a012 au vendredi 28\u00a0novembre (sauf samedi, dimanche), le trafic sera interrompu entre Paris Austerlitz et Juvisy via Choisy le Roi d\u00e8s 23 heures. Du 12\u00a0novembre au 28\u00a0novembre, du lundi au vendredi d\u00e8s 23h00, le trafic est interrompu entre Pont de Rungis A\u00e9roport d\u2019Orly et Gare d\u2019Austerlitz. Du 12\u00a0novembre au 28\u00a0novembre, du lundi au vendredi \u00e0 partir de 23h30, le trafic interrompu entre Saint-Martin d\u2019\u00c9tampes et Gare d\u2019Austerlitz, et entre Dourdan la For\u00eat et Gare d\u2019Austerlitz. Des bus de substitution seront mis en place.<\/li>\n<li>RER D\u00a0: du lundi 03 au samedi 28\u00a0novembre, sauf les jours f\u00e9ri\u00e9s, le trafic sera interrompu entre Combs-la-Ville \u2013 Quincy et Melun d\u00e8s 23h35. Jusqu\u2019au vendredi 28\u00a0novembre, le trafic sera interrompu entre Paris Gare du Nord et Creil d\u00e8s 23h35. M\u00eame chose entre Orry la Ville et Goussainville d\u00e8s 21 heures. Du 12\u00a0novembre au 14\u00a0d\u00e9cembre, du lundi au vendredi \u00e0 partir de 23h20, le trafic est interrompu entre Gare du Nord et Creil (travaux). Du samedi 15\u00a0novembre au dimanche 07 d\u00e9cembre, les samedis et dimanches, le trafic sera interrompu entre Combs-la-Ville \u2013 Quincy et Melun.<\/li>\n<li>RER E\u00a0: jusqu\u2019au vendredi 21\u00a0novembre, d\u00e8s 21h55, le trafic sera interrompu entre Nanterre-la-Folie et Villiers-sur-Marne et entre Nanterre-la-Folie et Tournan. Motif (travaux). A partir de 22h25, les samedi\u00a015 et dimanche 16\u00a0novembre, le trafic sera interrompu entre Nanterre-La-Folie et Villiers-sur-Marne\/Tournan (travaux).<\/li>\n<\/ul>\n<p>Transilien<\/p>\n<ul>\n<li>Ligne J\u00a0: du lundi 10\u00a0novembre au vendredi 12\u00a0d\u00e9cembre, sauf le mardi 11\u00a0novembre, les samedis et dimanches, les deux derniers trains au d\u00e9part de Paris Saint-Lazare et \u00e0 destination de Mantes la Jolie via Conflans Sainte-Honorine sont terminus en gare de Issou Porcheville. Le mardi 11\u00a0novembre, le dernier train au d\u00e9part de Paris Saint-Lazare vers Mantes la Jolie via Conflans Sainte-Honorine est terminus en gare de Issou Porcheville d\u00e8s 21h20.<\/li>\n<li>Ligne K\u00a0: en semaine de soir\u00e9e jusqu\u2019au samedi matin, du lundi 19\u00a0mai au samedi 20\u00a0d\u00e9cembre, le trafic sera interrompu entre <a href=\"https:\/\/www.20minutes.fr\/dossier\/gare_du_nord\" class=\"c-link c-link--is-underlined\" target=\"_blank\" rel=\"noopener\">Gare du Nord<\/a> et Cr\u00e9py-en-Valois.<\/li>\n<li>Ligne L\u00a0: du mercredi\u00a012 au vendredi 14\u00a0novembre, sauf les samedis et dimanches, le trafic sera interrompu entre Paris Saint-Lazare et La D\u00e9fense d\u00e8s 21h45. Le samedi\u00a015 et dimanche 16\u00a0novembre toute la journ\u00e9e, le trafic sera interrompu entre Paris Saint-Lazare et Maisons-Laffitte.<\/li>\n<li>Ligne N\u00a0: du lundi 03 au vendredi 28\u00a0novembre, sauf les jours f\u00e9ri\u00e9s. Le trafic sera interrompu de Paris Montparnasse vers Mantes-la-Jolie, en <a href=\"https:\/\/www.20minutes.fr\/dossier\/soiree\" class=\"c-link c-link--is-underlined\" target=\"_blank\" rel=\"noopener\">soir\u00e9e<\/a>.<\/li>\n<li>Ligne P\u00a0: en semaine d\u00e8s 22h00, du lundi 3\u00a0novembre au vendredi 19\u00a0d\u00e9cembre, le trafic sera interrompu entre Paris Est et Ch\u00e2teau-Thierry. En semaine d\u00e8s 21h45, du lundi\u00a03 au vendredi 21\u00a0novembre, le trafic sera interrompu entre Paris Est et Provins. En semaine \u00e0 partir de 21h30, du lundi 15\u00a0septembre au vendredi 14\u00a0novembre, le trafic sera interrompu entre Paris Est et Coulommiers. Samedi 15\u00a0novembre, le trafic sera interrompu entre Paris Est et Meaux et entre Paris Est et Ch\u00e2teau-Thierry. Samedi et dimanche, le trafic sera interrompu entre Meaux et La Fert\u00e9 \u2013 Milon. Dimanche 16\u00a0novembre, jusqu\u2019\u00e0 16 heures, le trafic sera interrompu entre Paris Est et <a href=\"https:\/\/www.20minutes.fr\/dossier\/meaux\" class=\"c-link c-link--is-underlined\" target=\"_blank\" rel=\"noopener\">Meaux<\/a> et entre Paris Est et Ch\u00e2teau-Thierry.<\/li>\n<li>Ligne R\u00a0: du 10\u00a0novembre au 14\u00a0novembre, d\u00e8s 23h05, le trafic est interrompu entre Paris Gare de Lyon et Montargis. Le samedi 15\u00a0novembre \u00e0 partir de 22h25, Trafic interrompu entre Paris et Melun. Des bus de substitution seront mis en place, les lundi, mercredi, jeudi, vendredi de 22h30 \u00e0 05h30, du lundi\u00a010 au vendredi 14\u00a0novembre, le trafic sera interrompu entre Montereau et Melun via H\u00e9ricy.<\/li>\n<\/ul>\n<p>Tramway<\/p>\n<ul>\n<li>T1\u00a0: Le trafic sera interrompu entre <a href=\"https:\/\/www.20minutes.fr\/dossier\/asnieres\" class=\"c-link c-link--is-underlined\" target=\"_blank\" rel=\"noopener\">Asni\u00e8res<\/a> \u2013 Quatre Routes et Gare de Saint-Denis et perturb\u00e9 sur le reste de la ligne (d\u00e9gradation par un tiers \u00e0 L\u2019\u00cele-Saint-Denis). Reprise des circulations pr\u00e9vue \u00e0 l\u2019\u00e9t\u00e9\u00a02026.<\/li>\n<li>T2\u00a0: Jusqu\u2019\u00e0 fin f\u00e9vrier\u00a02026, le trafic sera interrompu entre Porte de Versailles et Suzanne Lenglen (travaux).<\/li>\n<li>Pour rejoindre la Porte de Versailles, depuis Suzanne Lenglen, rejoindre \u00e0 pied la station Balard du T3a.<\/li>\n<li>T4\u00a0: Du lundi 10\u00a0novembre au vendredi 28\u00a0novembre, sauf les week-end, le trafic sra interrompu sur toute la ligne d\u00e8s 21h15. Des bus de substitution seront mis en place (travaux).<\/li>\n<li>T12\u00a0: le soir d\u00e8s 20h jusqu\u2019au lendemain \u00e0 11h. Du samedi\u00a015 au dimanche 16\u00a0novembre. Le trafic est interrompu sur l\u2019ensemble de la ligne (travaux). Des bus de substitution seront mis en place.<\/li>\n<\/ul>\n","protected":false},"excerpt":{"rendered":"Du 10 au 16\u00a0novembre, de nouveaux changements viendront chambouler les lignes de transport parisiennes et franciliennes. Voici tout&hellip;\n","protected":false},"author":2,"featured_media":523772,"comment_status":"","ping_status":"","sticky":false,"template":"","format":"standard","meta":{"footnotes":""},"categories":[1592],"tags":[1111,11,1936,1777,674,1011,27,14904,3314,662,1877,12,626,1306,25,1937,1945,1125,1938],"class_list":{"0":"post-523771","1":"post","2":"type-post","3":"status-publish","4":"format-standard","5":"has-post-thumbnail","7":"category-ile-de-france","8":"tag-actu","9":"tag-actualites","10":"tag-essonne","11":"tag-eu","12":"tag-europe","13":"tag-fr","14":"tag-france","15":"tag-gare-du-nord","16":"tag-hauts-de-seine","17":"tag-ile-de-france","18":"tag-la-defense","19":"tag-news","20":"tag-paris","21":"tag-regions","22":"tag-republique-francaise","23":"tag-seine-et-marne","24":"tag-seine-saint-denis","25":"tag-val-de-marne","26":"tag-yvelines"},"share_on_mastodon":{"url":"https:\/\/pubeurope.com\/@fr\/115522413852793751","error":""},"_links":{"self":[{"href":"https:\/\/www.europesays.com\/fr\/wp-json\/wp\/v2\/posts\/523771","targetHints":{"allow":["GET"]}}],"collection":[{"href":"https:\/\/www.europesays.com\/fr\/wp-json\/wp\/v2\/posts"}],"about":[{"href":"https:\/\/www.europesays.com\/fr\/wp-json\/wp\/v2\/types\/post"}],"author":[{"embeddable":true,"href":"https:\/\/www.europesays.com\/fr\/wp-json\/wp\/v2\/users\/2"}],"replies":[{"embeddable":true,"href":"https:\/\/www.europesays.com\/fr\/wp-json\/wp\/v2\/comments?post=523771"}],"version-history":[{"count":0,"href":"https:\/\/www.europesays.com\/fr\/wp-json\/wp\/v2\/posts\/523771\/revisions"}],"wp:featuredmedia":[{"embeddable":true,"href":"https:\/\/www.europesays.com\/fr\/wp-json\/wp\/v2\/media\/523772"}],"wp:attachment":[{"href":"https:\/\/www.europesays.com\/fr\/wp-json\/wp\/v2\/media?parent=523771"}],"wp:term":[{"taxonomy":"category","embeddable":true,"href":"https:\/\/www.europesays.com\/fr\/wp-json\/wp\/v2\/categories?post=523771"},{"taxonomy":"post_tag","embeddable":true,"href":"https:\/\/www.europesays.com\/fr\/wp-json\/wp\/v2\/tags?post=523771"}],"curies":[{"name":"wp","href":"https:\/\/api.w.org\/{rel}","templated":true}]}}