{"id":523774,"date":"2025-11-09T23:49:12","date_gmt":"2025-11-09T23:49:12","guid":{"rendered":"https:\/\/www.europesays.com\/fr\/523774\/"},"modified":"2025-11-09T23:49:12","modified_gmt":"2025-11-09T23:49:12","slug":"paris-et-ile-de-france-quelles-perturbations-prevoir-pour-la-ratp-et-la-sncf-cette-semaine","status":"publish","type":"post","link":"https:\/\/www.europesays.com\/fr\/523774\/","title":{"rendered":"Paris et \u00cele-de-France : Quelles perturbations pr\u00e9voir pour la RATP et la SNCF cette semaine ?"},"content":{"rendered":"<p class=\"mb-4 text-lg md:leading-8 break-words\"><strong>TRANSPORTS &#8211; De nouveaux changements sur les lignes parisiennes et franciliennes sont attendus cette semaine, du 10 au 16 novembre<\/strong><\/p>\n<p class=\"mb-4 text-lg md:leading-8 break-words\">Du 10 au 16 novembre, de nouveaux changements viendront chambouler les lignes de transport parisiennes et franciliennes. Voici tout ce que vous devez savoir afin d\u2019appr\u00e9hender au mieux vos d\u00e9placements dans la capitale et sa r\u00e9gion.<\/p>\n<p>Les perturbations SNCF et RATP du 10 au 16 novembre \u00e0 Paris et en \u00cele-de-FranceM\u00e9tro<\/p>\n<ul class=\"mb-4\">\n<li class=\"ml-4 list-disc\">\n<p class=\"mb-4 text-lg md:leading-8 break-words\">Ligne 9 : jusqu\u2019au 11 novembre, le trafic sera interrompu entre Michel-Ange \u2013 Molitor et Franklin D. Roosevelt (travaux). Des bus de substitution seront mis en place entre Michel-Ange \u2013 Molitor et Franklin-D. Roosevelt.<\/p>\n<\/li>\n<li class=\"ml-4 list-disc\">\n<p class=\"mb-4 text-lg md:leading-8 break-words\">Ligne 12 : du 10 novembre au 16 novembre, le trafic est interrompu entre Montparnasse Bienvenue et Mairie d\u2019Issy (travaux). Des bus de substitution seront mis en place.<\/p>\n<\/li>\n<\/ul>\n<p>RER<\/p>\n<ul class=\"mb-4\">\n<li class=\"ml-4 list-disc\">\n<p class=\"mb-4 text-lg md:leading-8 break-words\">RER A : jusqu\u2019au 19 d\u00e9cembre, du lundi au vendredi, \u00e0 partir de 21h50, le trafic sera interrompu entre Cergy \u2013 Le Haut et Maisons-Laffitte (travaux). Jusqu\u2019au 13 d\u00e9cembre, du mardi au samedi jusqu\u2019\u00e0 05h10, le trafic est interrompu de Cergy \u2013 Le Haut \u00e0 Maisons-Laffitte (travaux). Du 15 au 30 novembre, le week-end, les trains \u00e0 destination de <a href=\"https:\/\/www.20minutes.fr\/dossier\/poissy?at_medium=RSS%20feed&amp;at_campaign=ynews&amp;utm_source=yahoo&amp;utm_medium=rss&amp;utm_campaign=news_feed&amp;utm_content=in_article_link\" rel=\"nofollow noopener\" target=\"_blank\" data-ylk=\"slk:Poissy;elm:context_link;itc:0;sec:content-canvas\" class=\"link \">Poissy<\/a> desservent \u00e9galement Cergy \u2013 Le Haut (allongement du temps de parcours entre Ach\u00e8res \u2013 Ville et Cergy \u2013 Le Haut, en raison de travaux).<\/p>\n<\/li>\n<\/ul>\n<p>Publicit\u00e9<\/p>\n<p>Publicit\u00e9<\/p>\n<p>Publicit\u00e9<\/p>\n<p>Publicit\u00e9<\/p>\n<p class=\"mb-4 text-lg md:leading-8 break-words\">RER B : Jusqu\u2019au 23 novembre, le week-end \u00e0 partir de 23 heures, le trafic est interrompu entre Aulnay-sous-Bois et A\u00e9roport Charles de Gaulle 2 \u2013 TGV (travaux) Du 12 au 14 novembre, du mercredi au vendredi \u00e0 partir de 22 : 45, le trafic est interrompu entre Ch\u00e2telet \u2013 Les Halles et A\u00e9roport Charles d(&#8230;)<\/p>\n<p class=\"mb-4 text-lg md:leading-8 break-words\"><a href=\"https:\/\/www.20minutes.fr\/paris\/4184557-20251109-paris-ile-france-perturbations-prevoir-ratp-sncf-semaine?at_medium=RSS%20feed&amp;at_campaign=ynews&amp;utm_source=yahoo&amp;utm_medium=rss&amp;utm_campaign=news_feed&amp;utm_content=read_more_link&quot;\" rel=\"nofollow noopener\" target=\"_blank\" data-ylk=\"slk:Lire la suite sur 20minutes;elm:context_link;itc:0;sec:content-canvas\" class=\"link \">Lire la suite sur 20minutes<\/a><\/p>\n<p>\u00c0 lire aussi :<br \/><a href=\"https:\/\/www.20minutes.fr\/strasbourg\/4184452-20251108-alsace-pourquoi-trains-commandes-relier-france-allemagne-circulent-instant-france?at_medium=RSS%20feed&amp;at_campaign=ynews&amp;utm_source=yahoo&amp;utm_medium=rss&amp;utm_campaign=news_feed&amp;utm_content=related_content_link\" rel=\"nofollow noopener\" target=\"_blank\" data-ylk=\"slk:Alsace : Pourquoi les trains command\u00e9s pour relier la France et l\u2019Allemagne ne circulent pour l\u2019instant qu\u2019en France;elm:context_link;itc:0;sec:content-canvas\" class=\"link \">Alsace : Pourquoi les trains command\u00e9s pour relier la France et l\u2019Allemagne ne circulent pour l\u2019instant qu\u2019en France<\/a><br \/><a href=\"https:\/\/www.20minutes.fr\/societe\/4184169-20251107-nouvelle-aquitaine-interruption-totale-plusieurs-lignes-train-partir-samedi-raison-travaux?at_medium=RSS%20feed&amp;at_campaign=ynews&amp;utm_source=yahoo&amp;utm_medium=rss&amp;utm_campaign=news_feed&amp;utm_content=related_content_link\" rel=\"nofollow noopener\" target=\"_blank\" data-ylk=\"slk:Nouvelle-Aquitaine : Interruption totale de plusieurs lignes de train \u00e0 partir de samedi, en raison de travaux;elm:context_link;itc:0;sec:content-canvas\" class=\"link \">Nouvelle-Aquitaine : Interruption totale de plusieurs lignes de train \u00e0 partir de samedi, en raison de travaux<\/a><\/p>\n","protected":false},"excerpt":{"rendered":"TRANSPORTS &#8211; De nouveaux changements sur les lignes parisiennes et franciliennes sont attendus cette semaine, du 10 au&hellip;\n","protected":false},"author":2,"featured_media":523775,"comment_status":"","ping_status":"","sticky":false,"template":"","format":"standard","meta":{"footnotes":""},"categories":[1888],"tags":[1111,1928,11,1927,4191,1777,674,1011,27,64396,12,1926,626,1925,25],"class_list":{"0":"post-523774","1":"post","2":"type-post","3":"status-publish","4":"format-standard","5":"has-post-thumbnail","7":"category-paris","8":"tag-actu","9":"tag-actu-paris","10":"tag-actualites","11":"tag-actualites-paris","12":"tag-aeroport-charles-de-gaulle","13":"tag-eu","14":"tag-europe","15":"tag-fr","16":"tag-france","17":"tag-franklin-d-roosevelt","18":"tag-news","19":"tag-news-paris","20":"tag-paris","21":"tag-paris-news","22":"tag-republique-francaise"},"share_on_mastodon":{"url":"https:\/\/pubeurope.com\/@fr\/115522421698086319","error":""},"_links":{"self":[{"href":"https:\/\/www.europesays.com\/fr\/wp-json\/wp\/v2\/posts\/523774","targetHints":{"allow":["GET"]}}],"collection":[{"href":"https:\/\/www.europesays.com\/fr\/wp-json\/wp\/v2\/posts"}],"about":[{"href":"https:\/\/www.europesays.com\/fr\/wp-json\/wp\/v2\/types\/post"}],"author":[{"embeddable":true,"href":"https:\/\/www.europesays.com\/fr\/wp-json\/wp\/v2\/users\/2"}],"replies":[{"embeddable":true,"href":"https:\/\/www.europesays.com\/fr\/wp-json\/wp\/v2\/comments?post=523774"}],"version-history":[{"count":0,"href":"https:\/\/www.europesays.com\/fr\/wp-json\/wp\/v2\/posts\/523774\/revisions"}],"wp:featuredmedia":[{"embeddable":true,"href":"https:\/\/www.europesays.com\/fr\/wp-json\/wp\/v2\/media\/523775"}],"wp:attachment":[{"href":"https:\/\/www.europesays.com\/fr\/wp-json\/wp\/v2\/media?parent=523774"}],"wp:term":[{"taxonomy":"category","embeddable":true,"href":"https:\/\/www.europesays.com\/fr\/wp-json\/wp\/v2\/categories?post=523774"},{"taxonomy":"post_tag","embeddable":true,"href":"https:\/\/www.europesays.com\/fr\/wp-json\/wp\/v2\/tags?post=523774"}],"curies":[{"name":"wp","href":"https:\/\/api.w.org\/{rel}","templated":true}]}}