{"id":523786,"date":"2025-11-09T23:55:11","date_gmt":"2025-11-09T23:55:11","guid":{"rendered":"https:\/\/www.europesays.com\/fr\/523786\/"},"modified":"2025-11-09T23:55:11","modified_gmt":"2025-11-09T23:55:11","slug":"apres-58-000-km-et-28-ans-a-marcher-un-britannique-veut-boucler-son-tour-du-monde-en-marchant-dans-le-tunnel-sous-la-manche","status":"publish","type":"post","link":"https:\/\/www.europesays.com\/fr\/523786\/","title":{"rendered":"Apr\u00e8s 58\u00a0000\u00a0km et 28\u00a0ans \u00e0 marcher, un Britannique veut boucler son tour du monde en marchant dans le tunnel sous la Manche"},"content":{"rendered":"<p class=\"paragraph text_align_left lp-f-body-02\">Il a travers\u00e9 58\u00a0000\u00a0km pendant 28\u00a0ans, de l\u2019Am\u00e9rique du Sud \u00e0 la mer Caspienne. Apr\u00e8s tout ce p\u00e9riple, quasi <a href=\"https:\/\/www.leparisien.fr\/haute-garonne-31\/passer-deux-mois-dans-2-m2-ca-ne-va-pas-etre-simple-pere-et-fils-selancent-de-toulouse-pour-un-tour-du-monde-sous-forme-de-defi-08-11-2024-75KBFX26UVCBDAL5TYTDFUQTBM.php\" target=\"_blank\" rel=\"noreferrer nofollow noopener\">un tour du monde<\/a>, l\u2019ancien parachutiste Karl Bushby souhaite rentrer chez lui, \u00e0 Hull au Royaume-Uni. Mais, pour y arriver, il demande \u00e0 emprunter \u00e0 pied le tunnel sous la Manche, rapporte le m\u00e9dia anglais <a href=\"https:\/\/www.bbc.com\/news\/articles\/cq50yx9l1n4o\" target=\"_blank\" rel=\"noreferrer nofollow noopener\">BBC<\/a>.<\/p>\n<p class=\"paragraph text_align_left lp-f-body-02\">Si l\u2019acc\u00e8s lui est refus\u00e9, ce Britannique de 56\u00a0ans a d\u2019ores et d\u00e9j\u00e0 annonc\u00e9 qu\u2019il franchirait la Manche \u00e0 la nage, comme il l\u2019avait d\u00e9j\u00e0 fait pour la mer Caspienne. Car, conform\u00e9ment aux r\u00e8gles qu\u2019il s\u2019est lui-m\u00eame fix\u00e9es, Karl Bushy ne peut utiliser aucun moyen de transport motoris\u00e9 dans son aventure, y compris les ferrys.<\/p>\n<p class=\"paragraph text_align_left lp-f-body-02\">\u00ab\u00a0S\u2019il faut que je traverse \u00e0 la nage, je le ferai \u00e9videmment. Mais l\u2019eau sera plus froide que la mer Caspienne\u00a0\u00bb, alors \u00ab\u00a0ce serait vraiment p\u00e9nible si la r\u00e9ponse \u00e9tait non\u00a0\u00bb, a confi\u00e9 Karl Bushby \u00e0 la BCC. L\u2019ancien parachutiste se trouve actuellement \u00e0 Budapest, en Hongrie, alors qu\u2019il est parti du Chili en 1998.<\/p>\n<p>\u00ab\u00a0\u00c7a va \u00eatre difficile\u00a0\u00bb<\/p>\n<p class=\"paragraph text_align_left lp-f-body-02\">Obtenir l\u2019autorisation d\u2019utiliser un tunnel de service pour traverser la Manche s\u2019av\u00e8re difficile. Son \u00e9quipe de soutien a d\u00e9clar\u00e9 \u00e0 la BBC avoir tent\u00e9 \u00e0 plusieurs reprises de contacter les responsables du tunnel, sans r\u00e9ponse pour l\u2019instant.<\/p>\n<p class=\"lp-card-podcast-highlighting__title  lp-f-subtitle-05\">[4\/4] L\u2019assassinat du PDG de Renault\u00a0: la sanglante \u00e9pop\u00e9e du groupe Action directe<\/p>\n<p class=\"lp-card-podcast-highlighting__description lp-f-ui-05\">Crime story raconte chaque semaine les grandes affaires criminelles.<\/p>\n<p><a class=\"lp-card-podcast-highlighting__call-to-action\" data-page-type=\"HP\" data-block-name=\"podcast-highlight\">\u00c9couter<\/a><\/p>\n<p class=\"paragraph text_align_left lp-f-body-02\">Il a admis que l\u2019id\u00e9e d\u2019approcher de la fin de son aventure de 58\u00a0000\u00a0km \u00e9tait \u00ab\u00a0carr\u00e9ment effrayante\u00a0\u00bb. \u00ab\u00a0\u00c7a va \u00eatre difficile\u00a0\u00bb, a dit Karl Bushby. \u00ab\u00a0J\u2019ai parl\u00e9 avec plusieurs marcheurs au long cours, certains marchant depuis cinq ans ou plus, et ils m\u2019ont dit qu\u2019il est tr\u00e8s difficile de revenir \u00e0 la vie normale.\u00a0\u00bb<\/p>\n<p class=\"paragraph text_align_left lp-f-body-02\">\u00ab\u00a0La cl\u00e9 sera de me lancer dans une autre mission, d\u2019avoir un autre objectif\u00a0\u00bb, a-t-il ajout\u00e9, avant de se lancer aupr\u00e8s de la BCC\u00a0: \u00ab\u00a0Je m\u2019imagine bien dans une salle de classe, annon\u00e7ant aux enfants la bonne nouvelle\u00a0: 99,99\u00a0% du monde est bon. Le monde n\u2019est pas aussi effrayant qu\u2019on pourrait le croire.\u00a0\u00bb<\/p>\n<p class=\"paragraph text_align_left lp-f-body-02\">\u00ab\u00a0M\u00eame dans des endroits o\u00f9 on ne s\u2019y attend pas, j\u2019ai rencontr\u00e9 des gens aimables et g\u00e9n\u00e9reux. Au P\u00e9rou, j\u2019ai \u00e9t\u00e9 accueilli dans des maisons, litt\u00e9ralement construites en carton, pour partager un bol de riz\u00a0\u00bb, a continu\u00e9 Karl Bushby.<\/p>\n","protected":false},"excerpt":{"rendered":"Il a travers\u00e9 58\u00a0000\u00a0km pendant 28\u00a0ans, de l\u2019Am\u00e9rique du Sud \u00e0 la mer Caspienne. Apr\u00e8s tout ce p\u00e9riple,&hellip;\n","protected":false},"author":2,"featured_media":523787,"comment_status":"","ping_status":"","sticky":false,"template":"","format":"standard","meta":{"footnotes":""},"categories":[1588],"tags":[11,1777,674,118,12,473,1853,104,1851,1850,1852],"class_list":{"0":"post-523786","1":"post","2":"type-post","3":"status-publish","4":"format-standard","5":"has-post-thumbnail","7":"category-royaume-uni","8":"tag-actualites","9":"tag-eu","10":"tag-europe","11":"tag-faits-divers","12":"tag-news","13":"tag-royaume-uni","14":"tag-royaume-uni-de-grande-bretagne-et-dirlande-du-nord","15":"tag-societe","16":"tag-uk","17":"tag-united-kingdom","18":"tag-united-kingdom-of-great-britain-and-northern-ireland"},"share_on_mastodon":{"url":"https:\/\/pubeurope.com\/@fr\/115522445630094959","error":""},"_links":{"self":[{"href":"https:\/\/www.europesays.com\/fr\/wp-json\/wp\/v2\/posts\/523786","targetHints":{"allow":["GET"]}}],"collection":[{"href":"https:\/\/www.europesays.com\/fr\/wp-json\/wp\/v2\/posts"}],"about":[{"href":"https:\/\/www.europesays.com\/fr\/wp-json\/wp\/v2\/types\/post"}],"author":[{"embeddable":true,"href":"https:\/\/www.europesays.com\/fr\/wp-json\/wp\/v2\/users\/2"}],"replies":[{"embeddable":true,"href":"https:\/\/www.europesays.com\/fr\/wp-json\/wp\/v2\/comments?post=523786"}],"version-history":[{"count":0,"href":"https:\/\/www.europesays.com\/fr\/wp-json\/wp\/v2\/posts\/523786\/revisions"}],"wp:featuredmedia":[{"embeddable":true,"href":"https:\/\/www.europesays.com\/fr\/wp-json\/wp\/v2\/media\/523787"}],"wp:attachment":[{"href":"https:\/\/www.europesays.com\/fr\/wp-json\/wp\/v2\/media?parent=523786"}],"wp:term":[{"taxonomy":"category","embeddable":true,"href":"https:\/\/www.europesays.com\/fr\/wp-json\/wp\/v2\/categories?post=523786"},{"taxonomy":"post_tag","embeddable":true,"href":"https:\/\/www.europesays.com\/fr\/wp-json\/wp\/v2\/tags?post=523786"}],"curies":[{"name":"wp","href":"https:\/\/api.w.org\/{rel}","templated":true}]}}