{"id":523788,"date":"2025-11-09T23:56:11","date_gmt":"2025-11-09T23:56:11","guid":{"rendered":"https:\/\/www.europesays.com\/fr\/523788\/"},"modified":"2025-11-09T23:56:11","modified_gmt":"2025-11-09T23:56:11","slug":"allemagne-un-musicien-kurde-menace-dextradition-vers-la-turquie-%f0%9f%94%b4-info-libertaire","status":"publish","type":"post","link":"https:\/\/www.europesays.com\/fr\/523788\/","title":{"rendered":"ALLEMAGNE. Un musicien kurde menac\u00e9 d\u2019extradition vers la Turquie \u2013 \ud83d\udd34 Info Libertaire"},"content":{"rendered":"<p>ALLEMAGNE \u2013 \u00c0 Olpe (Rh\u00e9nanie-du-Nord-Westphalie), le musicien kurde \u015eerif O\u011fur a \u00e9t\u00e9 arr\u00eat\u00e9 par la police. Cette arrestation semble faire suite \u00e0 une demande d\u2019extradition formul\u00e9e par la Turquie. Sa famille met en garde contre le risque d\u2019emprisonnement en cas d\u2019extradition.<\/p>\n<p>L\u2019artiste kurde \u015eerif O\u011fur a \u00e9t\u00e9 arr\u00eat\u00e9 en Rh\u00e9nanie-du-Nord-Westphalie. Selon sa famille, il a \u00e9t\u00e9 interpell\u00e9 le 5 novembre lors d\u2019un rendez-vous pour le renouvellement de son permis de s\u00e9jour au bureau de l\u2019immigration d\u2019Olpe, puis remis \u00e0 la police.<\/p>\n<p>Cette affaire fait suite \u00e0 une demande d\u2019extradition d\u00e9pos\u00e9e par la Turquie. \u015eerif O\u011fur a fui la Turquie pour l\u2019Allemagne en 2019 pour des raisons politiques et r\u00e9side depuis \u00e0 Attendorn, dans la r\u00e9gion de Sauerland. Il est originaire de Kan\u00eere\u015f (Karl\u0131ova), chef-lieu de district dans la province de \u00c7ewl\u00eeg (Bing\u00f6l).<\/p>\n<p>O\u011fur est connu comme musicien et chanteur de langue kurde et \u00e9tait impliqu\u00e9 au sein du centre culturel kurde N\u00c7M. Son fr\u00e8re, Renas O\u011fur, \u00e9tait membre du mouvement de lib\u00e9ration kurde et est d\u00e9c\u00e9d\u00e9 en juin 2018.<\/p>\n<p>La famille craint que \u015eerif O\u011fur ne soit poursuivi et emprisonn\u00e9 pour des raisons politiques s\u2019il est extrad\u00e9 vers la Turquie. Selon des sources proches de lui, des poursuites judiciaires sont en cours pour emp\u00eacher cette extradition. Le contenu exact de la demande d\u2019extradition turque n\u2019est pas encore connu.<\/p>\n<p><strong>La Turquie r\u00e9clame r\u00e9guli\u00e8rement l\u2019extradition de membres de l\u2019opposition politique.<\/strong><\/p>\n<p>Ces derni\u00e8res ann\u00e9es, la Turquie a tent\u00e9 \u00e0 plusieurs reprises d\u2019arr\u00eater et d\u2019extrader des personnes politiquement ind\u00e9sirables en exil, en utilisant des mandats d\u2019arr\u00eat internationaux, notamment via Interpol. Les organisations de d\u00e9fense des droits humains d\u00e9noncent cette pratique comme un abus des instruments juridiques internationaux visant \u00e0 r\u00e9primer les figures de l\u2019opposition, les journalistes, les personnalit\u00e9s culturelles et les militants. (ANF)<\/p>\n<p><\/p>\n","protected":false},"excerpt":{"rendered":"ALLEMAGNE \u2013 \u00c0 Olpe (Rh\u00e9nanie-du-Nord-Westphalie), le musicien kurde \u015eerif O\u011fur a \u00e9t\u00e9 arr\u00eat\u00e9 par la police. Cette arrestation&hellip;\n","protected":false},"author":2,"featured_media":523789,"comment_status":"","ping_status":"","sticky":false,"template":"","format":"standard","meta":{"footnotes":""},"categories":[1587],"tags":[11,672,1804,1805,1803,1777,674,1801,12,1802],"class_list":{"0":"post-523788","1":"post","2":"type-post","3":"status-publish","4":"format-standard","5":"has-post-thumbnail","7":"category-allemagne","8":"tag-actualites","9":"tag-allemagne","10":"tag-bundesrepublik-deutschland","11":"tag-de","12":"tag-deutschland","13":"tag-eu","14":"tag-europe","15":"tag-germany","16":"tag-news","17":"tag-republique-federale-dallemagne"},"share_on_mastodon":{"url":"https:\/\/pubeurope.com\/@fr\/115522449391719895","error":""},"_links":{"self":[{"href":"https:\/\/www.europesays.com\/fr\/wp-json\/wp\/v2\/posts\/523788","targetHints":{"allow":["GET"]}}],"collection":[{"href":"https:\/\/www.europesays.com\/fr\/wp-json\/wp\/v2\/posts"}],"about":[{"href":"https:\/\/www.europesays.com\/fr\/wp-json\/wp\/v2\/types\/post"}],"author":[{"embeddable":true,"href":"https:\/\/www.europesays.com\/fr\/wp-json\/wp\/v2\/users\/2"}],"replies":[{"embeddable":true,"href":"https:\/\/www.europesays.com\/fr\/wp-json\/wp\/v2\/comments?post=523788"}],"version-history":[{"count":0,"href":"https:\/\/www.europesays.com\/fr\/wp-json\/wp\/v2\/posts\/523788\/revisions"}],"wp:featuredmedia":[{"embeddable":true,"href":"https:\/\/www.europesays.com\/fr\/wp-json\/wp\/v2\/media\/523789"}],"wp:attachment":[{"href":"https:\/\/www.europesays.com\/fr\/wp-json\/wp\/v2\/media?parent=523788"}],"wp:term":[{"taxonomy":"category","embeddable":true,"href":"https:\/\/www.europesays.com\/fr\/wp-json\/wp\/v2\/categories?post=523788"},{"taxonomy":"post_tag","embeddable":true,"href":"https:\/\/www.europesays.com\/fr\/wp-json\/wp\/v2\/tags?post=523788"}],"curies":[{"name":"wp","href":"https:\/\/api.w.org\/{rel}","templated":true}]}}