{"id":523790,"date":"2025-11-09T23:57:20","date_gmt":"2025-11-09T23:57:20","guid":{"rendered":"https:\/\/www.europesays.com\/fr\/523790\/"},"modified":"2025-11-09T23:57:20","modified_gmt":"2025-11-09T23:57:20","slug":"philippe-bas-est-devenu-papa-pour-la-premiere-fois-a-52-ans","status":"publish","type":"post","link":"https:\/\/www.europesays.com\/fr\/523790\/","title":{"rendered":"Philippe Bas est devenu papa pour la premi\u00e8re fois \u00e0 52 ans"},"content":{"rendered":"<p>\u00c0 52 ans, Philippe Bas est devenu papa pour la premi\u00e8re fois, comme il l&rsquo;annonce sur Instagram ce dimanche 9 novembre. C&rsquo;est donc une nouvelle vie qui commence pour l&rsquo;acteur fran\u00e7ais.<\/p>\n<p>Cette ann\u00e9e 2025 est charg\u00e9e pour Philippe Bas. En effet, plus d&rsquo;un an apr\u00e8s avoir d\u00e9barqu\u00e9 sur M6 pour pr\u00e9senter Destination X, l&rsquo;animateur et acteur est retourn\u00e9 sur les plateaux de tournage pour jouer dans Capitaine Marleau,<a href=\"https:\/\/www.programme-tv.net\/news\/series-tv\/384972-il-a-fallu-que-je-sois-present-pour-ma-famille-philippe-bas-capitaine-marleau-explique-son-absence-du-petit-ecran-pendant-plus-d-un-an\/\" data-api-deeplink=\"teleloisirs:\/\/news\/384972\" target=\"_blank\" rel=\"noopener\"> apr\u00e8s une longue absence.<\/a> Puis, sur le plan professionnel, <a href=\"https:\/\/www.programme-tv.net\/news\/people\/312872-quand-tu-es-avec-quelquun-de-connu-philippe-bas-evoque-sa-vie-privee-et-son-ancienne-relation-amoureuse-avec-lorie\/\" data-api-deeplink=\"teleloisirs:\/\/news\/312872\" target=\"_blank\" rel=\"noopener\">l&rsquo;ex-compagnon de Lorie<\/a> a v\u00e9cu de nombreux changements. Il y a un an, il faisait la rencontre de Valentina, une femme pour qui il a totalement craqu\u00e9. Si bien que quelques mois plus tard, au cours de l&rsquo;\u00e9t\u00e9,<a href=\"https:\/\/www.programme-tv.net\/news\/series-tv\/385041-on-a-decide-de-se-marier-et-on-la-fait-philippe-bas-se-confie-pour-la-premiere-fois-sur-son-mariage-avec-valentina\/\" data-api-deeplink=\"teleloisirs:\/\/news\/385041\" target=\"_blank\" rel=\"noopener\"> ils se sont mari\u00e9s<\/a>. Dans un entretien qu&rsquo;il nous a accord\u00e9, il d\u00e9clarait : \u00ab\u00a0Il y avait toujours en moi ce d\u00e9sir d&rsquo;engagement. Mais il fallait trouver la bonne personne. J&rsquo;ai cru l&rsquo;avoir connue autrefois. Avec Valentina, cela a \u00e9t\u00e9 l\u2019\u00e9vidence d\u00e8s notre rencontre\u00a0\u00bb.<\/p>\n<p>                        Philippe Bas annonce la naissance de son premier enfant : \u00ab\u00a0Mieux que la coupe d&rsquo;Europe\u00a0\u00bb<\/p>\n<p>Ce dimanche 8 novembre, Philippe Bas a annonc\u00e9 une heureuse nouvelle. \u00c0 52 ans, <a href=\"https:\/\/www.programme-tv.net\/news\/series-tv\/275983-profilage-la-fin-etait-la-sous-nos-yeux-selon-philippe-bas-le-final-de-la-saison-10-predisait-la-fin-de-la-serie\/\" data-api-deeplink=\"teleloisirs:\/\/news\/275983\" target=\"_blank\" rel=\"noopener\">l&rsquo;ex-star de la s\u00e9rie polici\u00e8re Profilage<\/a> est devenue papa pour la premi\u00e8re fois. C&rsquo;est en partageant une photo du nouveau-n\u00e9 \u00e0 la maternit\u00e9 qu&rsquo;il a communiqu\u00e9 l&rsquo;information. \u00ab\u00a0Mieux que la coupe d&rsquo;Europe\u00a0\u00bb, \u00e9crit-il en l\u00e9gende avant d&rsquo;ajouter, \u00ab\u00a0Bienvenue \u00e0 notre fille\u00a0\u00bb. Une publication qui a \u00e9t\u00e9 largement comment\u00e9e par ses amis connus. <a href=\"https:\/\/www.programme-tv.net\/biographie\/356507-galiana-agustin\/\" data-link-people=\"ddbbbcbe-d462-41ef-9ccf-0eacb495ebd3\" target=\"_blank\" rel=\"noopener\">Agustin Galiana<\/a> a d\u00e9clar\u00e9 : \u00ab\u00a0F\u00e9licitations\u00a0\u00bb. <a href=\"https:\/\/www.programme-tv.net\/biographie\/45685-feraud-cyril\/\" data-link-people=\"5cbe6e69-4a36-4c57-9bdd-97c11c41550f\" target=\"_blank\" rel=\"noopener\">Cyril F\u00e9raud<\/a> a \u00e9crit : \u00ab\u00a0F\u00e9licitations Philippe. Tout le bonheur du monde pour vous trois !\u00a0\u00bb. \u00ab\u00a0Wow f\u00e9licitations \u00e0 vous 2 !! Quelle belle nouvelle ! Bonheur \u00e0 vous\u00a0\u00bb, a ajout\u00e9 <a href=\"https:\/\/www.programme-tv.net\/biographie\/14958-fugain-marie\/\" data-link-people=\"80a96be9-4e63-4478-9515-da26e2f08d27\" target=\"_blank\" rel=\"noopener\">Marie Fugain<\/a>. De son c\u00f4t\u00e9, <a href=\"https:\/\/www.programme-tv.net\/news\/people\/391681-cest-difficile-shym-culpabilise-d-etre-moins-souvent-avec-son-fils-de-4-ans\/\" data-api-deeplink=\"teleloisirs:\/\/news\/391681\" target=\"_blank\" rel=\"noopener\">Shy&rsquo;m<\/a> a publi\u00e9 une vingtaine de c\u0153urs rouges pour exprimer sa joie.<\/p>\n<p>            Philippe Bas veut rester discret sur sa vie priv\u00e9e<\/p>\n<p>Si Philippe Bas a accept\u00e9 de partager une photo de sa fille \u2013 m\u00eame s&rsquo;il floute son visage \u2013, il ne souhaite pas faire la m\u00eame chose avec sa femme. \u00ab\u00a0Je comprends la logique de s\u2019afficher sur les r\u00e9seaux mais ce n\u2019est pas la mienne. Je ne montre pas ma vie priv\u00e9e\u00a0\u00bb, a-t-il expliqu\u00e9, \u00ab\u00a0Elle n\u2019est peut-\u00eatre pas assez int\u00e9ressante pour faire des publications\u00a0\u00bb. La naissance de sa fille est donc une exception !<\/p>\n","protected":false},"excerpt":{"rendered":"\u00c0 52 ans, Philippe Bas est devenu papa pour la premi\u00e8re fois, comme il l&rsquo;annonce sur Instagram ce&hellip;\n","protected":false},"author":2,"featured_media":523791,"comment_status":"","ping_status":"","sticky":false,"template":"","format":"standard","meta":{"footnotes":""},"categories":[1586],"tags":[11,47341,244,3934,1777,674,1011,27,198,12,32826,25,12660,12663,12661],"class_list":{"0":"post-523790","1":"post","2":"type-post","3":"status-publish","4":"format-standard","5":"has-post-thumbnail","7":"category-europe","8":"tag-actualites","9":"tag-carnet-rose","10":"tag-commentaire","11":"tag-coulisses","12":"tag-eu","13":"tag-europe","14":"tag-fr","15":"tag-france","16":"tag-naissance","17":"tag-news","18":"tag-philippe-bas","19":"tag-republique-francaise","20":"tag-syndication","21":"tag-tl","22":"tag-tm"},"share_on_mastodon":{"url":"https:\/\/pubeurope.com\/@fr\/115522453245297597","error":""},"_links":{"self":[{"href":"https:\/\/www.europesays.com\/fr\/wp-json\/wp\/v2\/posts\/523790","targetHints":{"allow":["GET"]}}],"collection":[{"href":"https:\/\/www.europesays.com\/fr\/wp-json\/wp\/v2\/posts"}],"about":[{"href":"https:\/\/www.europesays.com\/fr\/wp-json\/wp\/v2\/types\/post"}],"author":[{"embeddable":true,"href":"https:\/\/www.europesays.com\/fr\/wp-json\/wp\/v2\/users\/2"}],"replies":[{"embeddable":true,"href":"https:\/\/www.europesays.com\/fr\/wp-json\/wp\/v2\/comments?post=523790"}],"version-history":[{"count":0,"href":"https:\/\/www.europesays.com\/fr\/wp-json\/wp\/v2\/posts\/523790\/revisions"}],"wp:featuredmedia":[{"embeddable":true,"href":"https:\/\/www.europesays.com\/fr\/wp-json\/wp\/v2\/media\/523791"}],"wp:attachment":[{"href":"https:\/\/www.europesays.com\/fr\/wp-json\/wp\/v2\/media?parent=523790"}],"wp:term":[{"taxonomy":"category","embeddable":true,"href":"https:\/\/www.europesays.com\/fr\/wp-json\/wp\/v2\/categories?post=523790"},{"taxonomy":"post_tag","embeddable":true,"href":"https:\/\/www.europesays.com\/fr\/wp-json\/wp\/v2\/tags?post=523790"}],"curies":[{"name":"wp","href":"https:\/\/api.w.org\/{rel}","templated":true}]}}