{"id":523808,"date":"2025-11-10T00:12:17","date_gmt":"2025-11-10T00:12:17","guid":{"rendered":"https:\/\/www.europesays.com\/fr\/523808\/"},"modified":"2025-11-10T00:12:17","modified_gmt":"2025-11-10T00:12:17","slug":"dijon-a-la-decouverte-du-sculpteur-cote-dorien-jean-dampt","status":"publish","type":"post","link":"https:\/\/www.europesays.com\/fr\/523808\/","title":{"rendered":"Dijon. \u00c0 la d\u00e9couverte du sculpteur c\u00f4te-d\u2019orien Jean Dampt"},"content":{"rendered":"<p>C\u2019est une sublime Diane regrette la mort d\u2019Act\u00e9on qui nous accueille au pied de l\u2019escalier qui va nous conduire au 3e\u00a0 \u00e9tage, espace d\u00e9sormais consacr\u00e9 aux expositions temporaires du mus\u00e9e des Beaux-Arts.<\/p>\n<p>Cette imposante statue a souffert comme l\u2019explique Na\u00efs Lefran\u00e7ois, conservatrice des mus\u00e9es de Dijon et responsable des collections du XIXe\u00a0 si\u00e8cle. \u00ab\u00a0C\u2019est une rescap\u00e9e car elle a \u00e9t\u00e9 retrouv\u00e9e bris\u00e9e. Elle a \u00e9t\u00e9 conserv\u00e9e pendant plus de 50 ans, couch\u00e9e dans les r\u00e9serves du mus\u00e9e.\u00a0\u00bb Pour la restaurer et la consolider, il a ainsi fallu lui mettre des tiges de m\u00e9tal dans les mollets. Dat\u00e9e de 1887, cette sculpture en marbre blanc, pr\u00e9sent\u00e9e au Salon de la Soci\u00e9t\u00e9 des artistes fran\u00e7ais va lancer la carri\u00e8re de l\u2019artiste.<\/p>\n<p>Finesse et douceur<\/p>\n<p>Avec cette statue comme dans les autres \u0153uvres que nous allons d\u00e9couvrir par la suite, nous avons \u00e9t\u00e9 s\u00e9duits par l\u2019extr\u00eame finesse et pr\u00e9cision du travail de Jean Dampt. Une finesse qui conf\u00e8re \u00e0 ses sculptures beaucoup de douceur. Ainsi qu\u2019une&#8230;<\/p>\n","protected":false},"excerpt":{"rendered":"C\u2019est une sublime Diane regrette la mort d\u2019Act\u00e9on qui nous accueille au pied de l\u2019escalier qui va nous&hellip;\n","protected":false},"author":2,"featured_media":523809,"comment_status":"","ping_status":"","sticky":false,"template":"","format":"standard","meta":{"footnotes":""},"categories":[1358],"tags":[1348,1384,1385,1687,1386,2930,8587,58,8588,59,2271,107,1011,27],"class_list":{"0":"post-523808","1":"post","2":"type-post","3":"status-publish","4":"format-standard","5":"has-post-thumbnail","7":"category-arts-et-design","8":"tag-arts","9":"tag-arts-and-design","10":"tag-arts-et-design","11":"tag-culture-loisirs","12":"tag-design","13":"tag-dijon","14":"tag-dijon-ville","15":"tag-divertissement","16":"tag-edition-dijon-et-son-agglomeration","17":"tag-entertainment","18":"tag-exposition-arts-plastiques","19":"tag-fil-info","20":"tag-fr","21":"tag-france"},"share_on_mastodon":{"url":"https:\/\/pubeurope.com\/@fr\/115522512037108148","error":""},"_links":{"self":[{"href":"https:\/\/www.europesays.com\/fr\/wp-json\/wp\/v2\/posts\/523808","targetHints":{"allow":["GET"]}}],"collection":[{"href":"https:\/\/www.europesays.com\/fr\/wp-json\/wp\/v2\/posts"}],"about":[{"href":"https:\/\/www.europesays.com\/fr\/wp-json\/wp\/v2\/types\/post"}],"author":[{"embeddable":true,"href":"https:\/\/www.europesays.com\/fr\/wp-json\/wp\/v2\/users\/2"}],"replies":[{"embeddable":true,"href":"https:\/\/www.europesays.com\/fr\/wp-json\/wp\/v2\/comments?post=523808"}],"version-history":[{"count":0,"href":"https:\/\/www.europesays.com\/fr\/wp-json\/wp\/v2\/posts\/523808\/revisions"}],"wp:featuredmedia":[{"embeddable":true,"href":"https:\/\/www.europesays.com\/fr\/wp-json\/wp\/v2\/media\/523809"}],"wp:attachment":[{"href":"https:\/\/www.europesays.com\/fr\/wp-json\/wp\/v2\/media?parent=523808"}],"wp:term":[{"taxonomy":"category","embeddable":true,"href":"https:\/\/www.europesays.com\/fr\/wp-json\/wp\/v2\/categories?post=523808"},{"taxonomy":"post_tag","embeddable":true,"href":"https:\/\/www.europesays.com\/fr\/wp-json\/wp\/v2\/tags?post=523808"}],"curies":[{"name":"wp","href":"https:\/\/api.w.org\/{rel}","templated":true}]}}