{"id":523810,"date":"2025-11-10T00:14:24","date_gmt":"2025-11-10T00:14:24","guid":{"rendered":"https:\/\/www.europesays.com\/fr\/523810\/"},"modified":"2025-11-10T00:14:24","modified_gmt":"2025-11-10T00:14:24","slug":"kim-kardashian-joue-une-avocate-dans-alls-fair-mais-na-pas-reussi-le-barreau-dans-la-vraie-vie","status":"publish","type":"post","link":"https:\/\/www.europesays.com\/fr\/523810\/","title":{"rendered":"Kim Kardashian joue une avocate dans \u00ab\u00a0All\u2019s Fair\u00a0\u00bb mais n\u2019a pas r\u00e9ussi le barreau dans la vraie vie"},"content":{"rendered":"<p>        <img decoding=\"async\" loading=\"lazy\" src=\"https:\/\/www.europesays.com\/fr\/wp-content\/uploads\/2025\/11\/98d9382_upload-1-n4vypbia3mtu-design-sans-titre.png\"  width=\"728\" height=\"410\" alt=\"Kim Kardashian dans le r\u00f4le de l\u2019avocate Allura Grant, dans la s\u00e9rie \u00ab\u00a0All\u2019s Fair\u00a0\u00bb.\"\/>  <\/p>\n<p>Disney<\/p>\n<p>Kim Kardashian dans le r\u00f4le de l\u2019avocate Allura Grant, dans la s\u00e9rie \u00ab\u00a0All\u2019s Fair\u00a0\u00bb.<\/p>\n<p class=\"asset asset-text\">PEOPLE &#8211; \u00c0 l\u2019\u00e9cran, elle joue une avocate sp\u00e9cialis\u00e9e dans les divorces, dans la nouvelle s\u00e9rie <a href=\"https:\/\/www.huffingtonpost.fr\/culture\/article\/dans-all-s-fair-sur-disney-kim-kardashian-tient-un-role-qui-fait-beaucoup-echo-a-sa-vraie-vie_256697.html\" rel=\"nofollow noopener\" target=\"_blank\">All\u2019s Fair<\/a> de <a href=\"https:\/\/www.huffingtonpost.fr\/culture\/article\/pour-le-realisateur-de-all-s-fair-sur-disney-la-serie-finira-forcement-par-trouver-son-public_256862.html\" rel=\"nofollow noopener\" target=\"_blank\">Ryan Murphy<\/a> sur Disney+. Mais dans la vraie vie, il n\u2019y a que sa propre cause que Kim Kardashian peut plaider. La star de t\u00e9l\u00e9r\u00e9alit\u00e9 de 45\u00a0ans a pass\u00e9 l\u2019examen du barreau de Californie en\u00a0juillet dernier, apr\u00e8s avoir d\u00e9marr\u00e9 des \u00e9tudes de droit en 2018.<\/p>\n<p class=\"asset asset-text\">Elle vient de recevoir les r\u00e9sultats, dont d\u00e9pend sa carri\u00e8re. \u00ab\u00a0Bon\u2026 Je ne suis pas encore avocate, j\u2019en joue juste une tr\u00e8s bien habill\u00e9e \u00e0 la t\u00e9l\u00e9vision\u00a0\u00bb, a-t-elle annonc\u00e9 en story Instagram samedi 8\u00a0novembre, non sans autod\u00e9rision. <a href=\"https:\/\/www.huffingtonpost.fr\/people\/article\/kim-kardashian-croit-a-la-plus-celebre-des-theories-du-complot-et-c-est-un-probleme_256585.html\" rel=\"nofollow noopener\" target=\"_blank\">Kim K<\/a> n\u2019a donc pas \u00e9t\u00e9 re\u00e7ue au barreau de Californie, consid\u00e9r\u00e9 comme l\u2019un des plus difficiles des \u00c9tats-Unis.<\/p>\n<p class=\"asset asset-text\">Pour autant, la c\u00e9l\u00e9brit\u00e9 et femme d\u2019affaires n\u2019a pas l\u2019intention de renoncer\u00a0\u00e0 son projet de reconversion\u00a0: \u00ab\u00a0Cela fait six ans que je me suis lanc\u00e9 dans cette aventure dans le droit, et je suis toujours aussi d\u00e9termin\u00e9 \u00e0 r\u00e9ussir l\u2019examen du barreau. Pas de raccourcis, pas d\u2019abandon, juste encore plus de r\u00e9visions et de d\u00e9termination\u00a0\u00bb, a-t-elle \u00e9crit.<\/p>\n<p class=\"asset asset-text\"><a href=\"https:\/\/www.huffingtonpost.fr\/people\/article\/kim-kardashian-est-arrivee-au-gala-de-l-academy-museum-a-los-angeles-presque-aveuglee-par-son-look_256154.html\" rel=\"nofollow noopener\" target=\"_blank\">Kim Kardashian<\/a> a tenu \u00e0 remercier ceux qui l\u2019ont soutenue et encourag\u00e9e. Elle a pr\u00e9cis\u00e9 avoir \u00e9t\u00e9 \u00ab\u00a0si pr\u00e8s de r\u00e9ussir l\u2019examen\u00a0\u00bb et voit ce r\u00e9sultat comme une motivation suppl\u00e9mentaire. \u00ab\u00a0Un \u00e9chec n\u2019est pas une d\u00e9faite, c\u2019est un moteur. C\u2019est parti\u00a0!\u00a0\u00bb, a-t-elle conclu.<\/p>\n<p>                          <img decoding=\"async\" loading=\"lazy\" src=\"https:\/\/www.europesays.com\/fr\/wp-content\/uploads\/2025\/11\/b18d1a0_upload-1-h76tqlj67hfr-capture-da-ei-cran-2025-11-09-ai-16-27-34.png\"  width=\"728\" height=\"1295\" alt=\"Kim Kardashian a partag\u00e9 ses r\u00e9sultats de l\u2019examen du barreau de Californie en story sur Instagram le 8\u00a0novembre.\"\/>  <\/p>\n<p>Capture d\u2019\u2019\u00e9cran Instagram @kimkardashian<\/p>\n<p>Kim Kardashian a partag\u00e9 ses r\u00e9sultats de l\u2019examen du barreau de Californie en story sur Instagram le 8\u00a0novembre.<\/p>\n<p class=\"asset asset-text\">En faisant la promotion de la s\u00e9rie All\u2019s Fair le 24\u00a0octobre dernier, celle qui joue une avocate a confirm\u00e9 son projet d\u2019en faire son m\u00e9tier\u00a0: \u00ab\u00a0J\u2019esp\u00e8re exercer le droit. Peut-\u00eatre que dans dix ans, j\u2019abandonnerai mon statut de Kim K pour devenir avocate plaidante. C\u2019est ce que je veux vraiment\u00a0\u00bb, a-t-elle d\u00e9clar\u00e9 sur le plateau du Graham Norton Show.<\/p>\n<p>    Kim Kardashian future avocate\u00a0?    <\/p>\n<p class=\"asset asset-text\">Sa passion pour le droit vient en partie de son p\u00e8re, d\u00e9c\u00e9d\u00e9 en 2003. Robert Kardashian \u00e9tait l\u2019ami et l\u2019avocat de la star du football am\u00e9ricain <a href=\"https:\/\/www.huffingtonpost.fr\/people\/article\/mort-d-o-j-simpson-sans-son-proces-les-kardashian-n-auraient-peut-etre-pas-ete-aussi-celebres_232528.html\" rel=\"nofollow noopener\" target=\"_blank\">O. J. Simpson<\/a>\u00a0lors du proc\u00e8s pour le meurtre de sa femme Nicole Brown Simpson ainsi que l\u2019ami de sa compagne Ron Goldman. Kim Kardashian a voulu suivre ses traces apr\u00e8s avoir convaincu Donald Trump en 2018 de gracier Alice Marie Johnson, une d\u00e9tenue condamn\u00e9e \u00e0 la prison \u00e0 vie et emprisonn\u00e9e depuis 22\u00a0ans.<\/p>\n<p class=\"asset asset-text\">Devenue mondialement c\u00e9l\u00e8bre suite \u00e0 une sextape puis l\u2019\u00e9mission de t\u00e9l\u00e9r\u00e9alit\u00e9 La famille Kardashian, la cadette du clan n\u2019a jamais valid\u00e9 de dipl\u00f4me universitaire. Plut\u00f4t que de passer par une \u00e9cole de droit classique, faute d\u2019avoir compl\u00e9t\u00e9 ses \u00e9tudes secondaires, elle a d\u00e9marr\u00e9 un programme d\u2019apprentissage en 2018\u00a0dans un cabinet d\u2019avocat, lui permettant d\u2019obtenir une \u00e9quivalence.<\/p>\n<p class=\"asset asset-text\"><a href=\"https:\/\/www.huffingtonpost.fr\/people\/article\/kim-kardashian-reussit-le-bebe-barreau-de-californie-apres-trois-echecs_190212.html\" rel=\"nofollow noopener\" target=\"_blank\">Kim Kardashian<\/a> a termin\u00e9 le programme en six ans, avec deux ans de retard li\u00e9s au Covid et \u00e0 ses autres projets. En plus de filmer de nouvelles saisons de La famille Kardashian, d\u2019\u00e9lever ses enfants et de lancer sa marque Skims, elle a tout de m\u00eame consacr\u00e9 \u00ab\u00a018\u00a0heures par semaine, 48 semaines par an, pendant six ann\u00e9es cons\u00e9cutives\u00a0\u00bb, d\u2019apr\u00e8s son mentor, l\u2019avocate Jessica Jackson.<\/p>\n<p class=\"asset asset-text\">En mai dernier, la star avait annonc\u00e9 avoir <a href=\"https:\/\/www.huffingtonpost.fr\/people\/article\/kim-kardashian-est-desormais-tout-pres-de-devenir-avocate_250387.html\" rel=\"nofollow noopener\" target=\"_blank\">r\u00e9ussi l\u2019examen final<\/a> lui permettant de passer l\u2019examen du barreau de Californie. Elle va d\u00e9sormais devoir repasser ce dernier, si elle veut un jour devenir avocate. L\u2019examen a lieu deux fois par an, en juillet et en f\u00e9vrier. Kim Kardashian n\u2019a pas pr\u00e9cis\u00e9 \u00e0 quelle date elle allait se r\u00e9inscrire. D\u2019ici l\u00e0, elle fait sembler d\u2019exercer \u00e0 l\u2019\u00e9cran.<\/p>\n","protected":false},"excerpt":{"rendered":"Disney Kim Kardashian dans le r\u00f4le de l\u2019avocate Allura Grant, dans la s\u00e9rie \u00ab\u00a0All\u2019s Fair\u00a0\u00bb. PEOPLE &#8211; \u00c0&hellip;\n","protected":false},"author":2,"featured_media":523811,"comment_status":"","ping_status":"","sticky":false,"template":"","format":"standard","meta":{"footnotes":""},"categories":[1356],"tags":[251,58,59,1011,27,8932,595,252,1364],"class_list":{"0":"post-523810","1":"post","2":"type-post","3":"status-publish","4":"format-standard","5":"has-post-thumbnail","7":"category-television","8":"tag-culture","9":"tag-divertissement","10":"tag-entertainment","11":"tag-fr","12":"tag-france","13":"tag-kim-kardashian","14":"tag-serie-tv","15":"tag-television","16":"tag-tv"},"share_on_mastodon":{"url":"https:\/\/pubeurope.com\/@fr\/115522520927903159","error":""},"_links":{"self":[{"href":"https:\/\/www.europesays.com\/fr\/wp-json\/wp\/v2\/posts\/523810","targetHints":{"allow":["GET"]}}],"collection":[{"href":"https:\/\/www.europesays.com\/fr\/wp-json\/wp\/v2\/posts"}],"about":[{"href":"https:\/\/www.europesays.com\/fr\/wp-json\/wp\/v2\/types\/post"}],"author":[{"embeddable":true,"href":"https:\/\/www.europesays.com\/fr\/wp-json\/wp\/v2\/users\/2"}],"replies":[{"embeddable":true,"href":"https:\/\/www.europesays.com\/fr\/wp-json\/wp\/v2\/comments?post=523810"}],"version-history":[{"count":0,"href":"https:\/\/www.europesays.com\/fr\/wp-json\/wp\/v2\/posts\/523810\/revisions"}],"wp:featuredmedia":[{"embeddable":true,"href":"https:\/\/www.europesays.com\/fr\/wp-json\/wp\/v2\/media\/523811"}],"wp:attachment":[{"href":"https:\/\/www.europesays.com\/fr\/wp-json\/wp\/v2\/media?parent=523810"}],"wp:term":[{"taxonomy":"category","embeddable":true,"href":"https:\/\/www.europesays.com\/fr\/wp-json\/wp\/v2\/categories?post=523810"},{"taxonomy":"post_tag","embeddable":true,"href":"https:\/\/www.europesays.com\/fr\/wp-json\/wp\/v2\/tags?post=523810"}],"curies":[{"name":"wp","href":"https:\/\/api.w.org\/{rel}","templated":true}]}}