{"id":523814,"date":"2025-11-10T00:16:26","date_gmt":"2025-11-10T00:16:26","guid":{"rendered":"https:\/\/www.europesays.com\/fr\/523814\/"},"modified":"2025-11-10T00:16:26","modified_gmt":"2025-11-10T00:16:26","slug":"un-celebre-acteur-de-la-saga-harry-potter-en-dedicace-a-dieppe-en-2026","status":"publish","type":"post","link":"https:\/\/www.europesays.com\/fr\/523814\/","title":{"rendered":"Un c\u00e9l\u00e8bre acteur de la saga Harry Potter en d\u00e9dicace \u00e0 Dieppe en 2026"},"content":{"rendered":"<p>            Par<br \/>\n        <strong><br \/>\n            <a href=\"https:\/\/actu.fr\/auteur\/maxime-cartier1\" title=\"Consulter tous les articles de Maxime Cartier\" rel=\"nofollow noopener\" target=\"_blank\">Maxime Cartier<\/a><br \/>\n        <\/strong><\/p>\n<p>        Publi\u00e9 le<\/p>\n<p>            9 nov. 2025 \u00e0 17h07        <\/p>\n<p>Bonne nouvelle pour les fans de <b>Harry Potter<\/b>. Un acteur de la <b>c\u00e9l\u00e8bre saga<\/b> va venir \u00e0 <a href=\"https:\/\/actu.fr\/normandie\/dieppe_76217\" rel=\"nofollow noopener\" target=\"_blank\">Dieppe (Seine-Maritime)<\/a> dans quelques mois. Ce n\u2019est pas le premier sorcier qui vient dans la cit\u00e9 d\u2019Ango. Une nouvelle fois, c\u2019est la <b>boutique Et encore une baguette<\/b> qui est \u00e0 l\u2019initiative de cet \u00e9v\u00e9nement. Le magasin sp\u00e9cialis\u00e9 dans la vente de produits des univers Harry Potter et du Seigneur des anneaux a d\u00e9j\u00e0 convi\u00e9 plusieurs <b>acteurs<\/b> par le pass\u00e9\u2009: Louis Cordice qui incarne Blaise Zabini\u2009; Devon Murray (Seamus Finnigan)\u2009; Brontis Jodorowsky (Nicolas Flamel, dans Les animaux fantastiques) et Adrian Rowlins (James Potter).<\/p>\n<p>Le p\u00e8re de la famille Weasley en d\u00e9dicaces<\/p>\n<p class=\" wall-content\">Cette fois-ci, c\u2019est un personnage bien connu des fans qui sera au rendez-vous\u2009: <b>Mark Williams<\/b>. Pour ceux qui ne voient pas de qui il s\u2019agit, il incarne Arthur Weasley, le p\u00e8re des c\u00e9l\u00e8bres sorciers aux cheveux roux.<\/p>\n<p>    <a href=\"https:\/\/www.facebook.com\/plugins\/post.php?href=https%3A%2F%2Fwww.facebook.com%2Fetencoreunebaguette%2Fposts%2Fpfbid0Uym2msiuctVzpv76vwZEYRFjejMr6DhztunKz5co1NwYUkQnu4CsHCRBVevhCaWfl&amp;show_text=true&amp;width=350\" title=\"Ouvrie le lien\" rel=\"nofollow noopener\" target=\"_blank\">Cliquez ici pour visualiser le contenu<\/a><\/p>\n<p class=\" wall-content\">Celui qui travaille au <b>Minist\u00e8re de la magie<\/b> sera en d\u00e9dicace le samedi 28\u00a0mars 2026.<\/p>\n<p class=\" wall-content\">Comme les pr\u00e9c\u00e9dentes fois, les d\u00e9dicaces auront lieu sur plusieurs plages horaires d\u2019une heure, entre 10\u2009h et 13\u2009h et entre 14\u2009h et 18\u2009h. Cela vous co\u00fbtera 50\u00a0\u20ac pour un autographe et un selfie.<\/p>\n<p class=\" wall-content\">Vous pouvez r\u00e9server en ligne ou directement en boutique. La billetterie ouvrira le mardi 11\u00a0novembre \u00e0 14\u2009h.<\/p>\n<p class=\" wall-content\">Personnalisez votre actualit\u00e9 en ajoutant vos villes et m\u00e9dias en favori avec <a href=\"https:\/\/moncompte.actu.fr\" title=\"D\u00e9couvez Mon Actu\" rel=\"nofollow noopener\" data-trk=\"{&quot;cta&quot;:{&quot;action&quot;:&quot;https:\\\/\\\/moncompte.actu.fr&quot;,&quot;category&quot;:&quot;mon compte&quot;,&quot;from&quot;:&quot;article footer&quot;,&quot;name&quot;:&quot;Mon actu&quot;,&quot;type&quot;:&quot;cta&quot;}}\" target=\"_blank\">Mon Actu<\/a>.<\/p>\n","protected":false},"excerpt":{"rendered":"Par Maxime Cartier Publi\u00e9 le 9 nov. 2025 \u00e0 17h07 Bonne nouvelle pour les fans de Harry Potter.&hellip;\n","protected":false},"author":2,"featured_media":523815,"comment_status":"","ping_status":"","sticky":false,"template":"","format":"standard","meta":{"footnotes":""},"categories":[1354],"tags":[1063,650,215,58,59,1346,1011,27,1360,104],"class_list":{"0":"post-523814","1":"post","2":"type-post","3":"status-publish","4":"format-standard","5":"has-post-thumbnail","7":"category-films","8":"tag-animations","9":"tag-cinema","10":"tag-commerce","11":"tag-divertissement","12":"tag-entertainment","13":"tag-films","14":"tag-fr","15":"tag-france","16":"tag-movies","17":"tag-societe"},"share_on_mastodon":{"url":"https:\/\/pubeurope.com\/@fr\/115522527988860892","error":""},"_links":{"self":[{"href":"https:\/\/www.europesays.com\/fr\/wp-json\/wp\/v2\/posts\/523814","targetHints":{"allow":["GET"]}}],"collection":[{"href":"https:\/\/www.europesays.com\/fr\/wp-json\/wp\/v2\/posts"}],"about":[{"href":"https:\/\/www.europesays.com\/fr\/wp-json\/wp\/v2\/types\/post"}],"author":[{"embeddable":true,"href":"https:\/\/www.europesays.com\/fr\/wp-json\/wp\/v2\/users\/2"}],"replies":[{"embeddable":true,"href":"https:\/\/www.europesays.com\/fr\/wp-json\/wp\/v2\/comments?post=523814"}],"version-history":[{"count":0,"href":"https:\/\/www.europesays.com\/fr\/wp-json\/wp\/v2\/posts\/523814\/revisions"}],"wp:featuredmedia":[{"embeddable":true,"href":"https:\/\/www.europesays.com\/fr\/wp-json\/wp\/v2\/media\/523815"}],"wp:attachment":[{"href":"https:\/\/www.europesays.com\/fr\/wp-json\/wp\/v2\/media?parent=523814"}],"wp:term":[{"taxonomy":"category","embeddable":true,"href":"https:\/\/www.europesays.com\/fr\/wp-json\/wp\/v2\/categories?post=523814"},{"taxonomy":"post_tag","embeddable":true,"href":"https:\/\/www.europesays.com\/fr\/wp-json\/wp\/v2\/tags?post=523814"}],"curies":[{"name":"wp","href":"https:\/\/api.w.org\/{rel}","templated":true}]}}