{"id":523816,"date":"2025-11-10T00:17:13","date_gmt":"2025-11-10T00:17:13","guid":{"rendered":"https:\/\/www.europesays.com\/fr\/523816\/"},"modified":"2025-11-10T00:17:13","modified_gmt":"2025-11-10T00:17:13","slug":"ce-marqueur-biologique-pourrait-etre-la-cle-de-la-prevention","status":"publish","type":"post","link":"https:\/\/www.europesays.com\/fr\/523816\/","title":{"rendered":"ce marqueur biologique pourrait \u00eatre la cl\u00e9 de la pr\u00e9vention"},"content":{"rendered":"<p>Une \u00e9tude publi\u00e9e dans le Journal of Neurology Neurosurgery &amp; Psychiatry sugg\u00e8re qu&rsquo;un faible taux de cholest\u00e9rol LDL, souvent appel\u00e9 \u00ab <a href=\"https:\/\/www.futura-sciences.com\/sante\/questions-reponses\/medecine-difference-bon-mauvais-cholesterol-6837\/\" title=\"Quelle est la diff\u00e9rence entre le bon et le mauvais cholest\u00e9rol ?\" target=\"_blank\" rel=\"noopener\">mauvais cholest\u00e9rol<\/a> \u00bb, pourrait \u00eatre associ\u00e9 \u00e0 un risque r\u00e9duit de d\u00e9mence, y compris la maladie d&rsquo;Alzheimer.<\/p>\n<p>Plusieurs travaux ont d\u00e9j\u00e0 associ\u00e9\u00a0l&rsquo;exc\u00e8s de cholest\u00e9rol dans le sang\u00a0\u00e0 un risque accru de d\u00e9velopper des <a href=\"https:\/\/www.futura-sciences.com\/sante\/definitions\/medecine-pathologie-2800\/\" target=\"_blank\" rel=\"noopener\">pathologies<\/a> neurod\u00e9g\u00e9n\u00e9ratives. Des chercheurs sud-cor\u00e9ens ont cherch\u00e9 \u00e0 savoir si le risque de d\u00e9velopper une <a href=\"https:\/\/www.futura-sciences.com\/sante\/actualites\/demence-demence-precoce-scientifiques-identifient-nouveau-coupable-insoupconne-119693\/\" title=\"D\u00e9mence pr\u00e9coce : les scientifiques identifient un nouveau coupable insoup\u00e7onn\u00e9\" target=\"_blank\" rel=\"noopener\">d\u00e9mence<\/a>\u00a0recule \u00e0 mesure que les taux de mauvais cholest\u00e9rol diminuent.<\/p>\n<p>Pour ce faire, ils ont analys\u00e9 les donn\u00e9es de plus de 570\u00a0000 patients suivis dans 11 h\u00f4pitaux universitaires. En comparant des groupes de patients avec des taux de LDL-C diff\u00e9rents, ils ont constat\u00e9 que les personnes ayant un taux inf\u00e9rieur \u00e0 1,8\u00a0millimole\u00a0par litre de sang (mmol\/L), soit 70\u00a0mg\/dl, pr\u00e9sentaient un risque de d\u00e9mence r\u00e9duit de 26\u00a0% et un risque de\u00a0maladie d&rsquo;Alzheimer\u00a0r\u00e9duit de 28\u00a0%, par rapport \u00e0 celles ayant un taux sup\u00e9rieur \u00e0 3,4\u00a0mmol\/L (130\u00a0mg\/dl).<\/p>\n<p>Rappelons qu&rsquo;en l&rsquo;absence de <a href=\"https:\/\/www.futura-sciences.com\/sante\/actualites\/demence-14-facteurs-risques-connaitre-eviter-demence-115047\/\" title=\"Les 14 facteurs de risques \u00e0 conna\u00eetre pour \u00e9viter la d\u00e9mence\" target=\"_blank\" rel=\"noopener\">facteur de risque<\/a>, un taux de mauvais cholest\u00e9rol est consid\u00e9r\u00e9 comme normal lorsqu&rsquo;il est inf\u00e9rieur \u00e0 160 mg\/dl.<\/p>\n<p class=\"fs-media\">\n<p><img decoding=\"async\" data-imgid=\"full\" src=\"https:\/\/www.europesays.com\/fr\/wp-content\/uploads\/2025\/11\/cholesterol-sang.jpg\" width=\"1080\" height=\"810\" alt=\"\" loading=\"lazy\"\/><br \/>\n\u00a0Les\u00a0statines renforcent la protection . \u00a9\u00a0Saiful52, Shutterstock<\/p>\n<p>Le \u00ab mauvais \u00bb cholest\u00e9rol,\u00a0\u00a0pas si mauvais pour le cerveau ?<\/p>\n<p>L&rsquo;\u00e9tude, dont les r\u00e9sultats viennent d&rsquo;\u00eatre publi\u00e9s dans\u00a0<a href=\"https:\/\/jnnp.bmj.com\/content\/early\/2025\/03\/21\/jnnp-2024-334708\" title=\"Taux de cholest\u00e9rol des lipoprot\u00e9ines de basse densit\u00e9 et risque de d\u00e9mence incidente : une analyse de r\u00e9seau distribu\u00e9 utilisant des mod\u00e8les de donn\u00e9es courants\" target=\"_blank\" rel=\"noopener\">The Journal of neurology, neurosurgery and psychiatry<\/a>, a \u00e9galement r\u00e9v\u00e9l\u00e9 que cet effet protecteur diminuait progressivement avec des taux de LDL-C tr\u00e8s bas et disparaissait compl\u00e8tement en dessous de 0,8 mmol\/L (30 mg\/dL). Autrement dit, abaisser le LDL-C \u00e0 des niveaux extr\u00eamement bas n&rsquo;apporterait pas de b\u00e9n\u00e9fice suppl\u00e9mentaire en termes de <a href=\"https:\/\/www.futura-sciences.com\/planete\/definitions\/developpement-durable-prevention-6509\/\" target=\"_blank\" rel=\"noopener\">pr\u00e9vention<\/a> de la <a href=\"https:\/\/www.futura-sciences.com\/sante\/actualites\/demence-regime-mediterraneen-reduirait-risque-demence-104108\/\" title=\"Le r\u00e9gime m\u00e9diterran\u00e9en r\u00e9duirait le risque de d\u00e9mence\" target=\"_blank\" rel=\"noopener\">d\u00e9mence<\/a>.<\/p>\n<p>Les statines, un coup de pouce contre la d\u00e9mence<\/p>\n<p>L&rsquo;\u00e9tude a aussi montr\u00e9 que les <a href=\"https:\/\/www.futura-sciences.com\/sante\/definitions\/medecine-statine-9092\/\" target=\"_blank\" rel=\"noopener\">statines<\/a> &#8211;\u00a0des <a href=\"https:\/\/www.futura-sciences.com\/sante\/actualites\/vie-ces-medicaments-courants-augmentent-risque-demence-50-8248\/\" title=\"Ces m\u00e9dicaments courants augmentent le risque de d\u00e9mence de 50 %\" target=\"_blank\" rel=\"noopener\">m\u00e9dicaments<\/a> utilis\u00e9s pour faire baisser la cholest\u00e9rol\u00e9mie &#8211; renfor\u00e7aient la protection offerte par un faible taux de LDL-C. Chez les patients ayant un taux inf\u00e9rieur \u00e0 1,8\u00a0mmol\/L, la prise de statines \u00e9tait associ\u00e9e \u00e0 une r\u00e9duction suppl\u00e9mentaire du risque de d\u00e9mence de 13\u00a0% et de maladie d&rsquo;Alzheimer de 12\u00a0%.<\/p>\n<p>\u00ab\u00a0Ces r\u00e9sultats soulignent le r\u00f4le crucial de la gestion du LDL cholest\u00e9rol dans la r\u00e9duction du risque de d\u00e9mence\u00a0\u00bb, soulignent les auteurs. Lesquels admettent n\u00e9anmoins qu&rsquo;il s&rsquo;agit l\u00e0 d&rsquo;une \u00e9tude observationnelle et n&rsquo;\u00e9tablit pas de lien de cause \u00e0 effet.<\/p>\n","protected":false},"excerpt":{"rendered":"Une \u00e9tude publi\u00e9e dans le Journal of Neurology Neurosurgery &amp; Psychiatry sugg\u00e8re qu&rsquo;un faible taux de cholest\u00e9rol LDL,&hellip;\n","protected":false},"author":2,"featured_media":523817,"comment_status":"","ping_status":"","sticky":false,"template":"","format":"standard","meta":{"footnotes":""},"categories":[10],"tags":[12963,12970,281,1011,27,72,12962,12969,12965,12966,7233,71,12964,12599,12967,12968],"class_list":{"0":"post-523816","1":"post","2":"type-post","3":"status-publish","4":"format-standard","5":"has-post-thumbnail","7":"category-sante","8":"tag-cholesterol","9":"tag-cholesterolemie","10":"tag-demence","11":"tag-fr","12":"tag-france","13":"tag-health","14":"tag-ldl-cholesterol","15":"tag-lipides","16":"tag-lipoproteines","17":"tag-maladies-neurodegeneratives","18":"tag-sang","19":"tag-sante","20":"tag-statine","21":"tag-taux-de-cholesterol","22":"tag-troubles-cognitifs","23":"tag-troubles-neurocognitifs"},"share_on_mastodon":{"url":"https:\/\/pubeurope.com\/@fr\/115522532280358074","error":""},"_links":{"self":[{"href":"https:\/\/www.europesays.com\/fr\/wp-json\/wp\/v2\/posts\/523816","targetHints":{"allow":["GET"]}}],"collection":[{"href":"https:\/\/www.europesays.com\/fr\/wp-json\/wp\/v2\/posts"}],"about":[{"href":"https:\/\/www.europesays.com\/fr\/wp-json\/wp\/v2\/types\/post"}],"author":[{"embeddable":true,"href":"https:\/\/www.europesays.com\/fr\/wp-json\/wp\/v2\/users\/2"}],"replies":[{"embeddable":true,"href":"https:\/\/www.europesays.com\/fr\/wp-json\/wp\/v2\/comments?post=523816"}],"version-history":[{"count":0,"href":"https:\/\/www.europesays.com\/fr\/wp-json\/wp\/v2\/posts\/523816\/revisions"}],"wp:featuredmedia":[{"embeddable":true,"href":"https:\/\/www.europesays.com\/fr\/wp-json\/wp\/v2\/media\/523817"}],"wp:attachment":[{"href":"https:\/\/www.europesays.com\/fr\/wp-json\/wp\/v2\/media?parent=523816"}],"wp:term":[{"taxonomy":"category","embeddable":true,"href":"https:\/\/www.europesays.com\/fr\/wp-json\/wp\/v2\/categories?post=523816"},{"taxonomy":"post_tag","embeddable":true,"href":"https:\/\/www.europesays.com\/fr\/wp-json\/wp\/v2\/tags?post=523816"}],"curies":[{"name":"wp","href":"https:\/\/api.w.org\/{rel}","templated":true}]}}