{"id":523820,"date":"2025-11-10T00:19:12","date_gmt":"2025-11-10T00:19:12","guid":{"rendered":"https:\/\/www.europesays.com\/fr\/523820\/"},"modified":"2025-11-10T00:19:12","modified_gmt":"2025-11-10T00:19:12","slug":"idris-elba-qui-est-sa-femme-sabrina","status":"publish","type":"post","link":"https:\/\/www.europesays.com\/fr\/523820\/","title":{"rendered":"Idris Elba : qui est sa femme Sabrina ?"},"content":{"rendered":"<p>Sorti au cin\u00e9ma en 2022. Le film baptis\u00e9 <a href=\"https:\/\/www.telestar.fr\/programme-tv\/fiche\/162060670\/beast\" target=\"_blank\" rel=\"noopener\">Beast<\/a>,<br \/>\n<strong>r\u00e9alis\u00e9 par Baltasar Korm\u00e1kur<\/strong>, sera diffus\u00e9 sur<br \/>\nl&rsquo;antenne de TF1 le dimanche 9 octobre 2025. \u00c0 partir de 21h05.<br \/>\nPort\u00e9 par <a href=\"https:\/\/www.closermag.fr\/people\/des-habitudes-malsaines-idris-elba-revele-suivre-une-therapie-depuis-un-an-3275788\" target=\"_blank\" rel=\"noopener\"><br \/>\nIdris Elba<\/a>, Sharlto Copley, Leah Jeffries, Iyana Halley, Martin<br \/>\nMunro et Tafara Nyatsanza. Ce long-m\u00e9trage, met en sc\u00e8ne le<br \/>\npersonnage du docteur Nate Samuels. Incarn\u00e9 \u00e0 l&rsquo;\u00e9cran par Idris<br \/>\nElba. Qui voyage avec ses deux filles adolescentes en\u00a0Afrique<br \/>\ndu Sud.<\/p>\n<p>C&rsquo;est dans ce pays qu&rsquo;il avait autrefois rencontr\u00e9 sa femme,<br \/>\nd\u00e9c\u00e9d\u00e9e il y a peu de temps. Nate, Meredith et Norah se rendent<br \/>\ndans une r\u00e9serve naturelle g\u00e9r\u00e9e par Martin Battles. <strong>La<br \/>\nfamille Samuels va alors \u00eatre la cible d&rsquo;un lion<\/strong>. Cet<br \/>\nanimal, attaqu\u00e9 par des\u00a0braconniers, qui a vu toute sa troupe<br \/>\ntu\u00e9e par ces derniers consid\u00e8re alors tous les humains comme une<br \/>\nmenace. Il va prendre en chasse Nate et les siens.<\/p>\n<p>Idris Elba : son \u00e9pouse Sabrina est apparue \u00e0 ses c\u00f4t\u00e9s dans un<br \/>\nfilm<\/p>\n<p>C\u00f4t\u00e9 vie priv\u00e9e, Idris Elba a \u00e9pous\u00e9 Sabrina Dhowre en 2019. En<br \/>\n2014, elle s&rsquo;\u00e9tait r\u00e9v\u00e9l\u00e9e au grand public en remportant le titre<br \/>\nde Miss Vancouver, au <a href=\"https:\/\/www.closermag.fr\/royautes\/charles-iii-au-canada-donald-trump-en-ligne-de-mire-il-faut-lire-entre-les-lignes-ses-menaces-voilees-3550606\" target=\"_blank\" rel=\"noopener\"><br \/>\nCanada<\/a>. Elle a \u00e9galement pr\u00e9sent\u00e9 l&rsquo;\u00e9mission Good Morning<br \/>\nBritain, sur la cha\u00eene ITV en 2019. En parall\u00e8le, la femme du<br \/>\ncom\u00e9dien d\u00e9fend l&rsquo;\u00e9galit\u00e9 hommes-femmes. Et \u0153uvre <strong>aussi en<br \/>\nfaveur de la protection de l&rsquo;environnement.<\/strong><\/p>\n<p>En 2022, Sabrina Dhowre avait mis un premier pied dans le monde<br \/>\ndu 7e art. Cette ann\u00e9e-l\u00e0, elle \u00e9tait apparue au casting du film<br \/>\nintitul\u00e9 Trois mille ans \u00e0 t&rsquo;attendre. Dans lequel elle<br \/>\navait justement eu l&rsquo;occasion de donner la r\u00e9plique \u00e0 Idris Elba.<br \/>\n<strong>Suivie par pr\u00e8s de 600\u2009000 abonn\u00e9s sur les r\u00e9seaux<br \/>\nsociaux<\/strong>. Elle partage r\u00e9guli\u00e8rement des diff\u00e9rents<br \/>\nexp\u00e9riences avec les internautes.<\/p>\n<p>La fille a\u00een\u00e9e de l&rsquo;acteur a tent\u00e9 de<br \/>\njouer avec lui dans le film Beast, sans succ\u00e8s<\/p>\n<p>Avant son mariage avec <a href=\"https:\/\/www.closermag.fr\/people\/photos-idris-elba-et-sabrina-dhowre-se-sont-maries-lors-d-une-ceremonie-privee-a-962107\" target=\"_blank\" rel=\"noopener\"><br \/>\nSabrina Dhowre<\/a>. Idris Elba avait \u00e9pous\u00e9 en premi\u00e8res noces<br \/>\nl&rsquo;actrice lib\u00e9rienne Dormowa Sherman. Avec qui il avait donn\u00e9<br \/>\nnaissance \u00e0 une fille pr\u00e9nomm\u00e9e Isan. Par la suite, il s&rsquo;\u00e9tait<br \/>\nmari\u00e9 avec la maquilleuse professionnelle Henne (Kim) Norgaard.<br \/>\nAvant de fr\u00e9quenter une autre maquilleuse professionnelle, Naiyana<br \/>\nGarth, <strong>qui deviendra la m\u00e8re de son deuxi\u00e8me enfant,<br \/>\nbaptis\u00e9 Winston.<\/strong><\/p>\n<p>Pour l&rsquo;anecdote, la fille d&rsquo;Idris Elba\u00a0a auditionn\u00e9 pour<br \/>\njouer l&rsquo;une des deux filles du Dr. Nate Daniels dans<br \/>\nBeast. Mais sans succ\u00e8s. La raison ? <strong>Un manque<br \/>\nd&rsquo;alchimie avec son p\u00e8re.<\/strong> L&rsquo;acteur a m\u00eame r\u00e9v\u00e9l\u00e9 que,<br \/>\nsuite \u00e0 cet \u00ab\u00a0\u00e9chec\u00a0\u00bb. Elle ne lui a plus parl\u00e9 pendant<br \/>\ntrois semaines ! \u00c0 20 ans, Isan Elba ambitionne de devenir actrice.<br \/>\nElle a, pour le moment, jou\u00e9 dans le court m\u00e9trage horrifique<br \/>\nCrimson Ties\u00a0r\u00e9alis\u00e9 par\u00a0Francesca Scorsese. Qui n&rsquo;est<br \/>\nautre que la fille de <a href=\"https:\/\/www.closermag.fr\/people\/martin-scorsese-la-drole-de-blague-de-sa-fille-francesca-pour-noel-1064771\" target=\"_blank\" rel=\"noopener\"><br \/>\nMartin Scorsese<\/a>.<\/p>\n","protected":false},"excerpt":{"rendered":"Sorti au cin\u00e9ma en 2022. Le film baptis\u00e9 Beast, r\u00e9alis\u00e9 par Baltasar Korm\u00e1kur, sera diffus\u00e9 sur l&rsquo;antenne de&hellip;\n","protected":false},"author":2,"featured_media":523821,"comment_status":"","ping_status":"","sticky":false,"template":"","format":"standard","meta":{"footnotes":""},"categories":[8],"tags":[1193,58,59,1011,27],"class_list":{"0":"post-523820","1":"post","2":"type-post","3":"status-publish","4":"format-standard","5":"has-post-thumbnail","7":"category-divertissement","8":"tag-couple","9":"tag-divertissement","10":"tag-entertainment","11":"tag-fr","12":"tag-france"},"share_on_mastodon":{"url":"https:\/\/pubeurope.com\/@fr\/115522539628812837","error":""},"_links":{"self":[{"href":"https:\/\/www.europesays.com\/fr\/wp-json\/wp\/v2\/posts\/523820","targetHints":{"allow":["GET"]}}],"collection":[{"href":"https:\/\/www.europesays.com\/fr\/wp-json\/wp\/v2\/posts"}],"about":[{"href":"https:\/\/www.europesays.com\/fr\/wp-json\/wp\/v2\/types\/post"}],"author":[{"embeddable":true,"href":"https:\/\/www.europesays.com\/fr\/wp-json\/wp\/v2\/users\/2"}],"replies":[{"embeddable":true,"href":"https:\/\/www.europesays.com\/fr\/wp-json\/wp\/v2\/comments?post=523820"}],"version-history":[{"count":0,"href":"https:\/\/www.europesays.com\/fr\/wp-json\/wp\/v2\/posts\/523820\/revisions"}],"wp:featuredmedia":[{"embeddable":true,"href":"https:\/\/www.europesays.com\/fr\/wp-json\/wp\/v2\/media\/523821"}],"wp:attachment":[{"href":"https:\/\/www.europesays.com\/fr\/wp-json\/wp\/v2\/media?parent=523820"}],"wp:term":[{"taxonomy":"category","embeddable":true,"href":"https:\/\/www.europesays.com\/fr\/wp-json\/wp\/v2\/categories?post=523820"},{"taxonomy":"post_tag","embeddable":true,"href":"https:\/\/www.europesays.com\/fr\/wp-json\/wp\/v2\/tags?post=523820"}],"curies":[{"name":"wp","href":"https:\/\/api.w.org\/{rel}","templated":true}]}}