{"id":523824,"date":"2025-11-10T00:21:13","date_gmt":"2025-11-10T00:21:13","guid":{"rendered":"https:\/\/www.europesays.com\/fr\/523824\/"},"modified":"2025-11-10T00:21:13","modified_gmt":"2025-11-10T00:21:13","slug":"paralysie-budgetaire-aux-etats-unis-des-milliers-de-vols-annules-lueur-despoir-dun-deblocage-au-senat-09-11-2025-a-2327","status":"publish","type":"post","link":"https:\/\/www.europesays.com\/fr\/523824\/","title":{"rendered":"Paralysie budg\u00e9taire aux Etats-Unis: des milliers de vols annul\u00e9s, lueur d&rsquo;espoir d&rsquo;un d\u00e9blocage au S\u00e9nat &#8211; 09\/11\/2025 \u00e0 23:27"},"content":{"rendered":"<p>        <img decoding=\"async\" src=\"https:\/\/www.europesays.com\/fr\/wp-content\/uploads\/2025\/11\/41ed33300037b09b56cc2bbf5e9f47f8-760x507.jpg\" alt=\"L'a\u00e9roport de Chicago O'Hare le 7 novembre 2025 ( AFP \/ KAMIL KRZACZYNSKI )\" loading=\"eager\" fetchpriority=\"high\" width=\"760\" height=\"507\" style=\"max-width: 100%!important; height: auto;\"\/><\/p>\n<p class=\"c-image-news__legend\">L&rsquo;a\u00e9roport de Chicago O&rsquo;Hare le 7 novembre 2025 ( AFP \/ KAMIL KRZACZYNSKI )<\/p>\n<p>\n Les perturbations du trafic a\u00e9rien am\u00e9ricain se sont aggrav\u00e9es avec plus de 2.000 vols annul\u00e9s dimanche, cons\u00e9quence directe d&rsquo;une paralysie budg\u00e9taire qui pourrait \u00eatre bient\u00f4t en voie de r\u00e9solution apr\u00e8s 40 jours de blocage.\n<\/p>\n<p>\n Pour la premi\u00e8re fois depuis des semaines, l&rsquo;activit\u00e9 du S\u00e9nat semble indiquer une perc\u00e9e dans les n\u00e9gociations entre r\u00e9publicains et d\u00e9mocrates pour trouver une issue \u00e0 ce qui est d\u00e9j\u00e0 le plus long \u00ab\u00a0shutdown\u00a0\u00bb de l&rsquo;histoire du pays.\n<\/p>\n<p>\n Cette perspective de r\u00e9solution intervient alors que la pagaille dans les a\u00e9roports est devenue le principal point d&rsquo;attention de la bataille politique sur le budget, chaque parti cherchant \u00e0 rejeter sur l&rsquo;autre la responsabilit\u00e9 des gal\u00e8res v\u00e9cues par les voyageurs \u00e0 travers le pays.\n<\/p>\n<p>\n Plus de 2.200 vols ont \u00e9t\u00e9 annul\u00e9s dimanche aux Etats-Unis, un chiffre bien plus important que samedi, selon le site sp\u00e9cialis\u00e9 Flightaware. Les trajets internationaux sont pour l&rsquo;essentiel \u00e9pargn\u00e9s.\n<\/p>\n<p>\n Depuis vendredi, le r\u00e9gulateur am\u00e9ricain de l&rsquo;aviation, la FAA, demande aux compagnies de r\u00e9duire progressivement leur programme de vols int\u00e9rieurs, alors qu&rsquo;un grand chass\u00e9-crois\u00e9 s&rsquo;approche dans le pays.\n<\/p>\n<p>\n \u00ab\u00a0Le trafic a\u00e9rien va se r\u00e9duire \u00e0 peau de chagrin alors que tout le monde veut voyager pour voir sa famille\u00a0\u00bb \u00e0 l&rsquo;occasion de la traditionnelle f\u00eate de Thanksgiving fin novembre, a alert\u00e9 le ministre des Transports, Sean Duffy, sur Fox News.\n<\/p>\n<p>\n \u00ab\u00a0Vous allez voir moins de contr\u00f4leurs a\u00e9riens venir au travail, ce qui signifie qu&rsquo;il n&rsquo;y aura qu&rsquo;une poign\u00e9e de vols qui vont d\u00e9coller et atterrir\u00a0\u00bb, a-t-il ajout\u00e9.\n<\/p>\n<p> &#8211; \u00ab\u00a0Grosses perturbations\u00a0\u00bb &#8211;<\/p>\n<p>\n La r\u00e9duction progressive du trafic doit atteindre 10% de vols annul\u00e9s vendredi prochain, contre environ 4% aujourd&rsquo;hui, a pr\u00e9cis\u00e9 le ministre de Donald Trump. \u00ab\u00a0Ca va \u00eatre de grosses perturbations, et les Am\u00e9ricains vont \u00eatre \u00e9nerv\u00e9s par cela.\u00a0\u00bb\n<\/p>\n<p>\n \u00ab\u00a0Remerciez un d\u00e9mocrate\u00a0\u00bb, a lanc\u00e9 sur X l&rsquo;un des comptes officiels de la Maison Blanche, qui accuse l&rsquo;opposition d&rsquo;\u00eatre responsable du blocage.\n<\/p>\n<p>\n L&rsquo;Etat am\u00e9ricain est depuis d\u00e9but octobre en situation de paralysie budg\u00e9taire. Des centaines de milliers de fonctionnaires f\u00e9d\u00e9raux travaillent sans \u00eatre pay\u00e9s, dont les contr\u00f4leurs a\u00e9riens.\n<\/p>\n<p>\n Certains d&rsquo;entre eux \u00ab\u00a0vont \u00eatre confront\u00e9s \u00e0 l&rsquo;id\u00e9e (&#8230;) de trouver un boulot en plus pour boucler les fins de mois\u00a0\u00bb, a regrett\u00e9 le ministre des Transports sur CNN.\n<\/p>\n<p>\n Mais, pour le chef des d\u00e9mocrates au S\u00e9nat, Chuck Schumer, les consignes d&rsquo;annulation de vols sont \u00ab\u00a0une combine\u00a0\u00bb politique qui n&rsquo;a \u00ab\u00a0rien \u00e0 voir avec la s\u00e9curit\u00e9\u00a0\u00bb.\n<\/p>\n<p> &#8211; Rare progr\u00e8s au Congr\u00e8s &#8211;<\/p>\n<p>\n Depuis des semaines, la pression monte sur les parlementaires pour s&rsquo;entendre sur une sortie de crise &#8212; une pression qui semble dimanche en voie de d\u00e9boucher sur de premiers progr\u00e8s.\n<\/p>\n<p>\n Un accord \u00ab\u00a0s&rsquo;approche\u00a0\u00bb, a d\u00e9clar\u00e9 \u00e0 la presse am\u00e9ricaine le chef de la majorit\u00e9 r\u00e9publicaine au S\u00e9nat, John Thune.\n<\/p>\n<p>\n \u00ab\u00a0Apr\u00e8s 40 jours (de blocage), le S\u00e9nat montre de r\u00e9els signes de progr\u00e8s,\u00a0\u00bb a aussi expliqu\u00e9 sur X l&rsquo;\u00e9lu d\u00e9mocrate de la Chambre des repr\u00e9sentants, Henry Cuellar, \u00e9voquant un \u00ab\u00a0groupe de s\u00e9nateurs des deux partis\u00a0\u00bb tomb\u00e9s d&rsquo;accord pour financer le gouvernement \u00ab\u00a0jusqu&rsquo;en janvier.\u00a0\u00bb\n<\/p>\n<p>\n \u00ab\u00a0C&rsquo;est l&rsquo;avanc\u00e9e la plus importante vers un compromis depuis des semaines\u00a0\u00bb, a-t-il ajout\u00e9.\n<\/p>\n<p>\n Le S\u00e9nat pourrait voter d\u00e8s dimanche soir.\n<\/p>\n<p>\n Mais une approbation, pas acquise \u00e0 ce stade, ne garantit pas la fin de l&rsquo;impasse budg\u00e9taire, car le texte devrait ensuite passer \u00e0 la Chambre des repr\u00e9sentants, o\u00f9 la majorit\u00e9 r\u00e9publicaine est tr\u00e8s fine.\n<\/p>\n<p>\n La paralysie budg\u00e9taire perturbe aussi le programme f\u00e9d\u00e9ral d&rsquo;aide alimentaire qui soutient 42 millions d&rsquo;Am\u00e9ricains &#8212; un sur huit &#8212; chaque mois. Son non-versement en raison du \u00ab\u00a0shutdown\u00a0\u00bb fait l&rsquo;objet d&rsquo;une proc\u00e9dure judiciaire mais, en attendant, des milliers de b\u00e9n\u00e9ficiaires sont plong\u00e9s dans l&rsquo;incertitude.<\/p>\n","protected":false},"excerpt":{"rendered":"L&rsquo;a\u00e9roport de Chicago O&rsquo;Hare le 7 novembre 2025 ( AFP \/ KAMIL KRZACZYNSKI ) Les perturbations du trafic&hellip;\n","protected":false},"author":2,"featured_media":523825,"comment_status":"","ping_status":"","sticky":false,"template":"","format":"standard","meta":{"footnotes":""},"categories":[6],"tags":[400,398,408,35,405,33,34,1011,27,403,402,399,404,401,406,407],"class_list":{"0":"post-523824","1":"post","2":"type-post","3":"status-publish","4":"format-standard","5":"has-post-thumbnail","7":"category-economie","8":"tag-action-cac-40","9":"tag-bourse-de-paris","10":"tag-boursorama","11":"tag-business","12":"tag-cotations","13":"tag-economie","14":"tag-economy","15":"tag-fr","16":"tag-france","17":"tag-indices-devises","18":"tag-investir","19":"tag-investissement","20":"tag-marche-boursier","21":"tag-sicav","22":"tag-trackers","23":"tag-warrants"},"share_on_mastodon":{"url":"https:\/\/pubeurope.com\/@fr\/115522548005714143","error":""},"_links":{"self":[{"href":"https:\/\/www.europesays.com\/fr\/wp-json\/wp\/v2\/posts\/523824","targetHints":{"allow":["GET"]}}],"collection":[{"href":"https:\/\/www.europesays.com\/fr\/wp-json\/wp\/v2\/posts"}],"about":[{"href":"https:\/\/www.europesays.com\/fr\/wp-json\/wp\/v2\/types\/post"}],"author":[{"embeddable":true,"href":"https:\/\/www.europesays.com\/fr\/wp-json\/wp\/v2\/users\/2"}],"replies":[{"embeddable":true,"href":"https:\/\/www.europesays.com\/fr\/wp-json\/wp\/v2\/comments?post=523824"}],"version-history":[{"count":0,"href":"https:\/\/www.europesays.com\/fr\/wp-json\/wp\/v2\/posts\/523824\/revisions"}],"wp:featuredmedia":[{"embeddable":true,"href":"https:\/\/www.europesays.com\/fr\/wp-json\/wp\/v2\/media\/523825"}],"wp:attachment":[{"href":"https:\/\/www.europesays.com\/fr\/wp-json\/wp\/v2\/media?parent=523824"}],"wp:term":[{"taxonomy":"category","embeddable":true,"href":"https:\/\/www.europesays.com\/fr\/wp-json\/wp\/v2\/categories?post=523824"},{"taxonomy":"post_tag","embeddable":true,"href":"https:\/\/www.europesays.com\/fr\/wp-json\/wp\/v2\/tags?post=523824"}],"curies":[{"name":"wp","href":"https:\/\/api.w.org\/{rel}","templated":true}]}}