{"id":523826,"date":"2025-11-10T00:22:11","date_gmt":"2025-11-10T00:22:11","guid":{"rendered":"https:\/\/www.europesays.com\/fr\/523826\/"},"modified":"2025-11-10T00:22:11","modified_gmt":"2025-11-10T00:22:11","slug":"trois-drones-detectes-au-dessus-de-la-centrale-nucleaire-belge-de-doel-le-figaro","status":"publish","type":"post","link":"https:\/\/www.europesays.com\/fr\/523826\/","title":{"rendered":"Trois drones d\u00e9tect\u00e9s au-dessus de la centrale nucl\u00e9aire belge de Doel &#8211; Le Figaro"},"content":{"rendered":"<ol>\n<li><a href=\"https:\/\/news.google.com\/rss\/articles\/CBMiuAFBVV95cUxOUEo0ekxfUU9IRW56dkMtTFNXNU4zQ1d4TENOZG5sUW9RVjNkS3FwUkh0T1lqVXVjVmUtYUlocUI4cTdGZ3hXR0tyRTZELXpfSW9CMW5WV3VHMXdRUE5sWjY2ZHlzNW5kTWFESXhOdXlZV1NUeTAyV1JSbVlCNHVYREgzUWZOc2JfNmFzbVgya1RVVUs1X0JhZHF0RjUyWHl4bU9fM0RSU0FZTW9HWVBCTkNXampWTWFI?oc=5\" target=\"_blank\" rel=\"noopener\">Trois drones d\u00e9tect\u00e9s au-dessus de la centrale nucl\u00e9aire belge de Doel<\/a>&nbsp;&nbsp;Le Figaro<\/li>\n<li><a href=\"https:\/\/news.google.com\/rss\/articles\/CBMi-AFBVV95cUxQZW9FelZUSVAwR1E4WkowNEJLcnNuMFA5cjRuV3loekpoMnZ4WTY3SEhmRG9FdlhQTzM3dHptWW1vSW1vVnlXZDJhbWpsU3lySTBId3VQY0JZcVU4WGwxZXA1d3hVdG15d2dyRE1qbGpDXzR3UXJlNHg4VmtYN0lSR3VsVVRPeTdNNFUyamwtbE1BVFlza1JzcjNWamtaOW9kZEhCQkVfY3ZoMktiTVdDNGN6WFh4cTFoVklNdDVxeDh1Q2MtREFkVVZmaENqN3plZzY2dExfUktINTBQNVcyMDhNdFRnVzY3emp6b0pOY2hQTjF2OGZ6Ng?oc=5\" target=\"_blank\" rel=\"noopener\">Apr\u00e8s la France et l&rsquo;Allemagne, le Royaume-Uni : face aux incursions de drones, la Belgique demande l\u2019aide de ses alli\u00e9s<\/a>&nbsp;&nbsp;L&rsquo;Express<\/li>\n<li><a href=\"https:\/\/news.google.com\/rss\/articles\/CBMi1gFBVV95cUxQZzVFd2V3a2EwSkdlaVhvbVBEcmJRYlhrSW1kUmtoenRuVXNrR0c4alFNd3NfQ2tIbmJhandXZWE3ZXRndVNBdG1JSjBxbC1DczJ3UEh0dk9jQVB2ZkI5YlU5bVlKZ0QxS0RhZUxFdVh1RDlNYmZuUlZJUHBXN1N1U25Xc25RR2NrNjR6dXI1cXgzU2ZVS0hDeXpoQ3ExektaaVUwWVNzdzNWSU5Ha2JUMmZ0Q1BPT1dneE1laGdCTnBYUGNVTWw1SWhNVmJMejl1RHlOZmJB?oc=5\" target=\"_blank\" rel=\"noopener\">Survol de drones en Belgique : la Russie soup\u00e7onn\u00e9e, l\u2019Otan sollicit\u00e9e pour prot\u00e9ger Bruxelles<\/a>&nbsp;&nbsp;ladepeche.fr<\/li>\n<li><a href=\"https:\/\/news.google.com\/rss\/articles\/CBMirgJBVV95cUxQeHlveXVlU2s5b3Z5c0owYnhEbFZCYlFXV0lPWWQ3eUxuS2tweVlWSnZRME1UdUZLV1FRSnlaS1JfRUlDUVI2VGdsMnk2UmhobHo5Yy13QTFweDJIUlc3blVrQ2hwTTJ6dV92NmIxWGJiMTAxLXRyUVQ3cHY1elltVjhLWEZZbVhteU1kdUhZTVQzZzdPbnBuQTA0YlUza1RxUDRTX19HRzJ4b2FtUTFXZEp5ZTBfV0FDTnd6TDhlczREemxKQW1vWWp0Zmc4aFZUbzJkazNfejdxaEo4c1Y1LVhoakt1QkhwTkpmTDl2aDJFcjFkQ1pYaml2Z2tPaGEtVm9WcEZlbDBrMjh1SXJGdDE2eVVKeW9PckluVmZFeXBQV2tHc0ZCUHZ6VnJRdw?oc=5\" target=\"_blank\" rel=\"noopener\">\u00ab Nous sommes reconnaissants \u00bb : la Royal Air Force vient en renfort de la Belgique dans la lutte contre les intrusions de drones<\/a>&nbsp;&nbsp;Le Parisien<\/li>\n<li><a href=\"https:\/\/news.google.com\/rss\/articles\/CBMi4gFBVV95cUxQdC1TUTZhSXh6QlZDTVc4aGprOUMyQng5ek55YlFqVzVTWjdVS3JpdlRnZXVtcE5wTHVhVHhDbnd5ZHlpT1kxbm9iSU01WXlsdEJ2OXZLaldISVIxS0syYVFyajg3QkJOZUJ6d3RHUGdJM0tsd3V0VzdJczBCaEtzZXZCVmJqNVgzS25Ob0lINTFtRlNBc0h4MXpORmNVOGwwUGZHb2Q2OEpVYU9KQ1JkNTI4eXBVOFg2aExvWEk4cFhxSUF1ZHRBUm1CY3VNaE1WbWo3QzgzOXNaZWlILUo3bmhR?oc=5\" target=\"_blank\" rel=\"noopener\">Survols de drones d&rsquo;origine inconnue : d\u00e9couvrez les sites europ\u00e9ens concern\u00e9s dans notre carte<\/a>&nbsp;&nbsp;Franceinfo<\/li>\n<\/ol>\n","protected":false},"excerpt":{"rendered":"Trois drones d\u00e9tect\u00e9s au-dessus de la centrale nucl\u00e9aire belge de Doel&nbsp;&nbsp;Le Figaro Apr\u00e8s la France et l&rsquo;Allemagne, le&hellip;\n","protected":false},"author":2,"featured_media":523827,"comment_status":"","ping_status":"","sticky":false,"template":"","format":"standard","meta":{"footnotes":""},"categories":[5],"tags":[11,26627,564,1011,27,14,12,28],"class_list":{"0":"post-523826","1":"post","2":"type-post","3":"status-publish","4":"format-standard","5":"has-post-thumbnail","7":"category-international","8":"tag-actualites","9":"tag-centrale-nucleaire","10":"tag-drone","11":"tag-fr","12":"tag-france","13":"tag-international","14":"tag-news","15":"tag-world"},"share_on_mastodon":{"url":"https:\/\/pubeurope.com\/@fr\/115522551413481296","error":""},"_links":{"self":[{"href":"https:\/\/www.europesays.com\/fr\/wp-json\/wp\/v2\/posts\/523826","targetHints":{"allow":["GET"]}}],"collection":[{"href":"https:\/\/www.europesays.com\/fr\/wp-json\/wp\/v2\/posts"}],"about":[{"href":"https:\/\/www.europesays.com\/fr\/wp-json\/wp\/v2\/types\/post"}],"author":[{"embeddable":true,"href":"https:\/\/www.europesays.com\/fr\/wp-json\/wp\/v2\/users\/2"}],"replies":[{"embeddable":true,"href":"https:\/\/www.europesays.com\/fr\/wp-json\/wp\/v2\/comments?post=523826"}],"version-history":[{"count":0,"href":"https:\/\/www.europesays.com\/fr\/wp-json\/wp\/v2\/posts\/523826\/revisions"}],"wp:featuredmedia":[{"embeddable":true,"href":"https:\/\/www.europesays.com\/fr\/wp-json\/wp\/v2\/media\/523827"}],"wp:attachment":[{"href":"https:\/\/www.europesays.com\/fr\/wp-json\/wp\/v2\/media?parent=523826"}],"wp:term":[{"taxonomy":"category","embeddable":true,"href":"https:\/\/www.europesays.com\/fr\/wp-json\/wp\/v2\/categories?post=523826"},{"taxonomy":"post_tag","embeddable":true,"href":"https:\/\/www.europesays.com\/fr\/wp-json\/wp\/v2\/tags?post=523826"}],"curies":[{"name":"wp","href":"https:\/\/api.w.org\/{rel}","templated":true}]}}