{"id":523864,"date":"2025-11-10T00:52:34","date_gmt":"2025-11-10T00:52:34","guid":{"rendered":"https:\/\/www.europesays.com\/fr\/523864\/"},"modified":"2025-11-10T00:52:34","modified_gmt":"2025-11-10T00:52:34","slug":"a-marseille-le-festival-films-femmes-mediterranee-reunit-44-films-de-realisatrices-pour-ses-20-ans","status":"publish","type":"post","link":"https:\/\/www.europesays.com\/fr\/523864\/","title":{"rendered":"\u00c0 Marseille, le festival Films Femmes M\u00e9diterran\u00e9e r\u00e9unit 44 films de r\u00e9alisatrices pour ses 20\u00a0ans"},"content":{"rendered":"<p>N\u00e9 il y a 20\u00a0ans, le festival <a href=\"https:\/\/www.laprovence.com\/article\/culture-loisirs\/5799195667490814\/la-19e-edition-des-rencontres-films-femmes-mediterranee-un-focus-sur-les-cineastes-souvre-le-30-novembre\" target=\"_blank\" rel=\"noopener\">Films Femmes M\u00e9diterran\u00e9e<\/a> offre chaque ann\u00e9e une programmation f\u00e9minine, engag\u00e9e et repr\u00e9sentative de la diversit\u00e9 des pays du pourtour m\u00e9diterran\u00e9en. Pour cette \u00e9dition, 44\u00a0films repr\u00e9sentant 18\u00a0pays ont \u00e9t\u00e9 s\u00e9lectionn\u00e9s.<\/p>\n<p>Le festival ouvrira avec l\u2019avant-premi\u00e8re de Promis le ciel au cin\u00e9ma <a href=\"https:\/\/www.laprovence.com\/article\/culture-loisirs\/6920247351650614\/l-artplexe-rachete-les-varietes\" target=\"_blank\" rel=\"noopener\">l\u2019Artplexe,<\/a> vendredi \u00e0 20\u00a0h\u00a030. Le long-m\u00e9trage retrace l\u2019histoire de quatre femmes. Marie, une pasteure ivorienne et ancienne journaliste qui vit \u00e0 Tunis, h\u00e9berge Naney, en qu\u00eate d\u2019un avenir plus s\u00fbr. Jolie, jeune \u00e9tudiante, est, elle, d\u00e9termin\u00e9e \u00e0 r\u00e9ussir au nom de sa famille.<\/p>\n<p>Quand les trois femmes vont recueillir Kenza, \u00e2g\u00e9e de 4\u00a0ans et rescap\u00e9e d\u2019un naufrage, les amies se transforment en famille recompos\u00e9e dans un climat social pr\u00e9occupant. La r\u00e9alisatrice franco-tunisienne Erige Sehiri sera pr\u00e9sente \u00e0 la projection.<\/p>\n<p>Un focus sur le cin\u00e9ma grec<\/p>\n<p>Parmi la quarantaine de films diffus\u00e9s, trois courts-m\u00e9trages sont issus de r\u00e9alisatrices grecques, pays mis en avant lors de cette \u00e9dition. What mary didn\u2019t know\u00a0de Konstantina Kotzamani, Honeymoon d\u2019Alkis Papastathopoulos et\u00a0400\u00a0cassettes de Thelyia Petraki seront diffus\u00e9s le mardi 11\u00a0novembre \u00e0 10\u00a0h\u00a030 au cin\u00e9ma l\u2019Artple&#8230;<\/p>\n","protected":false},"excerpt":{"rendered":"N\u00e9 il y a 20\u00a0ans, le festival Films Femmes M\u00e9diterran\u00e9e offre chaque ann\u00e9e une programmation f\u00e9minine, engag\u00e9e et&hellip;\n","protected":false},"author":2,"featured_media":523865,"comment_status":"","ping_status":"","sticky":false,"template":"","format":"standard","meta":{"footnotes":""},"categories":[2814],"tags":[17,1111,11,251,1777,674,4651,849,1346,1011,27,884,1252,12,882,25,19934],"class_list":{"0":"post-523864","1":"post","2":"type-post","3":"status-publish","4":"format-standard","5":"has-post-thumbnail","7":"category-marseille","8":"tag-17","9":"tag-actu","10":"tag-actualites","11":"tag-culture","12":"tag-eu","13":"tag-europe","14":"tag-femmes","15":"tag-festival","16":"tag-films","17":"tag-fr","18":"tag-france","19":"tag-marseille","20":"tag-mediterranee","21":"tag-news","22":"tag-provence-alpes-cote-dazur","23":"tag-republique-francaise","24":"tag-reunit"},"share_on_mastodon":{"url":"https:\/\/pubeurope.com\/@fr\/115522669374547102","error":""},"_links":{"self":[{"href":"https:\/\/www.europesays.com\/fr\/wp-json\/wp\/v2\/posts\/523864","targetHints":{"allow":["GET"]}}],"collection":[{"href":"https:\/\/www.europesays.com\/fr\/wp-json\/wp\/v2\/posts"}],"about":[{"href":"https:\/\/www.europesays.com\/fr\/wp-json\/wp\/v2\/types\/post"}],"author":[{"embeddable":true,"href":"https:\/\/www.europesays.com\/fr\/wp-json\/wp\/v2\/users\/2"}],"replies":[{"embeddable":true,"href":"https:\/\/www.europesays.com\/fr\/wp-json\/wp\/v2\/comments?post=523864"}],"version-history":[{"count":0,"href":"https:\/\/www.europesays.com\/fr\/wp-json\/wp\/v2\/posts\/523864\/revisions"}],"wp:featuredmedia":[{"embeddable":true,"href":"https:\/\/www.europesays.com\/fr\/wp-json\/wp\/v2\/media\/523865"}],"wp:attachment":[{"href":"https:\/\/www.europesays.com\/fr\/wp-json\/wp\/v2\/media?parent=523864"}],"wp:term":[{"taxonomy":"category","embeddable":true,"href":"https:\/\/www.europesays.com\/fr\/wp-json\/wp\/v2\/categories?post=523864"},{"taxonomy":"post_tag","embeddable":true,"href":"https:\/\/www.europesays.com\/fr\/wp-json\/wp\/v2\/tags?post=523864"}],"curies":[{"name":"wp","href":"https:\/\/api.w.org\/{rel}","templated":true}]}}