{"id":523870,"date":"2025-11-10T00:55:19","date_gmt":"2025-11-10T00:55:19","guid":{"rendered":"https:\/\/www.europesays.com\/fr\/523870\/"},"modified":"2025-11-10T00:55:19","modified_gmt":"2025-11-10T00:55:19","slug":"vitinha-encore-omnipresent-zabarnyi-toujours-aussi-inquietant-les-tops-et-les-flops","status":"publish","type":"post","link":"https:\/\/www.europesays.com\/fr\/523870\/","title":{"rendered":"Vitinha encore omnipr\u00e9sent, Zabarnyi toujours aussi inqui\u00e9tant&#8230; Les tops et les flops"},"content":{"rendered":"<p>\n    En cl\u00f4ture de la 12e journ\u00e9e de Ligue 1, le PSG s\u2019est impos\u00e9 de justesse sur la pelouse de Lyon (2-3). Retrouvez ce qui a retenu l\u2019attention de la r\u00e9daction apr\u00e8s ce choc tr\u00e8s spectaculaire.<\/p>\n<p class=\"fig-paragraph\"><strong>TOPS\u00a0<\/strong><\/p>\n<p>Vitinha au-dessus du lot<\/p>\n<p class=\"fig-paragraph\">Encore lui. Priv\u00e9 de nombreux cadres (Demb\u00e9l\u00e9, Dou\u00e9, Hakimi, Nuno Mendes),\u00a0<a href=\"https:\/\/www.lefigaro.fr\/sports\/football\/live\/ligue-1\/2025\/2568533\/lyon-paris-sg\" data-fig-type=\"Live\" data-gtm-custom-categorie=\"navigation\" data-gtm-custom-action=\"crossclick\" data-gtm-custom-label=\"Contextuel\" data-gtm-event=\"customEventSPE\" data-fig-domain=\"LEFIGARO\" target=\"_blank\" rel=\"noopener\">le PSG a de nouveau pu s\u2019appuyer un grand Vitinha<\/a>. Le m\u00e9tronome portugais, promu capitaine ce dimanche et entour\u00e9 par ses comp\u00e8res Joao Neves et Fabian Ruiz, a notamment sorti le grand jeu en premi\u00e8re p\u00e9riode. D\u00e9cisif sur les deux buts parisiens, il a parfaitement orient\u00e9 le jeu de son \u00e9quipe, face \u00e0 des Lyonnais qui lui ont laiss\u00e9 trop de libert\u00e9. Toujours aussi influent et propre dans des transmissions.<\/p>\n<p>                                    <a class=\"fig-a11y-skip a11y-hidden\" href=\"#fig-a11y-skip-main-inarticle\"><br \/>\n        Passer la publicit\u00e9<br \/>\n    <\/a><\/p>\n<p>Kvaratskhelia d\u00e9bloque son compteur<\/p>\n<p class=\"fig-paragraph\">Il a donc attendu la douzi\u00e8me journ\u00e9e pour inscrire son premier but de la saison en Ligue 1. Associ\u00e9 \u00e0 Lee et Mayulu dans un trio offensif exp\u00e9rimental, Khvicha Kvaratskhelia a d\u00e9bloqu\u00e9 son compteur, en trompant Greif d\u2019une belle frappe enroul\u00e9e du droit. Efficace, le G\u00e9orgien a r\u00e9alis\u00e9 un gros match sur son aile gauche. Ses acc\u00e9l\u00e9rations balle au pied ont fait tr\u00e8s mal \u00e0 la d\u00e9fense lyonnaise, \u00e0 l\u2019image de sa belle perc\u00e9e en seconde p\u00e9riode. Un danger permanent, jusqu\u2019\u00e0 sa sortie en fin de match.<\/p>\n<p class=\"fig-body-link\">\n            \u00c0 lire aussi<br \/>\n        <a class=\"fig-body-link__link\" href=\"http:\/\/www.lefigaro.fr\/sports\/football\/ligue-1\/lyon-psg-lucas-chevalier-se-fait-lober-le-but-de-kvara-revivez-les-20-minutes-de-folie-du-choc-de-ligue-1-20251109\" data-fig-type=\"NewsFlash\" data-gtm-custom-categorie=\"navigation\" data-gtm-custom-action=\"crossclick\" data-gtm-custom-label=\"Contextuel\" data-gtm-event=\"customEventSPE\" data-fig-domain=\"LEFIGARO\" target=\"_blank\" rel=\"noopener\"><\/p>\n<p>        Lyon-PSG\u00a0: Lucas Chevalier se fait lober, le but de \u00abKvara\u00bb&#8230; Revivez les 20 minutes de folie du choc de Ligue 1<br \/>\n    <\/a>\n<\/p>\n<p>Le bijou de Maitland-Niles<\/p>\n<p class=\"fig-paragraph\"><a href=\"http:\/\/www.lefigaro.fr\/sports\/football\/ligue-1\/ligue-1-au-bout-du-suspense-le-psg-arracha-la-victoire-a-lyon-20251109\" data-fig-type=\"NewsFlash\" data-gtm-custom-categorie=\"navigation\" data-gtm-custom-action=\"crossclick\" data-gtm-custom-label=\"Contextuel\" data-gtm-event=\"customEventSPE\" data-fig-domain=\"LEFIGARO\" target=\"_blank\" rel=\"noopener\">L\u2019une des images fortes de ce choc spectaculaire<\/a>. Logiquement men\u00e9 \u00e0 la pause, l\u2019OL a rapidement \u00e9galis\u00e9 en seconde p\u00e9riode, gr\u00e2ce \u00e0 l\u2019inspiration g\u00e9niale d\u2019Ainsley Maitland-Niles. Oubli\u00e9 par la d\u00e9fense parisienne sur un ballon en profondeur de Morton, l\u2019international anglais a fait chavirer le Groupama Stadium, en trompant Chevalier d\u2019un superbe lob. Le joueur de 28 ans a globalement r\u00e9alis\u00e9 un bon match, dans un r\u00f4le inhabituel d\u2019ailier droit.<\/p>\n<p class=\"fig-paragraph\"><strong>FLOPS<\/strong><\/p>\n<p>Zabarnyi ne rassure pas<\/p>\n<p class=\"fig-paragraph\">Il n\u2019a pas touch\u00e9 le fond,\u00a0<a href=\"http:\/\/www.lefigaro.fr\/sports\/football\/ligue-des-champions\/ligue-des-champions-a-10-contre-10-le-psg-humilie-leverkusen-20251021\" data-fig-type=\"NewsFlash\" data-gtm-custom-categorie=\"navigation\" data-gtm-custom-action=\"crossclick\" data-gtm-custom-label=\"Contextuel\" data-gtm-event=\"customEventSPE\" data-fig-domain=\"LEFIGARO\" target=\"_blank\" rel=\"noopener\">comme face au Bayer Leverkusen le 21 octobre dernier<\/a>. Mais Illya Zabarnyi a de nouveau livr\u00e9 une prestation qui laisse perplexe. Associ\u00e9 \u00e0 Pacho en charni\u00e8re centrale pour laisser souffler Marquinhos, le d\u00e9fenseur ukrainien n\u2019a jamais sembl\u00e9 serein. Et a bien failli provoquer un nouveau penalty, en effleurant du bout des doigts un corner lyonnais en premi\u00e8re p\u00e9riode. Sauv\u00e9 par l\u2019arbitre (et le Var) sur cette action \u00e9tonnante, il a souffert et laiss\u00e9 beaucoup d\u2019espaces aux attaquants rhodaniens apr\u00e8s la pause.<\/p>\n<p>Tagliafico a craqu\u00e9<\/p>\n<p class=\"fig-paragraph\">Comme d\u2019habitude, Nicolas Tagliafico s\u2019est battu comme un diable sur le c\u00f4t\u00e9 gauche. Mais cette fois, son agressivit\u00e9 lui a co\u00fbt\u00e9 cher. D\u00e9j\u00e0 averti pour un tirage de maillot de Lee, l\u2019international argentin a \u00e9cop\u00e9 d\u2019un deuxi\u00e8me carton jaune dans le temps additionnel, pour une nouvelle faute commise sur le Sud-Cor\u00e9en. Le capitaine lyonnais, d\u00e9pass\u00e9 sur l\u2019ouverture du score de Za\u00efre-Emery, n\u2019\u00e9tait plus l\u00e0 pour d\u00e9fendre sur l\u2019ultime corner qui a permis au PSG d\u2019arracher la victoire.<\/p>\n<p>                                    <a class=\"fig-a11y-skip a11y-hidden\" href=\"#fig-a11y-skip-main-inarticle_mtf\"><br \/>\n        Passer la publicit\u00e9<br \/>\n    <\/a><\/p>\n<p>Mayulu dans un mauvais soir<\/p>\n<p class=\"fig-paragraph\">V\u00e9ritable couteau suisse au sein de l\u2019effectif parisien, Senny Mayulu a disput\u00e9 ce choc dans un r\u00f4le de faux n\u00b09, comme il l\u2019avait fait lors de la victoire \u00e0 Barcelone en Ligue des champions (1-2). Mais ce dimanche, le jeune Parisien, pr\u00e9f\u00e9r\u00e9 \u00e0 Ramos, a v\u00e9cu une soir\u00e9e beaucoup plus compliqu\u00e9e. Maladroit de la t\u00eate sur sa seule occasion en d\u00e9but de match, il a ensuite eu beaucoup de mal \u00e0 se jouer de la d\u00e9fense lyonnaise. Impr\u00e9cis et en difficult\u00e9 dans les duels. Un match \u00e0 oublier.<\/p>\n","protected":false},"excerpt":{"rendered":"En cl\u00f4ture de la 12e journ\u00e9e de Ligue 1, le PSG s\u2019est impos\u00e9 de justesse sur la pelouse&hellip;\n","protected":false},"author":2,"featured_media":523871,"comment_status":"","ping_status":"","sticky":false,"template":"","format":"standard","meta":{"footnotes":""},"categories":[1889],"tags":[1111,11,2430,1777,674,1011,27,2428,12,978,91,93,25],"class_list":{"0":"post-523870","1":"post","2":"type-post","3":"status-publish","4":"format-standard","5":"has-post-thumbnail","7":"category-lyon","8":"tag-actu","9":"tag-actualites","10":"tag-auvergne-rhone-alpes","11":"tag-eu","12":"tag-europe","13":"tag-fr","14":"tag-france","15":"tag-lyon","16":"tag-news","17":"tag-olympique-lyonnais","18":"tag-paris-saint-germain","19":"tag-psg","20":"tag-republique-francaise"},"share_on_mastodon":{"url":"https:\/\/pubeurope.com\/@fr\/115522681090422284","error":""},"_links":{"self":[{"href":"https:\/\/www.europesays.com\/fr\/wp-json\/wp\/v2\/posts\/523870","targetHints":{"allow":["GET"]}}],"collection":[{"href":"https:\/\/www.europesays.com\/fr\/wp-json\/wp\/v2\/posts"}],"about":[{"href":"https:\/\/www.europesays.com\/fr\/wp-json\/wp\/v2\/types\/post"}],"author":[{"embeddable":true,"href":"https:\/\/www.europesays.com\/fr\/wp-json\/wp\/v2\/users\/2"}],"replies":[{"embeddable":true,"href":"https:\/\/www.europesays.com\/fr\/wp-json\/wp\/v2\/comments?post=523870"}],"version-history":[{"count":0,"href":"https:\/\/www.europesays.com\/fr\/wp-json\/wp\/v2\/posts\/523870\/revisions"}],"wp:featuredmedia":[{"embeddable":true,"href":"https:\/\/www.europesays.com\/fr\/wp-json\/wp\/v2\/media\/523871"}],"wp:attachment":[{"href":"https:\/\/www.europesays.com\/fr\/wp-json\/wp\/v2\/media?parent=523870"}],"wp:term":[{"taxonomy":"category","embeddable":true,"href":"https:\/\/www.europesays.com\/fr\/wp-json\/wp\/v2\/categories?post=523870"},{"taxonomy":"post_tag","embeddable":true,"href":"https:\/\/www.europesays.com\/fr\/wp-json\/wp\/v2\/tags?post=523870"}],"curies":[{"name":"wp","href":"https:\/\/api.w.org\/{rel}","templated":true}]}}