{"id":523878,"date":"2025-11-10T01:00:30","date_gmt":"2025-11-10T01:00:30","guid":{"rendered":"https:\/\/www.europesays.com\/fr\/523878\/"},"modified":"2025-11-10T01:00:30","modified_gmt":"2025-11-10T01:00:30","slug":"la-boutique-shein-du-bhv-paris-a-accueilli-plus-de-50-000-visiteurs-en-cinq-jours","status":"publish","type":"post","link":"https:\/\/www.europesays.com\/fr\/523878\/","title":{"rendered":"La boutique Shein du BHV Paris a accueilli \u00ab\u00a0plus de 50\u00a0000\u00a0visiteurs\u00a0\u00bb en cinq jours"},"content":{"rendered":"<p>La boutique Shein du BHV Paris, dont l\u2019inauguration mercredi 5\u00a0novembre s\u2019est faite en plein scandale autour de la plateforme asiatique, a accueilli <strong>\u00ab\u00a0plus de 50\u00a0000\u00a0visiteurs\u00a0\u00bb,<\/strong> a annonc\u00e9 dimanche 9\u00a0novembre 2025 Fr\u00e9d\u00e9ric Merlin, patron de la Soci\u00e9t\u00e9 des grands magasins (SGM) qui poss\u00e8de le BHV.<\/p>\n<p><strong>Lire aussi\u00a0: <\/strong> <a href=\"https:\/\/rennes.maville.com\/actu\/actudet_-recit.-shein-arrive-en-france-aujourd-hui-apres-un-an-de-controverses-et-de-polemiques-_54135-7050425_actu.Htm\" target=\"_self\" rel=\"noopener\">R\u00c9CIT. Shein arrive en France apr\u00e8s un an de controverses et de pol\u00e9miques<\/a><\/p>\n<p>L\u2019inauguration a suscit\u00e9 l\u2019\u00e9moi apr\u00e8s la vente en ligne sur la <a href=\"https:\/\/rennes.maville.com\/actu\/actudet_-poupees-a-caractere-pedocriminel-cinq-questions-sur-ces-produits-vendus-par-shein-_54135-7047826_actu.Htm\" target=\"_self\" rel=\"noopener\">plateforme de Shein de poup\u00e9es sexuelles ressemblant \u00e0 des fillettes<\/a>, ainsi que des armes de cat\u00e9gorie A.<\/p>\n<p>Apr\u00e8s avoir supprim\u00e9 de son site tous les produits illicites, <a href=\"https:\/\/rennes.maville.com\/actu\/actudet_-le-gouvernement-renonce-a-suspendre-shein-mais-conserve-l-entreprise-sous-surveillance-rapprochee-_54135-7054371_actu.Htm\" target=\"_self\" rel=\"noopener\">Shein \u00e9chappe pour l\u2019heure \u00e0 une suspension en France, mais reste <strong>\u00ab\u00a0sous surveillance rapproch\u00e9e\u00a0\u00bb<\/strong> du gouvernement<\/a> et toujours sous le coup de proc\u00e9dures judiciaires.<\/p>\n<p>Concernant la plateforme de vente en ligne, un nouveau point de situation est pr\u00e9vu la semaine prochaine \u00e0 la demande du Premier ministre S\u00e9bastien Lecornu, alors que le minist\u00e8re\u00a0de l\u2019Int\u00e9rieur a saisi vendredi le tribunal judiciaire de Paris pour <strong>\u00ab\u00a0faire cesser les graves dommages \u00e0 l\u2019ordre public caus\u00e9s par les d\u00e9faillances r\u00e9p\u00e9t\u00e9es de Shein\u00a0\u00bb<\/strong>.<\/p>\n<p>Le patron du BHV veut \u00e9largir la gamme de produits<\/p>\n<p>Le patron du BHV s\u2019est quant \u00e0 lui f\u00e9licit\u00e9 de la fr\u00e9quentation de la boutique Shein dans un post sur Instagram dimanche.<\/p>\n<blockquote class=\"instagram-media\" data-instgrm-captioned=\"\" data-instgrm-permalink=\"https:\/\/www.instagram.com\/p\/DQ2FyA5iqyF\/?utm_source=ig_embed&amp;utm_campaign=loading\" data-instgrm-version=\"14\" style=\" background:#FFF; border:0; border-radius:3px; box-shadow:0 0 1px 0 rgba(0,0,0,0.5),0 1px 10px 0 rgba(0,0,0,0.15); margin: 1px; max-width:540px; min-width:326px; padding:0; width:99.375%; width:-webkit-calc(100% - 2px); width:calc(100% - 2px);\" wp_automatic_readability=\"-0.2\"\/>\n<p><strong>\u00ab\u00a0En quelques jours, plus de 50\u00a0000\u00a0visiteurs sont venus d\u00e9couvrir la premi\u00e8re capsule Shein au BHV\u00a0\u00bb,<\/strong> a d\u00e9clar\u00e9 Fr\u00e9d\u00e9ric Merlin sur le r\u00e9seau social.<\/p>\n<p>Il a fait \u00e9tat d\u2019<strong>\u00ab\u00a0un panier moyen de 45 euros\u00a0\u00bb<\/strong> pour les clients, et affirm\u00e9 que <strong>\u00ab\u00a0pr\u00e8s de 15\u00a0% d\u2019entre eux ont poursuivi leurs achats dans les autres rayons\u00a0\u00bb<\/strong> du grand magasin.<\/p>\n<p>Le dirigeant a \u00e9galement dit vouloir<strong> \u00ab\u00a0\u00e9largir la capsule avec une offre homme plus compl\u00e8te, un espace enfant, une gamme de robes plus large et des basiques plus accessibles pour r\u00e9pondre \u00e0 tous les styles de vie\u00a0\u00bb<\/strong>.<\/p>\n<p>La plateforme, fond\u00e9e en 2012 en Chine et d\u00e9sormais bas\u00e9e \u00e0 Singapour, a ouvert mercredi son premier magasin physique au monde dans le c\u00e9l\u00e8bre grand magasin situ\u00e9 juste en face de l\u2019H\u00f4tel de Ville de Paris.<\/p>\n<p>\u00a0<\/p>\n<p>\t\t<script async src=\"\/\/www.instagram.com\/embed.js\"><\/script><\/p>\n","protected":false},"excerpt":{"rendered":"La boutique Shein du BHV Paris, dont l\u2019inauguration mercredi 5\u00a0novembre s\u2019est faite en plein scandale autour de la&hellip;\n","protected":false},"author":2,"featured_media":523879,"comment_status":"","ping_status":"","sticky":false,"template":"","format":"standard","meta":{"footnotes":""},"categories":[1888],"tags":[6541,9285,36792,11,4753,11647,1777,674,1011,27,7285,2047,12,626,25,1104,11046],"class_list":{"0":"post-523878","1":"post","2":"type-post","3":"status-publish","4":"format-standard","5":"has-post-thumbnail","7":"category-paris","8":"tag-6541","9":"tag-9285","10":"tag-accueilli","11":"tag-actualites","12":"tag-bhv","13":"tag-boutique","14":"tag-eu","15":"tag-europe","16":"tag-fr","17":"tag-france","18":"tag-jours","19":"tag-mans","20":"tag-news","21":"tag-paris","22":"tag-republique-francaise","23":"tag-shein","24":"tag-visiteurs"},"share_on_mastodon":{"url":"https:\/\/pubeurope.com\/@fr\/115522700764713846","error":""},"_links":{"self":[{"href":"https:\/\/www.europesays.com\/fr\/wp-json\/wp\/v2\/posts\/523878","targetHints":{"allow":["GET"]}}],"collection":[{"href":"https:\/\/www.europesays.com\/fr\/wp-json\/wp\/v2\/posts"}],"about":[{"href":"https:\/\/www.europesays.com\/fr\/wp-json\/wp\/v2\/types\/post"}],"author":[{"embeddable":true,"href":"https:\/\/www.europesays.com\/fr\/wp-json\/wp\/v2\/users\/2"}],"replies":[{"embeddable":true,"href":"https:\/\/www.europesays.com\/fr\/wp-json\/wp\/v2\/comments?post=523878"}],"version-history":[{"count":0,"href":"https:\/\/www.europesays.com\/fr\/wp-json\/wp\/v2\/posts\/523878\/revisions"}],"wp:featuredmedia":[{"embeddable":true,"href":"https:\/\/www.europesays.com\/fr\/wp-json\/wp\/v2\/media\/523879"}],"wp:attachment":[{"href":"https:\/\/www.europesays.com\/fr\/wp-json\/wp\/v2\/media?parent=523878"}],"wp:term":[{"taxonomy":"category","embeddable":true,"href":"https:\/\/www.europesays.com\/fr\/wp-json\/wp\/v2\/categories?post=523878"},{"taxonomy":"post_tag","embeddable":true,"href":"https:\/\/www.europesays.com\/fr\/wp-json\/wp\/v2\/tags?post=523878"}],"curies":[{"name":"wp","href":"https:\/\/api.w.org\/{rel}","templated":true}]}}