{"id":523914,"date":"2025-11-10T01:27:14","date_gmt":"2025-11-10T01:27:14","guid":{"rendered":"https:\/\/www.europesays.com\/fr\/523914\/"},"modified":"2025-11-10T01:27:14","modified_gmt":"2025-11-10T01:27:14","slug":"mathilde-morieres-filme-les-enjeux-de-larchitecture-dans-nos-campagnes","status":"publish","type":"post","link":"https:\/\/www.europesays.com\/fr\/523914\/","title":{"rendered":"Mathilde Mori\u00e8res filme les enjeux de l\u2019architecture dans nos campagnes"},"content":{"rendered":"<p>Sans le d\u00e9ploiement de la toile, cette derni\u00e8re n\u2019aurait pas pu quitter le monde du cin\u00e9ma et du documentaire jusqu\u2019\u00e0 pr\u00e9sent cantonn\u00e9 autour de la capitale. Elle a ainsi pu poser sa cam\u00e9ra dans la r\u00e9gion natale de son compagnon\u00a0:<a href=\"https:\/\/www.larepubliquedespyrenees.fr\/pyrenees-atlantiques\/oloron-sainte-marie\/oloron-le-nouveau-documentaire-de-fabien-beziat-consacre-aux-ouvriers-passe-ce-mardi-a-la-television-16960203.php\" rel=\"nofollow noopener\" target=\"_blank\">l\u2019Oloronais&#8230;<\/a><\/p>\n<p>Sans le d\u00e9ploiement de la toile, cette derni\u00e8re n\u2019aurait pas pu quitter le monde du cin\u00e9ma et du documentaire jusqu\u2019\u00e0 pr\u00e9sent cantonn\u00e9 autour de la capitale. Elle a ainsi pu poser sa cam\u00e9ra dans la r\u00e9gion natale de son compagnon\u00a0:<a href=\"https:\/\/www.larepubliquedespyrenees.fr\/pyrenees-atlantiques\/oloron-sainte-marie\/oloron-le-nouveau-documentaire-de-fabien-beziat-consacre-aux-ouvriers-passe-ce-mardi-a-la-television-16960203.php\" rel=\"nofollow noopener\" target=\"_blank\"> l\u2019Oloronais Fabien Beziat, lui aussi r\u00e9alisateur, dont la renomm\u00e9e ne cesse de grimper depuis son documentaire \u00e0 succ\u00e8s \u00ab\u00a0Nous les paysans\u00a0\u00bb.<\/a><\/p>\n<p>\u00ab\u00a0Nous avons eu du nez en nous installant avant les confinements\u00a0\u00bb, rembobine Mathilde, enchant\u00e9e par son nouveau port d\u2019attache \u00ab\u00a0si vert\u00a0\u00bb, o\u00f9 le couple \u00e9l\u00e8ve leurs trois enfants au grand air, les pieds dans le gave d\u2019Oloron pour leur plus grand bonheur.<\/p>\n<p>Approche sociologique et po\u00e9tique<\/p>\n<p>Mathilde peut d\u00e9sormais travailler \u00e0 distance et avec toute la palette de comp\u00e9tences d\u00e9velopp\u00e9e depuis plus de 20\u00a0ans. Cette Montpelli\u00e9raine d\u2019origine s\u2019est fait depuis longtemps un nom en tant que cheffe monteuse, jusqu\u2019\u00e0 la r\u00e9alisation compl\u00e8te de films.<\/p>\n<p>\u00ab\u00a0Attach\u00e9e \u00e0 une approche autant sociologique que po\u00e9tique\u00a0\u00bb, elle a collabor\u00e9 sur pr\u00e8s de 30 longs m\u00e9trages documentaires pour la t\u00e9l\u00e9vision, dont plusieurs prim\u00e9s en festivals, et des dizaines de courts-m\u00e9trages de fiction. \u00ab\u00a0Ce sont souvent des projets dans lesquels je me suis compl\u00e8tement plong\u00e9e, des archives jusqu\u2019aux portraits historiques et d\u2019histoire de l\u2019art, \u00e0 l\u2019exemple des films sur Herg\u00e9, Picasso, Rodin\u2026\u00a0\u00bb souligne-t-elle.<\/p>\n<p>    La r\u00e9daction vous conseille<\/p>\n<p>Un fil conducteur\u00a0: la mise en lumi\u00e8re bien souvent de cr\u00e9ateurs ou au service de la cr\u00e9ation. Plut\u00f4t \u00e9vident quand on sait qu\u2019elle a d\u00e9ploy\u00e9 ses ailes dans une famille de musiciens\u2026 et qu\u2019elle a observ\u00e9 leur \u00e9volution derri\u00e8re sa premi\u00e8re cam\u00e9ra d\u00e8s l\u2019\u00e2ge de 12\u00a0ans.<\/p>\n<p>\u00ab\u00a0J\u2019ai grandi dans cet environnement tr\u00e8s cr\u00e9atif, un peu boh\u00e8me. Quand mes parents ne r\u00e9p\u00e9taient pas \u00e0 la maison, ils aimaient nous emmener voyager pour d\u00e9nicher d\u2019autres inspirations.\u00a0\u00bb Et elle s\u2019interroge aussi tr\u00e8s jeune sur ce qu\u2019elle capture et montre, ou pas. Son voyage scolaire \u00e0 Auschwitz restera ainsi ancr\u00e9 dans sa m\u00e9moire, alors qu\u2019il n\u2019a pas sa place dans un album photos.<\/p>\n<p>En mode \u00ab\u00a0cam\u00e9ra stylo\u00a0\u00bb<\/p>\n<p>Ce qu\u2019elle appr\u00e9cie le plus aujourd\u2019hui\u00a0: assurer fa\u00e7on \u00ab\u00a0cam\u00e9ra stylo\u00a0\u00bb des r\u00e9alisations compl\u00e8tes et lier cette relation de la cr\u00e9ation \u00e0 la politique, qui est devenue un point central de sa fa\u00e7on de regarder le monde.<\/p>\n<p>La rencontre avec le collectif d\u2019architectes Encore -ses voisins qui se sont install\u00e9s par un heureux hasard dans son petit village- a donn\u00e9 l\u2019\u00e9lan pour son dernier film. \u00ab\u00a0Habiter le paysage\u00a0\u00bb, a \u00e9t\u00e9 tourn\u00e9 ces derniers mois entre le B\u00e9arn et le Pays basque. Elle nous plonge dans cette campagne, \u00e0 l\u2019heure de l\u2019incertitude \u00e9conomique, des volets ferm\u00e9s, et du nouvel int\u00e9r\u00eat des n\u00e9o-ruraux. \u00ab\u00a0Ce retour soul\u00e8ve autant d\u2019espoirs que de d\u00e9fis, sociaux et \u00e9cologiques et vient bousculer l\u2019id\u00e9e d\u2019une communaut\u00e9 qui l\u2019a si longtemps fa\u00e7onn\u00e9e\u00a0\u00bb, souligne la r\u00e9alisatrice.<\/p>\n<blockquote><p>\u00ab\u00a0Habiter aujourd\u2019hui n\u2019est plus ni simple, ni neutre, ni apolitique\u00a0\u00bb<\/p><\/blockquote>\n<p>Cette campagne et ces habitants racontent la crise du logement et l\u2019\u00e9volution de l\u2019agriculture. \u00ab\u00a0Pourtant avoir un toit est notre besoin le plus essentiel, cela forge notre quotidien et notre rapport au monde. Habiter aujourd\u2019hui n\u2019est plus ni simple, ni neutre, ni apolitique\u00a0\u00bb, note-t-elle, fascin\u00e9e par l\u2019engagement et l\u2019inventivit\u00e9 des B\u00e9arnais et des Basques qu\u2019elle a interrog\u00e9s dans son film.<\/p>\n<p>Pour elle, tout est li\u00e9\u00a0: le logement, l\u2019agriculture, l\u2019\u00e9ducation, la culture, le vivre ensemble. \u00ab\u00a0Il n\u2019y a pas de fatalit\u00e9. On peut changer les choses, chaque jour\u00a0\u00bb, souligne-t-elle, rassur\u00e9e aussi parce qu\u2019en suivant le collectif Encore, elle a compris que l\u2019architecture pouvait \u00eatre un levier puissant \u00ab\u00a0pour repenser nos soci\u00e9t\u00e9s, nos mani\u00e8res de vivre, de d\u00e9cider, de partager. Ce n\u2019est pas simplement b\u00e2tir des murs, c\u2019est cr\u00e9er des conditions de vie commune.\u00a0\u00bb<\/p>\n<p>Son film est d\u00e9sormais projet\u00e9 dans les festivals, dont le Fipa et le Close Up avant une diffusion sur France T.V, suivi d\u2019un d\u00e9bat et des\u00a0projections \u00e0 suivre aussi dans les cin\u00e9mas de la r\u00e9gion.<\/p>\n<p>    Ligne de vie<br \/>\nN\u00e9e en ao\u00fbt 1980 \u00e0 Montpellier dans une famille de musiciens<br \/>\u00c9tude\u00a0: master pro cin\u00e9ma r\u00e9alisation sc\u00e9nario production \u00e0 Paris<br \/>Famille\u00a0: Elle habite \u00e0 Labastide-Villefranche avec le r\u00e9alisateur oloronais Fabien Beziat avec leurs trois enfants de 14, 8 et 5\u00a0ans.<br \/>\n\u00c0 suivre\u00a0: \u00ab\u00a0Habiter le paysage\u00a0\u00bb. Production Weesper\u00a0; l\u2019expo Tempo#9 au Garage \u00e0 Labastide-Villefranche autour des photos d\u2019Olivia Gay.<br \/>Hobby\u00a0: le chant et la pr\u00e9sidence du cin\u00e9ma \u00ab\u00a0Le Saleys\u00a0\u00bb \u00e0 Salies.<\/p>\n","protected":false},"excerpt":{"rendered":"Sans le d\u00e9ploiement de la toile, cette derni\u00e8re n\u2019aurait pas pu quitter le monde du cin\u00e9ma et du&hellip;\n","protected":false},"author":2,"featured_media":523915,"comment_status":"","ping_status":"","sticky":false,"template":"","format":"standard","meta":{"footnotes":""},"categories":[1354],"tags":[58,59,1346,1011,27,1360],"class_list":{"0":"post-523914","1":"post","2":"type-post","3":"status-publish","4":"format-standard","5":"has-post-thumbnail","7":"category-films","8":"tag-divertissement","9":"tag-entertainment","10":"tag-films","11":"tag-fr","12":"tag-france","13":"tag-movies"},"share_on_mastodon":{"url":"https:\/\/pubeurope.com\/@fr\/115522807486284157","error":""},"_links":{"self":[{"href":"https:\/\/www.europesays.com\/fr\/wp-json\/wp\/v2\/posts\/523914","targetHints":{"allow":["GET"]}}],"collection":[{"href":"https:\/\/www.europesays.com\/fr\/wp-json\/wp\/v2\/posts"}],"about":[{"href":"https:\/\/www.europesays.com\/fr\/wp-json\/wp\/v2\/types\/post"}],"author":[{"embeddable":true,"href":"https:\/\/www.europesays.com\/fr\/wp-json\/wp\/v2\/users\/2"}],"replies":[{"embeddable":true,"href":"https:\/\/www.europesays.com\/fr\/wp-json\/wp\/v2\/comments?post=523914"}],"version-history":[{"count":0,"href":"https:\/\/www.europesays.com\/fr\/wp-json\/wp\/v2\/posts\/523914\/revisions"}],"wp:featuredmedia":[{"embeddable":true,"href":"https:\/\/www.europesays.com\/fr\/wp-json\/wp\/v2\/media\/523915"}],"wp:attachment":[{"href":"https:\/\/www.europesays.com\/fr\/wp-json\/wp\/v2\/media?parent=523914"}],"wp:term":[{"taxonomy":"category","embeddable":true,"href":"https:\/\/www.europesays.com\/fr\/wp-json\/wp\/v2\/categories?post=523914"},{"taxonomy":"post_tag","embeddable":true,"href":"https:\/\/www.europesays.com\/fr\/wp-json\/wp\/v2\/tags?post=523914"}],"curies":[{"name":"wp","href":"https:\/\/api.w.org\/{rel}","templated":true}]}}