{"id":52393,"date":"2025-04-25T18:31:07","date_gmt":"2025-04-25T18:31:07","guid":{"rendered":"https:\/\/www.europesays.com\/fr\/52393\/"},"modified":"2025-04-25T18:31:07","modified_gmt":"2025-04-25T18:31:07","slug":"qui-est-cet-inconnu-aux-mots-crus-qui-abreuve-dappels-telephoniques-des-avocates","status":"publish","type":"post","link":"https:\/\/www.europesays.com\/fr\/52393\/","title":{"rendered":"qui est cet inconnu aux mots crus qui abreuve d&rsquo;appels t\u00e9l\u00e9phoniques des avocates\u00a0?"},"content":{"rendered":"<p>            Par<br \/>\n        <strong><br \/>\n            <a href=\"https:\/\/actu.fr\/auteur\/jm-aubert\" title=\"Consulter tous les articles de Jean-Marc Aubert\" rel=\"nofollow noopener\" target=\"_blank\">Jean-Marc Aubert<\/a><br \/>\n        <\/strong><\/p>\n<p>        Publi\u00e9 le<\/p>\n<p>            25 avr. 2025 \u00e0 20h25        <\/p>\n<p>Le <strong>Barreau de Montpellier<\/strong> est secou\u00e9 par l\u2019agitation de certaines robes noires f\u00e9minines depuis ces derni\u00e8res semaines : un inconnu multiplie les appels \u00e0 leur cabinet pour demander des rendez-vous\u2026 \u00e0 caract\u00e8re sexuel !\u00a0<\/p>\n<p class=\" wall-content\">Une, puis deux et d\u2019autres avocates pensaient que leur interlocuteur, visiblement le m\u00eame, demandait \u00e0 les rencontrer. Elles avaient au bout du fil un futur client qui semblait charmant. Mais pendant qu\u2019elles cherchaient une date de libre dans leur agenda, elles ont d\u2019abord \u00e9t\u00e9 stup\u00e9faites, puis inqui\u00e8tes par la tournure prise par cette drague en direct.\u00a0<\/p>\n<p class=\" wall-content\">Et pour cause, le malotru se met \u00e0 d\u00e9biter des phrases ax\u00e9es sur le sexe, presque des avances mettant mal \u00e0 l\u2019aise les interlocutrices. Des mots crus emprunt\u00e9s au langage du d\u00e9sir ardent, inutile d\u2019en dire plus !\u00a0<\/p>\n<p class=\" wall-content\">Pas de rendez-vous enregistr\u00e9 bien entendu par ces avocates mal \u00e0 l\u2019aise, cet inconnu tr\u00e8s entreprenant, sans doute un d\u00e9s\u00e9quilibr\u00e9 s\u2019\u00e9tant vu les conversations d\u00e9plac\u00e9es coup\u00e9es sine-die, avec dans la foul\u00e9e, un signalement de ces d\u00e9sordres \u00e0 caract\u00e8re sexuel au Conseil de l\u2019ordre des avocats. Le b\u00e2tonnier et la vice-b\u00e2tonni\u00e8re sont saisis, des avocats sollicit\u00e9s par <strong>M\u00e9tropolitain<\/strong> ce vendredi confirment l\u2019information.<\/p>\n<p class=\" wall-content\">Si l\u2019individu est identifi\u00e9 et arr\u00eat\u00e9 un jour ou l\u2019autre, c\u2019est s\u00fbrement un avocat, pas une avocate, qui plaidera pour sa d\u00e9fense !\u00a0<\/p>\n<p>Vid\u00e9os : en ce moment sur Actu<\/p>\n<p class=\" wall-content\">Suivez toute l\u2019actualit\u00e9 de vos villes et m\u00e9dias favoris en vous inscrivant \u00e0 <a href=\"https:\/\/moncompte.actu.fr\" title=\"D\u00e9couvez Mon Actu\" rel=\"nofollow noopener\" data-trk=\"{&quot;cta&quot;:{&quot;action&quot;:&quot;https:\\\/\\\/moncompte.actu.fr&quot;,&quot;category&quot;:&quot;mon compte&quot;,&quot;from&quot;:&quot;article footer&quot;,&quot;name&quot;:&quot;Mon actu&quot;,&quot;type&quot;:&quot;cta&quot;}}\" target=\"_blank\">Mon Actu<\/a>.<\/p>\n","protected":false},"excerpt":{"rendered":"Par Jean-Marc Aubert Publi\u00e9 le 25 avr. 2025 \u00e0 20h25 Le Barreau de Montpellier est secou\u00e9 par l\u2019agitation&hellip;\n","protected":false},"author":2,"featured_media":52394,"comment_status":"","ping_status":"","sticky":false,"template":"","format":"standard","meta":{"footnotes":""},"categories":[9599],"tags":[1111,11,1777,674,1011,27,1757,303,2208,12,2680,25],"class_list":{"0":"post-52393","1":"post","2":"type-post","3":"status-publish","4":"format-standard","5":"has-post-thumbnail","7":"category-montpellier","8":"tag-actu","9":"tag-actualites","10":"tag-eu","11":"tag-europe","12":"tag-fr","13":"tag-france","14":"tag-insolite","15":"tag-justice","16":"tag-montpellier","17":"tag-news","18":"tag-occitanie","19":"tag-republique-francaise"},"share_on_mastodon":{"url":"https:\/\/pubeurope.com\/@fr\/114400033747807535","error":""},"_links":{"self":[{"href":"https:\/\/www.europesays.com\/fr\/wp-json\/wp\/v2\/posts\/52393","targetHints":{"allow":["GET"]}}],"collection":[{"href":"https:\/\/www.europesays.com\/fr\/wp-json\/wp\/v2\/posts"}],"about":[{"href":"https:\/\/www.europesays.com\/fr\/wp-json\/wp\/v2\/types\/post"}],"author":[{"embeddable":true,"href":"https:\/\/www.europesays.com\/fr\/wp-json\/wp\/v2\/users\/2"}],"replies":[{"embeddable":true,"href":"https:\/\/www.europesays.com\/fr\/wp-json\/wp\/v2\/comments?post=52393"}],"version-history":[{"count":0,"href":"https:\/\/www.europesays.com\/fr\/wp-json\/wp\/v2\/posts\/52393\/revisions"}],"wp:featuredmedia":[{"embeddable":true,"href":"https:\/\/www.europesays.com\/fr\/wp-json\/wp\/v2\/media\/52394"}],"wp:attachment":[{"href":"https:\/\/www.europesays.com\/fr\/wp-json\/wp\/v2\/media?parent=52393"}],"wp:term":[{"taxonomy":"category","embeddable":true,"href":"https:\/\/www.europesays.com\/fr\/wp-json\/wp\/v2\/categories?post=52393"},{"taxonomy":"post_tag","embeddable":true,"href":"https:\/\/www.europesays.com\/fr\/wp-json\/wp\/v2\/tags?post=52393"}],"curies":[{"name":"wp","href":"https:\/\/api.w.org\/{rel}","templated":true}]}}