{"id":523934,"date":"2025-11-10T01:40:06","date_gmt":"2025-11-10T01:40:06","guid":{"rendered":"https:\/\/www.europesays.com\/fr\/523934\/"},"modified":"2025-11-10T01:40:06","modified_gmt":"2025-11-10T01:40:06","slug":"le-marche-central-de-nancy-coeur-vivant-de-la-gastronomie-locale","status":"publish","type":"post","link":"https:\/\/www.europesays.com\/fr\/523934\/","title":{"rendered":"Le March\u00e9 central de Nancy, c\u0153ur vivant de la gastronomie locale"},"content":{"rendered":"<p>Il r\u00e9unit une quarantaine de producteurs, d\u2019artisans, de restaurateurs\u2026 Le March\u00e9 central de Nancy est un lieu charg\u00e9 d\u2019histoire, o\u00f9 la qualit\u00e9 se conjugue \u00e0 la passion.<\/p>\n<ul class=\"galerieContent carousel-wrapper__slides\" id=\"63fe038d-e249-456d-9b70-3b9ae4ecceea\">        &#13;<\/p>\n<li class=\"carousel-wrapper__slides--slide item\" id=\"slide-1\">&#13;<br \/>\n                                    &#13;<br \/>\n                        <a class=\"chocolat-image GA-tracking\" data-ga_type=\"click\" data-ga_category=\"D\u00e9tail\" data-ga_action=\"zoomer\" data-ga_label=\"aggrandir image\" href=\"https:\/\/cdn-s-www.estrepublicain.fr\/images\/7e785540-201b-4c06-b6a0-78b823f5ef82\/NW_raw\/credit-photos-julien-sesia-1762502165.jpg\" title=\"Cr\u00e9dit photos : Julien SESIA\" target=\"_blank\" rel=\"noopener\">&#13;<br \/>\n                            <img decoding=\"async\" src=\"https:\/\/www.europesays.com\/fr\/wp-content\/uploads\/2025\/11\/credit-photos-julien-sesia-1762502165.jpg\"   alt=\"Cr\u00e9dit photos : Julien SESIA\" fetchpriority=\"high\" data-mobile=\"NW_listA_M|1762502165\" data-base=\"NW_listA|1762502165\"\/>&#13;<br \/>\n                        <\/a>&#13;<\/p>\n<p>Cr\u00e9dit photos : Julien SESIA<\/p>\n<p>                        &#13;<br \/>\n                                           &#13;\n                <\/li>\n<p>&#13;<br \/>\n            &#13;<\/p>\n<li class=\"carousel-wrapper__slides--slide item\" id=\"slide-2\">&#13;<br \/>\n                                    &#13;<br \/>\n                        <a class=\"chocolat-image GA-tracking\" data-ga_type=\"click\" data-ga_category=\"D\u00e9tail\" data-ga_action=\"zoomer\" data-ga_label=\"aggrandir image\" href=\"https:\/\/cdn-s-www.estrepublicain.fr\/images\/b76b2804-91b4-4104-be49-78b679e3b212\/NW_raw\/credit-photos-julien-sesia-1762502165.jpg\" title=\"Cr\u00e9dit photos : Julien SESIA\" target=\"_blank\" rel=\"noopener\">&#13;<br \/>\n                            <img decoding=\"async\" src=\"https:\/\/www.europesays.com\/fr\/wp-content\/uploads\/2025\/11\/1762738761_213_credit-photos-julien-sesia-1762502165.jpg\"   alt=\"Cr\u00e9dit photos : Julien SESIA\" loading=\"lazy\" fetchpriority=\"low\" data-mobile=\"NW_listA_M|1762502165\" data-base=\"NW_listA|1762502165\"\/>&#13;<br \/>\n                        <\/a>&#13;<\/p>\n<p>Cr\u00e9dit photos : Julien SESIA<\/p>\n<p>                        &#13;<br \/>\n                                           &#13;\n                <\/li>\n<p>&#13;<br \/>\n            &#13;\n                <\/ul>\n<ul class=\"galerieContent carousel-wrapper__slides\" id=\"7708f7e8-3930-44ea-a5fa-db10c37f4543\">        &#13;<\/p>\n<li class=\"carousel-wrapper__slides--slide item\" id=\"slide-1\">&#13;<br \/>\n                                    &#13;<br \/>\n                        <a class=\"chocolat-image GA-tracking\" data-ga_type=\"click\" data-ga_category=\"D\u00e9tail\" data-ga_action=\"zoomer\" data-ga_label=\"aggrandir image\" href=\"https:\/\/cdn-s-www.estrepublicain.fr\/images\/1eb2e41f-e24e-48d0-beb8-c8c283f60e67\/NW_raw\/credit-photos-julien-sesia-1762502538.jpg\" title=\"Cr\u00e9dit photos : Julien SESIA\" target=\"_blank\" rel=\"noopener\">&#13;<br \/>\n                            <img decoding=\"async\" src=\"https:\/\/www.europesays.com\/fr\/wp-content\/uploads\/2025\/11\/credit-photos-julien-sesia-1762502538.jpg\"   alt=\"Cr\u00e9dit photos : Julien SESIA\" fetchpriority=\"high\" data-mobile=\"NW_listA_M|1762502538\" data-base=\"NW_listA|1762502538\"\/>&#13;<br \/>\n                        <\/a>&#13;<\/p>\n<p>Cr\u00e9dit photos : Julien SESIA<\/p>\n<p>                        &#13;<br \/>\n                                           &#13;\n                <\/li>\n<p>&#13;<br \/>\n            &#13;<\/p>\n<li class=\"carousel-wrapper__slides--slide item\" id=\"slide-2\">&#13;<br \/>\n                                    &#13;<br \/>\n                        <a class=\"chocolat-image GA-tracking\" data-ga_type=\"click\" data-ga_category=\"D\u00e9tail\" data-ga_action=\"zoomer\" data-ga_label=\"aggrandir image\" href=\"https:\/\/cdn-s-www.estrepublicain.fr\/images\/ea16c6b9-9cba-4dd8-92bd-69d62d10daf4\/NW_raw\/credit-photos-julien-sesia-1762514401.jpg\" title=\"Cr\u00e9dit photos : Julien SESIA\" target=\"_blank\" rel=\"noopener\">&#13;<br \/>\n                            <img decoding=\"async\" src=\"https:\/\/www.europesays.com\/fr\/wp-content\/uploads\/2025\/11\/credit-photos-julien-sesia-1762514401.jpg\"   alt=\"Cr\u00e9dit photos : Julien SESIA\" loading=\"lazy\" fetchpriority=\"low\" data-mobile=\"NW_listA_M|1762514401\" data-base=\"NW_listA|1762514401\"\/>&#13;<br \/>\n                        <\/a>&#13;<\/p>\n<p>Cr\u00e9dit photos : Julien SESIA<\/p>\n<p>                        &#13;<br \/>\n                                           &#13;\n                <\/li>\n<p>&#13;<br \/>\n            &#13;\n                <\/ul>\n<p>Chez <strong>Olives et \u00c9pices<\/strong>, plus de 300 vari\u00e9t\u00e9s d\u2019\u00e9pices du monde entier c\u00f4toient diff\u00e9rents types d\u2019olives fran\u00e7aises, dont trois exclusives. Une escale parfum\u00e9e et une \u00e9tape oblig\u00e9e pour tous les fins gourmets.<\/p>\n<ul class=\"galerieContent carousel-wrapper__slides\" id=\"0ad24b04-219d-4cf9-8451-26e60ed0683a\">        &#13;<\/p>\n<li class=\"carousel-wrapper__slides--slide item\" id=\"slide-1\">&#13;<br \/>\n                                    &#13;<br \/>\n                        <a class=\"chocolat-image GA-tracking\" data-ga_type=\"click\" data-ga_category=\"D\u00e9tail\" data-ga_action=\"zoomer\" data-ga_label=\"aggrandir image\" href=\"https:\/\/cdn-s-www.estrepublicain.fr\/images\/ed05abb8-d92f-4451-8d50-0918ffc3f7f4\/NW_raw\/credit-photos-julien-sesia-1762502538.jpg\" title=\"Cr\u00e9dit photos : Julien SESIA\" target=\"_blank\" rel=\"noopener\">&#13;<br \/>\n                            <img decoding=\"async\" src=\"https:\/\/www.europesays.com\/fr\/wp-content\/uploads\/2025\/11\/1762738767_204_credit-photos-julien-sesia-1762502538.jpg\"   alt=\"Cr\u00e9dit photos : Julien SESIA\" fetchpriority=\"high\" data-mobile=\"NW_listA_M|1762502538\" data-base=\"NW_listA|1762502538\"\/>&#13;<br \/>\n                        <\/a>&#13;<\/p>\n<p>Cr\u00e9dit photos : Julien SESIA<\/p>\n<p>                        &#13;<br \/>\n                                           &#13;\n                <\/li>\n<p>&#13;<br \/>\n            &#13;<\/p>\n<li class=\"carousel-wrapper__slides--slide item\" id=\"slide-2\">&#13;<br \/>\n                                    &#13;<br \/>\n                        <a class=\"chocolat-image GA-tracking\" data-ga_type=\"click\" data-ga_category=\"D\u00e9tail\" data-ga_action=\"zoomer\" data-ga_label=\"aggrandir image\" href=\"https:\/\/cdn-s-www.estrepublicain.fr\/images\/a8b785ff-9b9c-496f-b897-3690d2342859\/NW_raw\/credit-photos-julien-sesia-1762514401.jpg\" title=\"Cr\u00e9dit photos : Julien SESIA\" target=\"_blank\" rel=\"noopener\">&#13;<br \/>\n                            <img decoding=\"async\" src=\"https:\/\/www.europesays.com\/fr\/wp-content\/uploads\/2025\/11\/1762738769_715_credit-photos-julien-sesia-1762514401.jpg\"   alt=\"Cr\u00e9dit photos : Julien SESIA\" loading=\"lazy\" fetchpriority=\"low\" data-mobile=\"NW_listA_M|1762514401\" data-base=\"NW_listA|1762514401\"\/>&#13;<br \/>\n                        <\/a>&#13;<\/p>\n<p>Cr\u00e9dit photos : Julien SESIA<\/p>\n<p>                        &#13;<br \/>\n                                           &#13;\n                <\/li>\n<p>&#13;<br \/>\n            &#13;\n                <\/ul>\n<p>\u00c0 <strong>L\u2019Impromptu<\/strong>, Carol et Arnaud Bussy-G\u00e9rardin, ma\u00eetres restaurateurs, c\u00e9l\u00e8brent depuis 23 ans le go\u00fbt du fait maison. Produits frais, \u00e9quipe dipl\u00f4m\u00e9e et cuisine sinc\u00e8re font de cette bonne table un lieu incontournable du march\u00e9.<\/p>\n<ul class=\"galerieContent carousel-wrapper__slides\" id=\"57df854d-9207-47e7-be59-7b8004de3a83\">        &#13;<\/p>\n<li class=\"carousel-wrapper__slides--slide item\" id=\"slide-1\">&#13;<br \/>\n                                    &#13;<br \/>\n                        <a class=\"chocolat-image GA-tracking\" data-ga_type=\"click\" data-ga_category=\"D\u00e9tail\" data-ga_action=\"zoomer\" data-ga_label=\"aggrandir image\" href=\"https:\/\/cdn-s-www.estrepublicain.fr\/images\/b0fcbb56-76e3-4f46-9bdb-dcb7c8576a67\/NW_raw\/credit-photos-julien-sesia-1762502538.jpg\" title=\"Cr\u00e9dit photos : Julien SESIA\" target=\"_blank\" rel=\"noopener\">&#13;<br \/>\n                            <img decoding=\"async\" src=\"https:\/\/www.europesays.com\/fr\/wp-content\/uploads\/2025\/11\/1762738771_742_credit-photos-julien-sesia-1762502538.jpg\"   alt=\"Cr\u00e9dit photos : Julien SESIA\" fetchpriority=\"high\" data-mobile=\"NW_listA_M|1762502538\" data-base=\"NW_listA|1762502538\"\/>&#13;<br \/>\n                        <\/a>&#13;<\/p>\n<p>Cr\u00e9dit photos : Julien SESIA<\/p>\n<p>                        &#13;<br \/>\n                                           &#13;\n                <\/li>\n<p>&#13;<br \/>\n            &#13;<\/p>\n<li class=\"carousel-wrapper__slides--slide item\" id=\"slide-2\">&#13;<br \/>\n                                    &#13;<br \/>\n                        <a class=\"chocolat-image GA-tracking\" data-ga_type=\"click\" data-ga_category=\"D\u00e9tail\" data-ga_action=\"zoomer\" data-ga_label=\"aggrandir image\" href=\"https:\/\/cdn-s-www.estrepublicain.fr\/images\/606293cc-41b3-41cb-893e-abf9609a5225\/NW_raw\/credit-photos-julien-sesia-1762514401.jpg\" title=\"Cr\u00e9dit photos : Julien SESIA\" target=\"_blank\" rel=\"noopener\">&#13;<br \/>\n                            <img decoding=\"async\" src=\"https:\/\/www.europesays.com\/fr\/wp-content\/uploads\/2025\/11\/1762738774_279_credit-photos-julien-sesia-1762514401.jpg\"   alt=\"Cr\u00e9dit photos : Julien SESIA\" loading=\"lazy\" fetchpriority=\"low\" data-mobile=\"NW_listA_M|1762514401\" data-base=\"NW_listA|1762514401\"\/>&#13;<br \/>\n                        <\/a>&#13;<\/p>\n<p>Cr\u00e9dit photos : Julien SESIA<\/p>\n<p>                        &#13;<br \/>\n                                           &#13;\n                <\/li>\n<p>&#13;<br \/>\n            &#13;\n                <\/ul>\n<p>La <strong>Fontaine \u00e0 chocolat<\/strong> s\u00e9duit les becs sucr\u00e9s avec ses cr\u00e9ations certifi\u00e9es Valrhona. Dans l\u2019atelier ouvert sur la boutique, on fabrique sur place un chocolat d\u2019exception, entre exigence et gourmandise.<\/p>\n<ul class=\"galerieContent carousel-wrapper__slides\" id=\"43d63078-2555-4fe6-9e88-c0029deb1fc8\">        &#13;<\/p>\n<li class=\"carousel-wrapper__slides--slide item\" id=\"slide-1\">&#13;<br \/>\n                                    &#13;<br \/>\n                        <a class=\"chocolat-image GA-tracking\" data-ga_type=\"click\" data-ga_category=\"D\u00e9tail\" data-ga_action=\"zoomer\" data-ga_label=\"aggrandir image\" href=\"https:\/\/cdn-s-www.estrepublicain.fr\/images\/47d04933-f3ec-4357-9440-0f13be977dfe\/NW_raw\/credit-photos-julien-sesia-1762502768.jpg\" title=\"Cr\u00e9dit photos : Julien SESIA\" target=\"_blank\" rel=\"noopener\">&#13;<br \/>\n                            <img decoding=\"async\" src=\"https:\/\/www.europesays.com\/fr\/wp-content\/uploads\/2025\/11\/credit-photos-julien-sesia-1762502768.jpg\"   alt=\"Cr\u00e9dit photos : Julien SESIA\" fetchpriority=\"high\" data-mobile=\"NW_listA_M|1762502768\" data-base=\"NW_listA|1762502768\"\/>&#13;<br \/>\n                        <\/a>&#13;<\/p>\n<p>Cr\u00e9dit photos : Julien SESIA<\/p>\n<p>                        &#13;<br \/>\n                                           &#13;\n                <\/li>\n<p>&#13;<br \/>\n            &#13;<\/p>\n<li class=\"carousel-wrapper__slides--slide item\" id=\"slide-2\">&#13;<br \/>\n                                    &#13;<br \/>\n                        <a class=\"chocolat-image GA-tracking\" data-ga_type=\"click\" data-ga_category=\"D\u00e9tail\" data-ga_action=\"zoomer\" data-ga_label=\"aggrandir image\" href=\"https:\/\/cdn-s-www.estrepublicain.fr\/images\/a4f8708b-0631-4530-bcb5-b5e293286840\/NW_raw\/credit-photos-julien-sesia-1762514401.jpg\" title=\"Cr\u00e9dit photos : Julien SESIA\" target=\"_blank\" rel=\"noopener\">&#13;<br \/>\n                            <img decoding=\"async\" src=\"https:\/\/www.europesays.com\/fr\/wp-content\/uploads\/2025\/11\/1762738778_51_credit-photos-julien-sesia-1762514401.jpg\"   alt=\"Cr\u00e9dit photos : Julien SESIA\" loading=\"lazy\" fetchpriority=\"low\" data-mobile=\"NW_listA_M|1762514401\" data-base=\"NW_listA|1762514401\"\/>&#13;<br \/>\n                        <\/a>&#13;<\/p>\n<p>Cr\u00e9dit photos : Julien SESIA<\/p>\n<p>                        &#13;<br \/>\n                                           &#13;\n                <\/li>\n<p>&#13;<br \/>\n            &#13;\n                <\/ul>\n<p>Dans la <strong>Poissonnerie Schaller<\/strong>, la fra\u00eecheur r\u00e8gne. L\u2019engagement maison\u00a0? Vous proposer des produits de qualit\u00e9 au meilleur prix par le biais d\u2019approvisionnements quotidiens aupr\u00e8s de 12 cri\u00e9es fran\u00e7aises.<\/p>\n<ul class=\"galerieContent carousel-wrapper__slides\" id=\"2318f82e-db0a-4dd9-b26d-1badd424552f\">        &#13;<\/p>\n<li class=\"carousel-wrapper__slides--slide item\" id=\"slide-1\">&#13;<br \/>\n                                    &#13;<br \/>\n                        <a class=\"chocolat-image GA-tracking\" data-ga_type=\"click\" data-ga_category=\"D\u00e9tail\" data-ga_action=\"zoomer\" data-ga_label=\"aggrandir image\" href=\"https:\/\/cdn-s-www.estrepublicain.fr\/images\/ebe8c291-a864-4511-af20-99deceb2e02c\/NW_raw\/credit-photos-julien-sesia-1762514401.jpg\" title=\"Cr\u00e9dit photos : Julien SESIA\" target=\"_blank\" rel=\"noopener\">&#13;<br \/>\n                            <img decoding=\"async\" src=\"https:\/\/www.europesays.com\/fr\/wp-content\/uploads\/2025\/11\/1762738780_397_credit-photos-julien-sesia-1762514401.jpg\"   alt=\"Cr\u00e9dit photos : Julien SESIA\" fetchpriority=\"high\" data-mobile=\"NW_listA_M|1762514401\" data-base=\"NW_listA|1762514401\"\/>&#13;<br \/>\n                        <\/a>&#13;<\/p>\n<p>Cr\u00e9dit photos : Julien SESIA<\/p>\n<p>                        &#13;<br \/>\n                                           &#13;\n                <\/li>\n<p>&#13;<br \/>\n            &#13;<\/p>\n<li class=\"carousel-wrapper__slides--slide item\" id=\"slide-2\">&#13;<br \/>\n                                    &#13;<br \/>\n                        <a class=\"chocolat-image GA-tracking\" data-ga_type=\"click\" data-ga_category=\"D\u00e9tail\" data-ga_action=\"zoomer\" data-ga_label=\"aggrandir image\" href=\"https:\/\/cdn-s-www.estrepublicain.fr\/images\/455b4079-50eb-4c78-bf95-b1d2d5d8056d\/NW_raw\/credit-photos-julien-sesia-1762502926.jpg\" title=\"Cr\u00e9dit photos : Julien SESIA\" target=\"_blank\" rel=\"noopener\">&#13;<br \/>\n                            <img decoding=\"async\" src=\"https:\/\/www.europesays.com\/fr\/wp-content\/uploads\/2025\/11\/credit-photos-julien-sesia-1762502926.jpg\"   alt=\"Cr\u00e9dit photos : Julien SESIA\" loading=\"lazy\" fetchpriority=\"low\" data-mobile=\"NW_listA_M|1762502926\" data-base=\"NW_listA|1762502926\"\/>&#13;<br \/>\n                        <\/a>&#13;<\/p>\n<p>Cr\u00e9dit photos : Julien SESIA<\/p>\n<p>                        &#13;<br \/>\n                                           &#13;\n                <\/li>\n<p>&#13;<br \/>\n            &#13;\n                <\/ul>\n<p>\u00c0 la <strong>Boucherie Delval<\/strong>, Jean-Yves Soles privil\u00e9gie les produits locaux, \u00e0 l\u2019image du b\u0153uf, issu de la Ferme des Gimey install\u00e9e \u00e0 Sexey-aux-Forges. A son actif\u00a0: trente ans de fid\u00e9lit\u00e9 au march\u00e9 et une \u00e9quipe jeune et dynamique.<\/p>\n<ul class=\"galerieContent carousel-wrapper__slides\" id=\"798586d3-1bca-41aa-aa8a-51ebbf88a0d0\">        &#13;<\/p>\n<li class=\"carousel-wrapper__slides--slide item\" id=\"slide-1\">&#13;<br \/>\n                                    &#13;<br \/>\n                        <a class=\"chocolat-image GA-tracking\" data-ga_type=\"click\" data-ga_category=\"D\u00e9tail\" data-ga_action=\"zoomer\" data-ga_label=\"aggrandir image\" href=\"https:\/\/cdn-s-www.estrepublicain.fr\/images\/e577cc84-b921-4518-9313-887d6ee302e6\/NW_raw\/credit-photos-julien-sesia-1762503170.jpg\" title=\"Cr\u00e9dit photos : Julien SESIA\" target=\"_blank\" rel=\"noopener\">&#13;<br \/>\n                            <img decoding=\"async\" src=\"https:\/\/www.europesays.com\/fr\/wp-content\/uploads\/2025\/11\/credit-photos-julien-sesia-1762503170.jpg\"   alt=\"Cr\u00e9dit photos : Julien SESIA\" fetchpriority=\"high\" data-mobile=\"NW_listA_M|1762503170\" data-base=\"NW_listA|1762503170\"\/>&#13;<br \/>\n                        <\/a>&#13;<\/p>\n<p>Cr\u00e9dit photos : Julien SESIA<\/p>\n<p>                        &#13;<br \/>\n                                           &#13;\n                <\/li>\n<p>&#13;<br \/>\n            &#13;<\/p>\n<li class=\"carousel-wrapper__slides--slide item\" id=\"slide-2\">&#13;<br \/>\n                                    &#13;<br \/>\n                        <a class=\"chocolat-image GA-tracking\" data-ga_type=\"click\" data-ga_category=\"D\u00e9tail\" data-ga_action=\"zoomer\" data-ga_label=\"aggrandir image\" href=\"https:\/\/cdn-s-www.estrepublicain.fr\/images\/d97c2b22-f142-440e-b73a-6a9d5ab69cc2\/NW_raw\/credit-photos-julien-sesia-1762514401.jpg\" title=\"Cr\u00e9dit photos : Julien SESIA\" target=\"_blank\" rel=\"noopener\">&#13;<br \/>\n                            <img decoding=\"async\" src=\"https:\/\/www.europesays.com\/fr\/wp-content\/uploads\/2025\/11\/1762738786_479_credit-photos-julien-sesia-1762514401.jpg\"   alt=\"Cr\u00e9dit photos : Julien SESIA\" loading=\"lazy\" fetchpriority=\"low\" data-mobile=\"NW_listA_M|1762514401\" data-base=\"NW_listA|1762514401\"\/>&#13;<br \/>\n                        <\/a>&#13;<\/p>\n<p>Cr\u00e9dit photos : Julien SESIA<\/p>\n<p>                        &#13;<br \/>\n                                           &#13;\n                <\/li>\n<p>&#13;<br \/>\n            &#13;\n                <\/ul>\n<p>Au <strong>Potager Lorrain<\/strong>, Julien Roux et sa maman Laurence privil\u00e9gient les circuits courts. Ils collaborent avec de petits producteurs lorrains et siciliens pour offrir fruits et l\u00e9gumes de saison, souvent sans traitement, voire bio.<\/p>\n<ul class=\"galerieContent carousel-wrapper__slides\" id=\"37e83607-425d-415a-b999-5f949c5f773d\">        &#13;<\/p>\n<li class=\"carousel-wrapper__slides--slide item\" id=\"slide-1\">&#13;<br \/>\n                                    &#13;<br \/>\n                        <a class=\"chocolat-image GA-tracking\" data-ga_type=\"click\" data-ga_category=\"D\u00e9tail\" data-ga_action=\"zoomer\" data-ga_label=\"aggrandir image\" href=\"https:\/\/cdn-s-www.estrepublicain.fr\/images\/209a61ab-29e8-4e7f-a307-1c1998e6b520\/NW_raw\/credit-photos-julien-sesia-1762503170.jpg\" title=\"Cr\u00e9dit photos : Julien SESIA\" target=\"_blank\" rel=\"noopener\">&#13;<br \/>\n                            <img decoding=\"async\" src=\"https:\/\/www.europesays.com\/fr\/wp-content\/uploads\/2025\/11\/1762738788_483_credit-photos-julien-sesia-1762503170.jpg\"   alt=\"Cr\u00e9dit photos : Julien SESIA\" fetchpriority=\"high\" data-mobile=\"NW_listA_M|1762503170\" data-base=\"NW_listA|1762503170\"\/>&#13;<br \/>\n                        <\/a>&#13;<\/p>\n<p>Cr\u00e9dit photos : Julien SESIA<\/p>\n<p>                        &#13;<br \/>\n                                           &#13;\n                <\/li>\n<p>&#13;<br \/>\n            &#13;<\/p>\n<li class=\"carousel-wrapper__slides--slide item\" id=\"slide-2\">&#13;<br \/>\n                                    &#13;<br \/>\n                        <a class=\"chocolat-image GA-tracking\" data-ga_type=\"click\" data-ga_category=\"D\u00e9tail\" data-ga_action=\"zoomer\" data-ga_label=\"aggrandir image\" href=\"https:\/\/cdn-s-www.estrepublicain.fr\/images\/6a6fde45-436c-4a86-ad0e-4c7b1683a2fd\/NW_raw\/credit-photos-julien-sesia-1762514401.jpg\" title=\"Cr\u00e9dit photos : Julien SESIA\" target=\"_blank\" rel=\"noopener\">&#13;<br \/>\n                            <img decoding=\"async\" src=\"https:\/\/www.europesays.com\/fr\/wp-content\/uploads\/2025\/11\/1762738789_765_credit-photos-julien-sesia-1762514401.jpg\"   alt=\"Cr\u00e9dit photos : Julien SESIA\" loading=\"lazy\" fetchpriority=\"low\" data-mobile=\"NW_listA_M|1762514401\" data-base=\"NW_listA|1762514401\"\/>&#13;<br \/>\n                        <\/a>&#13;<\/p>\n<p>Cr\u00e9dit photos : Julien SESIA<\/p>\n<p>                        &#13;<br \/>\n                                           &#13;\n                <\/li>\n<p>&#13;<br \/>\n            &#13;\n                <\/ul>\n<p>\u00c0 la <strong>Ferme de la Hurte<\/strong>, Anne-Marie et Andr\u00e9 Drouville vendent la production de leur exploitation d\u2019Essey-l\u00e8s-Nancy\u00a0: volailles, agneaux et l\u00e9gumes cultiv\u00e9s \u00e0 flanc de coteau. Une authenticit\u00e9 fermi\u00e8re garantie.<\/p>\n<ul class=\"galerieContent carousel-wrapper__slides\" id=\"962d2dd6-3ec4-4453-8b4d-3cd1fde517ff\">        &#13;<\/p>\n<li class=\"carousel-wrapper__slides--slide item\" id=\"slide-1\">&#13;<br \/>\n                                    &#13;<br \/>\n                        <a class=\"chocolat-image GA-tracking\" data-ga_type=\"click\" data-ga_category=\"D\u00e9tail\" data-ga_action=\"zoomer\" data-ga_label=\"aggrandir image\" href=\"https:\/\/cdn-s-www.estrepublicain.fr\/images\/b3fbd306-49d7-492d-a8fa-2646d56e5c71\/NW_raw\/credit-photos-julien-sesia-1762503766.jpg\" title=\"Cr\u00e9dit photos : Julien SESIA\" target=\"_blank\" rel=\"noopener\">&#13;<br \/>\n                            <img decoding=\"async\" src=\"https:\/\/www.europesays.com\/fr\/wp-content\/uploads\/2025\/11\/credit-photos-julien-sesia-1762503766.jpg\"   alt=\"Cr\u00e9dit photos : Julien SESIA\" fetchpriority=\"high\" data-mobile=\"NW_listA_M|1762503766\" data-base=\"NW_listA|1762503766\"\/>&#13;<br \/>\n                        <\/a>&#13;<\/p>\n<p>Cr\u00e9dit photos : Julien SESIA<\/p>\n<p>                        &#13;<br \/>\n                                           &#13;\n                <\/li>\n<p>&#13;<br \/>\n            &#13;<\/p>\n<li class=\"carousel-wrapper__slides--slide item\" id=\"slide-2\">&#13;<br \/>\n                                    &#13;<br \/>\n                        <a class=\"chocolat-image GA-tracking\" data-ga_type=\"click\" data-ga_category=\"D\u00e9tail\" data-ga_action=\"zoomer\" data-ga_label=\"aggrandir image\" href=\"https:\/\/cdn-s-www.estrepublicain.fr\/images\/a658d9c1-f56d-404e-82ae-c927fddea694\/NW_raw\/credit-photos-julien-sesia-1762514401.jpg\" title=\"Cr\u00e9dit photos : Julien SESIA\" target=\"_blank\" rel=\"noopener\">&#13;<br \/>\n                            <img decoding=\"async\" src=\"https:\/\/www.europesays.com\/fr\/wp-content\/uploads\/2025\/11\/1762738792_749_credit-photos-julien-sesia-1762514401.jpg\"   alt=\"Cr\u00e9dit photos : Julien SESIA\" loading=\"lazy\" fetchpriority=\"low\" data-mobile=\"NW_listA_M|1762514401\" data-base=\"NW_listA|1762514401\"\/>&#13;<br \/>\n                        <\/a>&#13;<\/p>\n<p>Cr\u00e9dit photos : Julien SESIA<\/p>\n<p>                        &#13;<br \/>\n                                           &#13;\n                <\/li>\n<p>&#13;<br \/>\n            &#13;\n                <\/ul>\n<p><strong>Lorraine R\u00e9ception<\/strong> enchante les fins gourmets avec sa cuisine haut de gamme \u00e0 emporter et sa carte renouvel\u00e9e chaque semaine selon l\u2019inspiration des cuisiniers. Besoin de conseils\u00a0? Laissez-vous guider par Vanessa\u00a0!<\/p>\n<ul class=\"galerieContent carousel-wrapper__slides\" id=\"080b1a29-b1d8-4fc0-898c-808389870b82\">        &#13;<\/p>\n<li class=\"carousel-wrapper__slides--slide item\" id=\"slide-1\">&#13;<br \/>\n                                    &#13;<br \/>\n                        <a class=\"chocolat-image GA-tracking\" data-ga_type=\"click\" data-ga_category=\"D\u00e9tail\" data-ga_action=\"zoomer\" data-ga_label=\"aggrandir image\" href=\"https:\/\/cdn-s-www.estrepublicain.fr\/images\/8d4c2914-4dd1-43db-8a1a-91ae335d906e\/NW_raw\/credit-photos-julien-sesia-1762518393.jpg\" title=\"Cr\u00e9dit photos : Julien SESIA\" target=\"_blank\" rel=\"noopener\">&#13;<br \/>\n                            <img decoding=\"async\" src=\"https:\/\/www.europesays.com\/fr\/wp-content\/uploads\/2025\/11\/credit-photos-julien-sesia-1762518393.jpg\"   alt=\"Cr\u00e9dit photos : Julien SESIA\" fetchpriority=\"high\" data-mobile=\"NW_listA_M|1762518393\" data-base=\"NW_listA|1762518393\"\/>&#13;<br \/>\n                        <\/a>&#13;<\/p>\n<p>Cr\u00e9dit photos : Julien SESIA<\/p>\n<p>                        &#13;<br \/>\n                                           &#13;\n                <\/li>\n<p>&#13;<br \/>\n            &#13;<\/p>\n<li class=\"carousel-wrapper__slides--slide item\" id=\"slide-2\">&#13;<br \/>\n                                    &#13;<br \/>\n                        <a class=\"chocolat-image GA-tracking\" data-ga_type=\"click\" data-ga_category=\"D\u00e9tail\" data-ga_action=\"zoomer\" data-ga_label=\"aggrandir image\" href=\"https:\/\/cdn-s-www.estrepublicain.fr\/images\/83b84cd0-c109-42ce-b12d-ce7c347f73a8\/NW_raw\/credit-photos-julien-sesia-1762503766.jpg\" title=\"Cr\u00e9dit photos : Julien SESIA\" target=\"_blank\" rel=\"noopener\">&#13;<br \/>\n                            <img decoding=\"async\" src=\"https:\/\/www.europesays.com\/fr\/wp-content\/uploads\/2025\/11\/1762738795_670_credit-photos-julien-sesia-1762503766.jpg\"   alt=\"Cr\u00e9dit photos : Julien SESIA\" loading=\"lazy\" fetchpriority=\"low\" data-mobile=\"NW_listA_M|1762503766\" data-base=\"NW_listA|1762503766\"\/>&#13;<br \/>\n                        <\/a>&#13;<\/p>\n<p>Cr\u00e9dit photos : Julien SESIA<\/p>\n<p>                        &#13;<br \/>\n                                           &#13;\n                <\/li>\n<p>&#13;<br \/>\n            &#13;\n                <\/ul>\n<p>A la <strong>Cr\u00e8merie Maria<\/strong>, Maria Heller met en avant les petits producteurs et les fromages locaux. Connue pour la qualit\u00e9 de sa cr\u00e8me fra\u00eeche et de ses fromages vari\u00e9s, elle incarne, \u00e0 sa fa\u00e7on, l\u2019\u00e2me artisanale du march\u00e9.<\/p>\n<ul class=\"galerieContent carousel-wrapper__slides\" id=\"b7c0f47c-ebbe-4aa5-8e7c-8b0439ca8507\">        &#13;<\/p>\n<li class=\"carousel-wrapper__slides--slide item\" id=\"slide-1\">&#13;<br \/>\n                                    &#13;<br \/>\n                        <a class=\"chocolat-image GA-tracking\" data-ga_type=\"click\" data-ga_category=\"D\u00e9tail\" data-ga_action=\"zoomer\" data-ga_label=\"aggrandir image\" href=\"https:\/\/cdn-s-www.estrepublicain.fr\/images\/d0873953-da2e-4ba9-840c-debd30bf1289\/NW_raw\/credit-photos-julien-sesia-1762503766.jpg\" title=\"Cr\u00e9dit photos : Julien SESIA\" target=\"_blank\" rel=\"noopener\">&#13;<br \/>\n                            <img decoding=\"async\" src=\"https:\/\/www.europesays.com\/fr\/wp-content\/uploads\/2025\/11\/1762738796_308_credit-photos-julien-sesia-1762503766.jpg\"   alt=\"Cr\u00e9dit photos : Julien SESIA\" fetchpriority=\"high\" data-mobile=\"NW_listA_M|1762503766\" data-base=\"NW_listA|1762503766\"\/>&#13;<br \/>\n                        <\/a>&#13;<\/p>\n<p>Cr\u00e9dit photos : Julien SESIA<\/p>\n<p>                        &#13;<br \/>\n                                           &#13;\n                <\/li>\n<p>&#13;<br \/>\n            &#13;<\/p>\n<li class=\"carousel-wrapper__slides--slide item\" id=\"slide-2\">&#13;<br \/>\n                                    &#13;<br \/>\n                        <a class=\"chocolat-image GA-tracking\" data-ga_type=\"click\" data-ga_category=\"D\u00e9tail\" data-ga_action=\"zoomer\" data-ga_label=\"aggrandir image\" href=\"https:\/\/cdn-s-www.estrepublicain.fr\/images\/941247c4-548f-4a0a-a692-0f5986c48add\/NW_raw\/credit-photos-julien-sesia-1762514401.jpg\" title=\"Cr\u00e9dit photos : Julien SESIA\" target=\"_blank\" rel=\"noopener\">&#13;<br \/>\n                            <img decoding=\"async\" src=\"https:\/\/www.europesays.com\/fr\/wp-content\/uploads\/2025\/11\/1762738798_846_credit-photos-julien-sesia-1762514401.jpg\"   alt=\"Cr\u00e9dit photos : Julien SESIA\" loading=\"lazy\" fetchpriority=\"low\" data-mobile=\"NW_listA_M|1762514401\" data-base=\"NW_listA|1762514401\"\/>&#13;<br \/>\n                        <\/a>&#13;<\/p>\n<p>Cr\u00e9dit photos : Julien SESIA<\/p>\n<p>                        &#13;<br \/>\n                                           &#13;\n                <\/li>\n<p>&#13;<br \/>\n            &#13;\n                <\/ul>\n<p>Les <strong>Fr\u00e8res Marchand<\/strong>, plus vieille famille de fromagers affineurs de France, perp\u00e9tuent sept g\u00e9n\u00e9rations de savoir-faire. Leurs fromages, affin\u00e9s dans leurs caves, fournissent les plus grandes tables du monde.<\/p>\n<ul class=\"galerieContent carousel-wrapper__slides\" id=\"e7e8954b-eb95-4822-9db5-8238eb4023ae\">        &#13;<\/p>\n<li class=\"carousel-wrapper__slides--slide item\" id=\"slide-1\">&#13;<br \/>\n                                    &#13;<br \/>\n                        <a class=\"chocolat-image GA-tracking\" data-ga_type=\"click\" data-ga_category=\"D\u00e9tail\" data-ga_action=\"zoomer\" data-ga_label=\"aggrandir image\" href=\"https:\/\/cdn-s-www.estrepublicain.fr\/images\/d481b23e-4c1e-4924-a736-ed0b7915d68e\/NW_raw\/credit-photos-julien-sesia-1762503766.jpg\" title=\"Cr\u00e9dit photos : Julien SESIA\" target=\"_blank\" rel=\"noopener\">&#13;<br \/>\n                            <img decoding=\"async\" src=\"https:\/\/www.europesays.com\/fr\/wp-content\/uploads\/2025\/11\/1762738800_893_credit-photos-julien-sesia-1762503766.jpg\"   alt=\"Cr\u00e9dit photos : Julien SESIA\" fetchpriority=\"high\" data-mobile=\"NW_listA_M|1762503766\" data-base=\"NW_listA|1762503766\"\/>&#13;<br \/>\n                        <\/a>&#13;<\/p>\n<p>Cr\u00e9dit photos : Julien SESIA<\/p>\n<p>                        &#13;<br \/>\n                                           &#13;\n                <\/li>\n<p>&#13;<br \/>\n            &#13;<\/p>\n<li class=\"carousel-wrapper__slides--slide item\" id=\"slide-2\">&#13;<br \/>\n                                    &#13;<br \/>\n                        <a class=\"chocolat-image GA-tracking\" data-ga_type=\"click\" data-ga_category=\"D\u00e9tail\" data-ga_action=\"zoomer\" data-ga_label=\"aggrandir image\" href=\"https:\/\/cdn-s-www.estrepublicain.fr\/images\/9a8c57ac-7f23-4523-a404-3bd44a56977f\/NW_raw\/credit-photos-julien-sesia-1762514401.jpg\" title=\"Cr\u00e9dit photos : Julien SESIA\" target=\"_blank\" rel=\"noopener\">&#13;<br \/>\n                            <img decoding=\"async\" src=\"https:\/\/www.europesays.com\/fr\/wp-content\/uploads\/2025\/11\/1762738802_836_credit-photos-julien-sesia-1762514401.jpg\"   alt=\"Cr\u00e9dit photos : Julien SESIA\" loading=\"lazy\" fetchpriority=\"low\" data-mobile=\"NW_listA_M|1762514401\" data-base=\"NW_listA|1762514401\"\/>&#13;<br \/>\n                        <\/a>&#13;<\/p>\n<p>Cr\u00e9dit photos : Julien SESIA<\/p>\n<p>                        &#13;<br \/>\n                                           &#13;\n                <\/li>\n<p>&#13;<br \/>\n            &#13;\n                <\/ul>\n<p>\u00c0 la <strong>Boucherie Chez \u00c9douard<\/strong>, Edouard Rocher fabrique sur place toute sa charcuterie selon des recettes maison. Les viandes, issues de producteurs locaux, garantissent une qualit\u00e9 et une fra\u00eecheur irr\u00e9prochables.<\/p>\n<ul class=\"galerieContent carousel-wrapper__slides\" id=\"0b371332-6fbf-4e10-9522-dcf1d3d5c542\">        &#13;<\/p>\n<li class=\"carousel-wrapper__slides--slide item\" id=\"slide-1\">&#13;<br \/>\n                                    &#13;<br \/>\n                        <a class=\"chocolat-image GA-tracking\" data-ga_type=\"click\" data-ga_category=\"D\u00e9tail\" data-ga_action=\"zoomer\" data-ga_label=\"aggrandir image\" href=\"https:\/\/cdn-s-www.estrepublicain.fr\/images\/242a08bc-c9ec-4b9a-9fe6-46efcd508bbe\/NW_raw\/credit-photos-julien-sesia-1762503766.jpg\" title=\"Cr\u00e9dit photos : Julien SESIA\" target=\"_blank\" rel=\"noopener\">&#13;<br \/>\n                            <img decoding=\"async\" src=\"https:\/\/www.europesays.com\/fr\/wp-content\/uploads\/2025\/11\/1762738803_844_credit-photos-julien-sesia-1762503766.jpg\"   alt=\"Cr\u00e9dit photos : Julien SESIA\" fetchpriority=\"high\" data-mobile=\"NW_listA_M|1762503766\" data-base=\"NW_listA|1762503766\"\/>&#13;<br \/>\n                        <\/a>&#13;<\/p>\n<p>Cr\u00e9dit photos : Julien SESIA<\/p>\n<p>                        &#13;<br \/>\n                                           &#13;\n                <\/li>\n<p>&#13;<br \/>\n            &#13;<\/p>\n<li class=\"carousel-wrapper__slides--slide item\" id=\"slide-2\">&#13;<br \/>\n                                    &#13;<br \/>\n                        <a class=\"chocolat-image GA-tracking\" data-ga_type=\"click\" data-ga_category=\"D\u00e9tail\" data-ga_action=\"zoomer\" data-ga_label=\"aggrandir image\" href=\"https:\/\/cdn-s-www.estrepublicain.fr\/images\/337cc690-94c5-4de9-bbd0-960bc995a1d7\/NW_raw\/credit-photos-julien-sesia-1762514401.jpg\" title=\"Cr\u00e9dit photos : Julien SESIA\" target=\"_blank\" rel=\"noopener\">&#13;<br \/>\n                            <img decoding=\"async\" src=\"https:\/\/www.europesays.com\/fr\/wp-content\/uploads\/2025\/11\/1762738806_70_credit-photos-julien-sesia-1762514401.jpg\"   alt=\"Cr\u00e9dit photos : Julien SESIA\" loading=\"lazy\" fetchpriority=\"low\" data-mobile=\"NW_listA_M|1762514401\" data-base=\"NW_listA|1762514401\"\/>&#13;<br \/>\n                        <\/a>&#13;<\/p>\n<p>Cr\u00e9dit photos : Julien SESIA<\/p>\n<p>                        &#13;<br \/>\n                                           &#13;\n                <\/li>\n<p>&#13;<br \/>\n            &#13;\n                <\/ul>\n<p>Au sein de la <strong>Ferme de la Basse Prairie<\/strong>, Virginie Dufour met en avant des produits labellis\u00e9s\u00a0: volailles de Bresse, porc noir (et charcuteries) de Bigorre, volailles label rouge. L\u2019assurance d\u2019un go\u00fbt authentique et d\u2019une tra\u00e7abilit\u00e9 exemplaire.<\/p>\n<p class=\"insetTitle\">Le March\u00e9 Central de Nancy<\/p>\n<p><strong>52, rue Saint-Dizier \u00e0 Nancy<\/strong><\/p>\n<p><strong>03 83 85 32 93<\/strong><\/p>\n<p><strong>Ouvert du mardi au samedi de 7h00 \u00e0 18h30 et le dimanche de 8h00 \u00e0 13h00<\/strong><\/p>\n<p><a href=\"https:\/\/www.facebook.com\/marchecentralnancy\/?locale=fr_FR\" target=\"_blank\" rel=\"noopener\">Facebook<\/a><\/p>\n<p>Ce contenu est bloqu\u00e9 car vous n&rsquo;avez pas accept\u00e9 les cookies et autres traceurs.<\/p>\n<p>En cliquant sur \u00ab J\u2019accepte \u00bb, les cookies et autres traceurs seront d\u00e9pos\u00e9s et vous pourrez visualiser les contenus  (<a href=\"\" class=\"consentModule_policy\" target=\"_blank\" title=\"Consulter la politique de protection des donn\u00e9es du fournisseur\">plus d&rsquo;informations<\/a>).<\/p>\n<p>En cliquant sur \u00ab J\u2019accepte tous les cookies \u00bb, vous autorisez des d\u00e9p\u00f4ts de cookies et autres traceurs pour le stockage de vos donn\u00e9es sur nos sites et applications \u00e0 des fins de personnalisation et de ciblage publicitaire.<\/p>\n<p class=\"consentModule_secondaryText\">Vous gardez la possibilit\u00e9 de retirer votre consentement \u00e0 tout moment en consultant notre <a href=\"https:\/\/www.estrepublicain.fr\/protection-des-donnees\" target=\"_blank\" title=\"Consulter notre politique de protection des donn\u00e9es\" rel=\"noopener\">politique de protection des donn\u00e9es<\/a>. <br \/>&#13;<br \/>\n            <a href=\"https:\/\/www.estrepublicain.fr\/paroles-de-partenaires\/2025\/11\/10\/javascript:Didomi.notice.show()\" class=\"consentModule_cmp\" target=\"_blank\" rel=\"noopener\">G\u00e9rer mes choix<\/a>&#13;\n        <\/p>\n<p>&#13;<br \/>\n                        J&rsquo;accepte&#13;<br \/>\n            J&rsquo;accepte tous les cookies&#13;\n        <\/p>\n","protected":false},"excerpt":{"rendered":"Il r\u00e9unit une quarantaine de producteurs, d\u2019artisans, de restaurateurs\u2026 Le March\u00e9 central de Nancy est un lieu charg\u00e9&hellip;\n","protected":false},"author":2,"featured_media":523935,"comment_status":"","ping_status":"","sticky":false,"template":"","format":"standard","meta":{"footnotes":""},"categories":[9635],"tags":[1111,11,7884,1777,674,1011,27,775,1702,12,25],"class_list":{"0":"post-523934","1":"post","2":"type-post","3":"status-publish","4":"format-standard","5":"has-post-thumbnail","7":"category-nancy","8":"tag-actu","9":"tag-actualites","10":"tag-articles-partenaires","11":"tag-eu","12":"tag-europe","13":"tag-fr","14":"tag-france","15":"tag-grand-est","16":"tag-nancy","17":"tag-news","18":"tag-republique-francaise"},"share_on_mastodon":{"url":"https:\/\/pubeurope.com\/@fr\/115522860108483746","error":""},"_links":{"self":[{"href":"https:\/\/www.europesays.com\/fr\/wp-json\/wp\/v2\/posts\/523934","targetHints":{"allow":["GET"]}}],"collection":[{"href":"https:\/\/www.europesays.com\/fr\/wp-json\/wp\/v2\/posts"}],"about":[{"href":"https:\/\/www.europesays.com\/fr\/wp-json\/wp\/v2\/types\/post"}],"author":[{"embeddable":true,"href":"https:\/\/www.europesays.com\/fr\/wp-json\/wp\/v2\/users\/2"}],"replies":[{"embeddable":true,"href":"https:\/\/www.europesays.com\/fr\/wp-json\/wp\/v2\/comments?post=523934"}],"version-history":[{"count":0,"href":"https:\/\/www.europesays.com\/fr\/wp-json\/wp\/v2\/posts\/523934\/revisions"}],"wp:featuredmedia":[{"embeddable":true,"href":"https:\/\/www.europesays.com\/fr\/wp-json\/wp\/v2\/media\/523935"}],"wp:attachment":[{"href":"https:\/\/www.europesays.com\/fr\/wp-json\/wp\/v2\/media?parent=523934"}],"wp:term":[{"taxonomy":"category","embeddable":true,"href":"https:\/\/www.europesays.com\/fr\/wp-json\/wp\/v2\/categories?post=523934"},{"taxonomy":"post_tag","embeddable":true,"href":"https:\/\/www.europesays.com\/fr\/wp-json\/wp\/v2\/tags?post=523934"}],"curies":[{"name":"wp","href":"https:\/\/api.w.org\/{rel}","templated":true}]}}