{"id":523938,"date":"2025-11-10T01:43:19","date_gmt":"2025-11-10T01:43:19","guid":{"rendered":"https:\/\/www.europesays.com\/fr\/523938\/"},"modified":"2025-11-10T01:43:19","modified_gmt":"2025-11-10T01:43:19","slug":"defaite-surprise-pour-la-ja-vichy-qui-sincline-de-vingt-points-a-domicile-contre-hyeres-toulon","status":"publish","type":"post","link":"https:\/\/www.europesays.com\/fr\/523938\/","title":{"rendered":"D\u00e9faite surprise pour la JA Vichy qui s\u2019incline de vingt points \u00e0 domicile contre Hy\u00e8res-Toulon"},"content":{"rendered":"<p>\t\t\t\t\t\t\t\t\t\t\t<img decoding=\"async\" src=\"https:\/\/www.europesays.com\/fr\/wp-content\/uploads\/2025\/11\/1280x720_defaite-surprise-pour-la-ja-vichy-qui-s-incline-de-vingt-points-a-domicile-contre-hyeres-to.jpeg\" alt=\"D\u00e9faite surprise pour la JA Vichy qui s\u2019incline de vingt points \u00e0 domicile contre Hy\u00e8res-Toulon\" title=\"D\u00e9faite surprise pour la JA Vichy qui s\u2019incline de vingt points \u00e0 domicile contre Hy\u00e8res-Toulon\" width=\"1280\" height=\"720\" class=\"img-fluid  mb-3\" loading=\"lazy\"\/>\t\t\t\t\t\t\t\t\t\t\t\t<\/p>\n<p>D\u00e9faite surprise pour la JA Vichy qui s\u2019incline de vingt points \u00e0 domicile contre Hy\u00e8res-Toulon &#8211; DR<\/p>\n<p itemprop=\"description\"><strong>Bouscul\u00e9e d\u2019entr\u00e9e de jeu, la JA Vichy a conc\u00e9d\u00e9 une large d\u00e9faite \u00e0 la maison face \u00e0 Hy\u00e8res-Toulon (76-97).<\/strong><\/p>\n<p>Rien n\u2019a tourn\u00e9 dans le bon sens, ce vendredi soir, pour la JA Vichy. Sur leur parquet de Pierre-Coulon, les Vichyssois ont \u00e9t\u00e9 domin\u00e9s par Hy\u00e8res-Toulon, un adversaire pourtant mal class\u00e9, ce qui confirme la mauvaise passe d\u00e9j\u00e0 entrevue face \u00e0 Ch\u00e2lons-Reims (d\u00e9faite 80-82).<\/p>\n<p>D\u00e8s les premi\u00e8res minutes, les Auvergnats ont \u00e9t\u00e9 submerg\u00e9s par l\u2019intensit\u00e9 des visiteurs, encaissant plus de vingt points en moins de cinq minutes. Trop passifs en d\u00e9fense, les locaux ont laiss\u00e9 le HTV s\u2019envoler, port\u00e9s par l\u2019adresse impressionnante de leurs cadres, comme en atteste le 20\/30 aux tirs \u00e0 deux-points ainsi que le joli 11\/24 \u00e0 trois-points. \u00c0 la pause, l\u2019\u00e9cart atteignait d\u00e9j\u00e0 vingt unit\u00e9s, scellant quasiment le sort du match.<\/p>\n<p>Au retour des vestiaires, Vichy a tent\u00e9 de r\u00e9agir. La paire Shepherd\u2013Eyaga a bien ramen\u00e9 un semblant d\u2019\u00e9nergie, r\u00e9veillant le public avec une s\u00e9rie encourageante. Mais l\u2019effort est rest\u00e9 insuffisant pour inverser la tendance. Brice Eyaga Bidias termine meilleur marqueur avec 21 points inscrits.<\/p>\n<p>Cette lourde d\u00e9faite, la deuxi\u00e8me cons\u00e9cutive \u00e0 domicile, met fin \u00e0 une longue s\u00e9rie d\u2019invincibilit\u00e9 sur le parquet auvergnat. Les Vichyssois devront rapidement retrouver leur rigueur d\u00e9fensive et leur concentration pour esp\u00e9rer relancer la dynamique.\u00a0<\/p>\n<p>Une d\u00e9faite surprenante en apparence, mais compr\u00e9hensible si on s\u2019attarde sur son contenu.\u00a0<\/p>\n<p>Prochaine rencontre \u00e0 Orl\u00e9ans samedi \u00e0 20h. Vichy est d\u00e9sormais 3e de deuxi\u00e8me division fran\u00e7aise.<\/p>\n","protected":false},"excerpt":{"rendered":"D\u00e9faite surprise pour la JA Vichy qui s\u2019incline de vingt points \u00e0 domicile contre Hy\u00e8res-Toulon &#8211; DR Bouscul\u00e9e&hellip;\n","protected":false},"author":2,"featured_media":523939,"comment_status":"","ping_status":"","sticky":false,"template":"","format":"standard","meta":{"footnotes":""},"categories":[9619],"tags":[1111,11,6733,7736,650,2313,7734,2889,2263,1777,674,9375,1011,27,6417,1114,4662,12,3725,882,1825,9374,25,9373,9376,2310,7737],"class_list":{"0":"post-523938","1":"post","2":"type-post","3":"status-publish","4":"format-standard","5":"has-post-thumbnail","7":"category-toulon","8":"tag-actu","9":"tag-actualites","10":"tag-auvergne","11":"tag-cds","12":"tag-cinema","13":"tag-clermont","14":"tag-ecoute","15":"tag-emission","16":"tag-equipe","17":"tag-eu","18":"tag-europe","19":"tag-ferrand","20":"tag-fr","21":"tag-france","22":"tag-information","23":"tag-infos","24":"tag-journal","25":"tag-news","26":"tag-podcast","27":"tag-provence-alpes-cote-dazur","28":"tag-radio","29":"tag-radiorva","30":"tag-republique-francaise","31":"tag-rva","32":"tag-thiers","33":"tag-toulon","34":"tag-winamp"},"share_on_mastodon":{"url":"https:\/\/pubeurope.com\/@fr\/115522871072798526","error":""},"_links":{"self":[{"href":"https:\/\/www.europesays.com\/fr\/wp-json\/wp\/v2\/posts\/523938","targetHints":{"allow":["GET"]}}],"collection":[{"href":"https:\/\/www.europesays.com\/fr\/wp-json\/wp\/v2\/posts"}],"about":[{"href":"https:\/\/www.europesays.com\/fr\/wp-json\/wp\/v2\/types\/post"}],"author":[{"embeddable":true,"href":"https:\/\/www.europesays.com\/fr\/wp-json\/wp\/v2\/users\/2"}],"replies":[{"embeddable":true,"href":"https:\/\/www.europesays.com\/fr\/wp-json\/wp\/v2\/comments?post=523938"}],"version-history":[{"count":0,"href":"https:\/\/www.europesays.com\/fr\/wp-json\/wp\/v2\/posts\/523938\/revisions"}],"wp:featuredmedia":[{"embeddable":true,"href":"https:\/\/www.europesays.com\/fr\/wp-json\/wp\/v2\/media\/523939"}],"wp:attachment":[{"href":"https:\/\/www.europesays.com\/fr\/wp-json\/wp\/v2\/media?parent=523938"}],"wp:term":[{"taxonomy":"category","embeddable":true,"href":"https:\/\/www.europesays.com\/fr\/wp-json\/wp\/v2\/categories?post=523938"},{"taxonomy":"post_tag","embeddable":true,"href":"https:\/\/www.europesays.com\/fr\/wp-json\/wp\/v2\/tags?post=523938"}],"curies":[{"name":"wp","href":"https:\/\/api.w.org\/{rel}","templated":true}]}}