{"id":523946,"date":"2025-11-10T01:52:09","date_gmt":"2025-11-10T01:52:09","guid":{"rendered":"https:\/\/www.europesays.com\/fr\/523946\/"},"modified":"2025-11-10T01:52:09","modified_gmt":"2025-11-10T01:52:09","slug":"pret-a-porter-shein-ouvrira-ses-nouvelles-boutiques-le-18-novembre-a-dijon-et-reims-et-le-21-a-grenoble","status":"publish","type":"post","link":"https:\/\/www.europesays.com\/fr\/523946\/","title":{"rendered":"Pr\u00eat-\u00e0-porter. Shein ouvrira ses nouvelles boutiques le 18 novembre \u00e0 Dijon et Reims et&#8230; le 21 \u00e0 Grenoble"},"content":{"rendered":"<p><a href=\"https:\/\/www.ledauphine.com\/economie\/2025\/11\/05\/pas-d-etat-d-ame-a-l-ouverture-de-la-boutique-shein-les-polemiques-ne-freinent-pas-les-clients\" target=\"_blank\" rel=\"noopener\">Apr\u00e8s Paris<\/a>, Shein va s&rsquo;installer le 18 novembre \u00e0 Dijon et Reims et le 21 novembre \u00e0 Grenoble, a confirm\u00e9 ce vendredi la Soci\u00e9t\u00e9 des grands magasins (SGM), propri\u00e9taire des structures qui accueilleront le g\u00e9ant asiatique de fast-fashion. En revanche, aucune date exacte n&rsquo;a \u00e9t\u00e9 donn\u00e9e pour les magasins d&rsquo;Angers et Limoges, o\u00f9 l&rsquo;ouverture est d\u00e9sormais programm\u00e9e d\u00e9but d\u00e9cembre, selon la SGM.<\/p>\n<p>La plateforme d&rsquo;e-commerce asiatique, <a href=\"https:\/\/www.ledauphine.com\/economie\/2025\/11\/06\/scandale-shein-la-plateforme-chinoise-peut-elle-vraiment-etre-suspendue-en-france\" target=\"_blank\" rel=\"noopener\">sous la menace d&rsquo;une suspension en France<\/a> apr\u00e8s la vente <a href=\"https:\/\/www.ledauphine.com\/faits-divers-justice\/2025\/11\/05\/poupees-pedopornographiques-sur-shein-les-coulisses-d-une-revelation-qui-a-eu-l-effet-d-une-bombe\" target=\"_blank\" rel=\"noopener\">de poup\u00e9es sexuelles d&rsquo;apparence enfantine<\/a> et d&rsquo;armes de cat\u00e9gorie A, doit ouvrir cinq magasins en plus de celui inaugur\u00e9 mercredi au BHV de Paris. Selon des chiffres de la SGM, pr\u00e8s de 8 000 personnes se sont rendues mercredi dans l&rsquo;espace de vente Shein, qui ouvrait l\u00e0 son premier magasin physique et p\u00e9renne au monde.<\/p>\n<p>  Le maire de Grenoble demande la suspension l&rsquo;ouverture<\/p>\n<p>Les grands magasins qui accueilleront Shein dans ces villes vont bient\u00f4t \u00eatre rebaptis\u00e9s BHV, le groupe Galeries Lafayette, qui leur donnait leur nom, ayant rompu son contrat avec la SGM pour ne pas \u00eatre associ\u00e9 \u00e0 Shein. A Grenoble, le maire \u00e9cologiste <a href=\"https:\/\/www.ledauphine.com\/p\/eric-piolle\" target=\"_blank\" rel=\"noopener\">Eric Piolle<\/a> a demand\u00e9 jeudi \u00e0 la SGM de <a href=\"https:\/\/www.ledauphine.com\/politique\/2025\/11\/06\/eric-piolle-demande-au-president-de-sgm-de-suspendre-l-ouverture-prevue-le-18-novembre-a-grenoble\" target=\"_blank\" rel=\"noopener\">\u00ab suspendre \u00bb l&rsquo;arriv\u00e9e de Shein<\/a> dans l&rsquo;attente de garanties sur le contr\u00f4le de la l\u00e9galit\u00e9 des produits.<\/p>\n<p>Propri\u00e9taire du fonds de commerce du BHV depuis 2023, la SGM exploite sept grands magasins qui \u00e9taient jusqu&rsquo;ici des Galeries Lafayette (\u00e9galement au Mans et \u00e0 Orl\u00e9ans) et une dizaine de centres commerciaux.<\/p>\n","protected":false},"excerpt":{"rendered":"Apr\u00e8s Paris, Shein va s&rsquo;installer le 18 novembre \u00e0 Dijon et Reims et le 21 novembre \u00e0 Grenoble,&hellip;\n","protected":false},"author":2,"featured_media":520925,"comment_status":"","ping_status":"","sticky":false,"template":"","format":"standard","meta":{"footnotes":""},"categories":[9566],"tags":[1111,11,2430,33,112,1777,674,107,1011,27,329,2731,108,12,316,25],"class_list":{"0":"post-523946","1":"post","2":"type-post","3":"status-publish","4":"format-standard","5":"has-post-thumbnail","7":"category-grenoble","8":"tag-actu","9":"tag-actualites","10":"tag-auvergne-rhone-alpes","11":"tag-economie","12":"tag-edition-grenoble-agglomeration","13":"tag-eu","14":"tag-europe","15":"tag-fil-info","16":"tag-fr","17":"tag-france","18":"tag-france-monde","19":"tag-grenoble","20":"tag-isere","21":"tag-news","22":"tag-politique","23":"tag-republique-francaise"},"share_on_mastodon":{"url":"https:\/\/pubeurope.com\/@fr\/115522905250582015","error":""},"_links":{"self":[{"href":"https:\/\/www.europesays.com\/fr\/wp-json\/wp\/v2\/posts\/523946","targetHints":{"allow":["GET"]}}],"collection":[{"href":"https:\/\/www.europesays.com\/fr\/wp-json\/wp\/v2\/posts"}],"about":[{"href":"https:\/\/www.europesays.com\/fr\/wp-json\/wp\/v2\/types\/post"}],"author":[{"embeddable":true,"href":"https:\/\/www.europesays.com\/fr\/wp-json\/wp\/v2\/users\/2"}],"replies":[{"embeddable":true,"href":"https:\/\/www.europesays.com\/fr\/wp-json\/wp\/v2\/comments?post=523946"}],"version-history":[{"count":0,"href":"https:\/\/www.europesays.com\/fr\/wp-json\/wp\/v2\/posts\/523946\/revisions"}],"wp:featuredmedia":[{"embeddable":true,"href":"https:\/\/www.europesays.com\/fr\/wp-json\/wp\/v2\/media\/520925"}],"wp:attachment":[{"href":"https:\/\/www.europesays.com\/fr\/wp-json\/wp\/v2\/media?parent=523946"}],"wp:term":[{"taxonomy":"category","embeddable":true,"href":"https:\/\/www.europesays.com\/fr\/wp-json\/wp\/v2\/categories?post=523946"},{"taxonomy":"post_tag","embeddable":true,"href":"https:\/\/www.europesays.com\/fr\/wp-json\/wp\/v2\/tags?post=523946"}],"curies":[{"name":"wp","href":"https:\/\/api.w.org\/{rel}","templated":true}]}}