{"id":523952,"date":"2025-11-10T02:02:31","date_gmt":"2025-11-10T02:02:31","guid":{"rendered":"https:\/\/www.europesays.com\/fr\/523952\/"},"modified":"2025-11-10T02:02:31","modified_gmt":"2025-11-10T02:02:31","slug":"la-compagnie-elarza-fait-rayonner-la-danse-orientale-a-bouguenais","status":"publish","type":"post","link":"https:\/\/www.europesays.com\/fr\/523952\/","title":{"rendered":"La compagnie Elarza fait rayonner la danse orientale \u00e0 Bouguenais"},"content":{"rendered":"<p>Fond\u00e9e \u00e0 la rentr\u00e9e 2021, l<a href=\"https:\/\/nantes.maville.com\/actu\/actudet_-bouguenais.-la-danse-orientale-a-fait-sa-reclame-au-forum-associatif-_8-6317434_actu.Htm?utm_source=troove&amp;utm_medium=site\" target=\"_blank\" rel=\"noopener\">a compagnie Elarza a ouvert une \u00e9cole de danse orientale r\u00e9partie entre Nantes et Bouguenais<\/a>. Elle propose aujourd\u2019hui neuf cours destin\u00e9s \u00e0 tous les niveaux, des enfants aux cat\u00e9gories avanc\u00e9s.<\/p>\n<p>L\u2019ann\u00e9e 2025 marque une nouvelle \u00e9tape pour la structure, avec quatre nouveaux cr\u00e9neaux\u00a0: un pour les enfants, deux pour les d\u00e9butants et un pour les niveaux interm\u00e9diaires. L\u2019\u00e9cole compte d\u00e9sormais 90\u00a0adh\u00e9rents, contre une cinquantaine l\u2019an dernier, preuve d\u2019un int\u00e9r\u00eat croissant pour cette discipline.<\/p>\n<p>La compagnie revendique une<strong> \u00ab\u00a0d\u00e9marche artistique et cr\u00e9ative en plus d\u2019\u00eatre technique\u00a0\u00bb<\/strong>, qui met la qualit\u00e9 de l\u2019enseignement au service de la diversit\u00e9 des styles orientaux.<\/p>\n<p>Entre cours r\u00e9guliers et stages th\u00e9matiques<\/p>\n<p>Les cours se d\u00e9roulent \u00e0 Bouguenais, dans les salles du studio Pyl\u00f4nes (quartier des Cou\u00ebts) et de Renaud Barrault, ainsi qu\u2019\u00e0 Nantes centre chaque lundi. En parall\u00e8le, Elarza organise r\u00e9guli\u00e8rement des stages pour enrichir la pratique des danseurs.<\/p>\n<p>Parmi les prochains rendez-vous\u00a0: dimanche 23\u00a0novembre 2025, un stage de danse libanaise folklorique (Dabke) anim\u00e9 par\u00a0Luz El Khazen, professeure de\u00a0ce genre depuis 2013\u00a0; dimanche 25\u00a0janvier 2026, un atelier chor\u00e9graphique \u00ab\u00a0Dabke Project\u00a0\u00bb, qui constituera une troupe \u00e9ph\u00e9m\u00e8re appel\u00e9e \u00e0 se produire lors du gala de fin d\u2019ann\u00e9e.<\/p>\n<p>Ces moments permettent aux participants de d\u00e9couvrir d\u2019autres styles et approches culturelles, tout en pr\u00e9parant des cr\u00e9ations collectives.<\/p>\n<p>Un gala pour c\u00e9l\u00e9brer la diversit\u00e9 des danses orientales<\/p>\n<p>Samedi 30\u00a0mai 2026, la compagnie pr\u00e9sentera son gala annuel au Piano\u2019cktail de Bouguenais. Ce spectacle r\u00e9unira les \u00e9l\u00e8ves et des artistes invit\u00e9s venus de toute la France, dans une mise en sc\u00e8ne pens\u00e9e comme un voyage \u00e0 travers les cultures et les styles.<\/p>\n<p>Anne, fondatrice et professeure, insiste sur la volont\u00e9 de <strong>\u00ab\u00a0montrer la diversit\u00e9 des danses orientales\u00a0\u00bb<\/strong> tout en maintenant une coh\u00e9rence artistique du d\u00e9but \u00e0 la fin du spectacle.<\/p>\n<p>Une aventure artistique qui s\u2019\u00e9tend<\/p>\n<p>En compl\u00e9ment des cours et du gala, des stages d\u2019\u00e9t\u00e9 seront propos\u00e9s d\u00e8s le mois de juillet pour prolonger la saison et permettre aux danseurs de continuer \u00e0 progresser. Ces moments offrent aussi l\u2019occasion d\u2019approfondir certains styles et de renforcer la coh\u00e9sion entre les \u00e9l\u00e8ves. Gr\u00e2ce \u00e0 cette dynamique, Elarza poursuit son d\u00e9veloppement et confirme sa place au sein de la vie culturelle locale.<\/p>\n<p>\u00a0<\/p>\n","protected":false},"excerpt":{"rendered":"Fond\u00e9e \u00e0 la rentr\u00e9e 2021, la compagnie Elarza a ouvert une \u00e9cole de danse orientale r\u00e9partie entre Nantes&hellip;\n","protected":false},"author":2,"featured_media":523953,"comment_status":"","ping_status":"","sticky":false,"template":"","format":"standard","meta":{"footnotes":""},"categories":[2818],"tags":[1111,11,5173,23486,5972,64397,1777,674,21,1011,27,766,12,39315,2636,9783,25],"class_list":{"0":"post-523952","1":"post","2":"type-post","3":"status-publish","4":"format-standard","5":"has-post-thumbnail","7":"category-nantes","8":"tag-actu","9":"tag-actualites","10":"tag-bouguenais","11":"tag-compagnie","12":"tag-danse","13":"tag-elarza","14":"tag-eu","15":"tag-europe","16":"tag-fait","17":"tag-fr","18":"tag-france","19":"tag-nantes","20":"tag-news","21":"tag-orientale","22":"tag-pays-de-la-loire","23":"tag-rayonner","24":"tag-republique-francaise"},"share_on_mastodon":{"url":"https:\/\/pubeurope.com\/@fr\/115522944747826233","error":""},"_links":{"self":[{"href":"https:\/\/www.europesays.com\/fr\/wp-json\/wp\/v2\/posts\/523952","targetHints":{"allow":["GET"]}}],"collection":[{"href":"https:\/\/www.europesays.com\/fr\/wp-json\/wp\/v2\/posts"}],"about":[{"href":"https:\/\/www.europesays.com\/fr\/wp-json\/wp\/v2\/types\/post"}],"author":[{"embeddable":true,"href":"https:\/\/www.europesays.com\/fr\/wp-json\/wp\/v2\/users\/2"}],"replies":[{"embeddable":true,"href":"https:\/\/www.europesays.com\/fr\/wp-json\/wp\/v2\/comments?post=523952"}],"version-history":[{"count":0,"href":"https:\/\/www.europesays.com\/fr\/wp-json\/wp\/v2\/posts\/523952\/revisions"}],"wp:featuredmedia":[{"embeddable":true,"href":"https:\/\/www.europesays.com\/fr\/wp-json\/wp\/v2\/media\/523953"}],"wp:attachment":[{"href":"https:\/\/www.europesays.com\/fr\/wp-json\/wp\/v2\/media?parent=523952"}],"wp:term":[{"taxonomy":"category","embeddable":true,"href":"https:\/\/www.europesays.com\/fr\/wp-json\/wp\/v2\/categories?post=523952"},{"taxonomy":"post_tag","embeddable":true,"href":"https:\/\/www.europesays.com\/fr\/wp-json\/wp\/v2\/tags?post=523952"}],"curies":[{"name":"wp","href":"https:\/\/api.w.org\/{rel}","templated":true}]}}