{"id":523954,"date":"2025-11-10T02:03:30","date_gmt":"2025-11-10T02:03:30","guid":{"rendered":"https:\/\/www.europesays.com\/fr\/523954\/"},"modified":"2025-11-10T02:03:30","modified_gmt":"2025-11-10T02:03:30","slug":"cinq-detenus-blesses-a-la-prison-de-nantes-apres-une-rixe-avec-armes-blanches","status":"publish","type":"post","link":"https:\/\/www.europesays.com\/fr\/523954\/","title":{"rendered":"Cinq d\u00e9tenus bless\u00e9s \u00e0 la prison de Nantes apr\u00e8s \u00ab\u00a0une rixe avec armes blanches\u00a0\u00bb"},"content":{"rendered":"<p>Une tr\u00e8s violente rixe \u00e0 la maison d\u2019arr\u00eat de <a href=\"https:\/\/www.20minutes.fr\/nantes\/\" class=\"c-link c-link--is-underlined\" target=\"_blank\" rel=\"noopener\">Nantes<\/a>, ce dimanche. Les pompiers sont intervenus \u00ab\u00a0pour <a href=\"https:\/\/www.20minutes.fr\/dossier\/coup_de_couteau\" class=\"c-link c-link--is-underlined\" target=\"_blank\" rel=\"noopener\">une rixe avec armes blanches<\/a>\u00a0\u00bb, avec cinq d\u00e9tenus impliqu\u00e9s. Quatre l\u00e9g\u00e8rement bless\u00e9s ont \u00e9t\u00e9 transport\u00e9s au CHU de Nantes, a annonc\u00e9 le service d\u2019incendie et de secours (SDIS) de Loire-Atlantique.<\/p>\n<p>La direction interr\u00e9gionale des services p\u00e9nitentiaires a confirm\u00e9 \u00e0 l\u2019AFP qu\u2019une rixe avait fait cinq bless\u00e9s l\u00e9gers, sans pouvoir \u00e0 ce stade en pr\u00e9ciser le contexte ou la nature de l\u2019arme utilis\u00e9e. Selon une source syndicale, il s&rsquo;agit d&rsquo;un r\u00e8glement de comptes sur fond de trafic et de racket, et des surveillants ont vu au moins un couteau en c\u00e9ramique utilis\u00e9. La \u00ab\u00a0<a href=\"https:\/\/www.20minutes.fr\/dossier\/bagarre\" class=\"c-link c-link--is-underlined\" target=\"_blank\" rel=\"noopener\">bagarre <\/a>entre d\u00e9tenus\u00a0\u00bb a \u00e9clat\u00e9 dans la cour de promenade de la <a href=\"https:\/\/www.20minutes.fr\/dossier\/prison\" class=\"c-link c-link--is-underlined\" target=\"_blank\" rel=\"noopener\">maison d\u2019arr\u00eat<\/a>, peu apr\u00e8s 15 heures, selon William Cozic, d\u00e9l\u00e9gu\u00e9 syndical Force ouvri\u00e8re Justice \u00e0 la prison de Nantes.<\/p>\n<\/p>\n<p>\u00ab\u00a0La surpopulation n\u2019aide pas\u00a0\u00bb<\/p>\n<p>La situation restait \u00ab\u00a0tr\u00e8s tendue\u00a0\u00bb en fin d\u2019apr\u00e8s-midi, la promenade ayant d\u00fb \u00eatre annul\u00e9e \u00e0 la suite de ces violences, a ajout\u00e9 William Cozic. \u00ab\u00a0Je ne connais pas la nature de la lame utilis\u00e9e aujourd\u2019hui [dimanche] mais les bagarres entre d\u00e9tenus \u00e7a devient de plus en plus courant, et on retrouve r\u00e9guli\u00e8rement des couteaux en c\u00e9ramique\u00a0\u00bb qui ne d\u00e9clenchent pas les d\u00e9tecteurs de m\u00e9taux, en plus des lames artisanales, explique le responsable syndical.<\/p>\n<p>\u00ab\u00a0Il y a aussi tous les trafics, avec des livraisons par drone et des projections quasi quotidiennes. C\u2019est tr\u00e8s compliqu\u00e9 actuellement et la surpopulation n\u2019aide pas\u00a0\u00bb, souligne-t-il. Selon lui, cette surpopulation a atteint cette semaine \u00ab\u00a0de nouveaux sommets\u00a0\u00bb \u00e0 la maison d\u2019arr\u00eat de Nantes\u00a0: \u00ab\u00a0entre le quartier arrivant, le quartier disciplinaire et le b\u00e2timent hommes, on arrivait \u00e0 860 d\u00e9tenus pour 420 places\u00a0\u00bb.<\/p>\n","protected":false},"excerpt":{"rendered":"Une tr\u00e8s violente rixe \u00e0 la maison d\u2019arr\u00eat de Nantes, ce dimanche. Les pompiers sont intervenus \u00ab\u00a0pour une&hellip;\n","protected":false},"author":2,"featured_media":523955,"comment_status":"","ping_status":"","sticky":false,"template":"","format":"standard","meta":{"footnotes":""},"categories":[2818],"tags":[1111,47,11,10737,7623,9625,17316,1777,674,118,6944,1011,27,766,12,2636,806,25,5510,809],"class_list":{"0":"post-523954","1":"post","2":"type-post","3":"status-publish","4":"format-standard","5":"has-post-thumbnail","7":"category-nantes","8":"tag-actu","9":"tag-actualite","10":"tag-actualites","11":"tag-bagarre","12":"tag-coup-de-couteau","13":"tag-detenu","14":"tag-detenus","15":"tag-eu","16":"tag-europe","17":"tag-faits-divers","18":"tag-faits-divers-nantes","19":"tag-fr","20":"tag-france","21":"tag-nantes","22":"tag-news","23":"tag-pays-de-la-loire","24":"tag-prison","25":"tag-republique-francaise","26":"tag-rixe","27":"tag-violence"},"share_on_mastodon":{"url":"https:\/\/pubeurope.com\/@fr\/115522948517846701","error":""},"_links":{"self":[{"href":"https:\/\/www.europesays.com\/fr\/wp-json\/wp\/v2\/posts\/523954","targetHints":{"allow":["GET"]}}],"collection":[{"href":"https:\/\/www.europesays.com\/fr\/wp-json\/wp\/v2\/posts"}],"about":[{"href":"https:\/\/www.europesays.com\/fr\/wp-json\/wp\/v2\/types\/post"}],"author":[{"embeddable":true,"href":"https:\/\/www.europesays.com\/fr\/wp-json\/wp\/v2\/users\/2"}],"replies":[{"embeddable":true,"href":"https:\/\/www.europesays.com\/fr\/wp-json\/wp\/v2\/comments?post=523954"}],"version-history":[{"count":0,"href":"https:\/\/www.europesays.com\/fr\/wp-json\/wp\/v2\/posts\/523954\/revisions"}],"wp:featuredmedia":[{"embeddable":true,"href":"https:\/\/www.europesays.com\/fr\/wp-json\/wp\/v2\/media\/523955"}],"wp:attachment":[{"href":"https:\/\/www.europesays.com\/fr\/wp-json\/wp\/v2\/media?parent=523954"}],"wp:term":[{"taxonomy":"category","embeddable":true,"href":"https:\/\/www.europesays.com\/fr\/wp-json\/wp\/v2\/categories?post=523954"},{"taxonomy":"post_tag","embeddable":true,"href":"https:\/\/www.europesays.com\/fr\/wp-json\/wp\/v2\/tags?post=523954"}],"curies":[{"name":"wp","href":"https:\/\/api.w.org\/{rel}","templated":true}]}}