{"id":523963,"date":"2025-11-10T02:09:19","date_gmt":"2025-11-10T02:09:19","guid":{"rendered":"https:\/\/www.europesays.com\/fr\/523963\/"},"modified":"2025-11-10T02:09:19","modified_gmt":"2025-11-10T02:09:19","slug":"bruno-genesio-regrette-les-erreurs-de-lille-qui-ont-coute-cher-face-a-strasbourg","status":"publish","type":"post","link":"https:\/\/www.europesays.com\/fr\/523963\/","title":{"rendered":"Bruno Genesio regrette les \u00aberreurs\u00bb de Lille qui ont \u00abco\u00fbt\u00e9 cher\u00bb face \u00e0 Strasbourg"},"content":{"rendered":"<p>\n    L\u2019entra\u00eeneur lillois Bruno Genesio a regrett\u00e9 les \u00aberreurs qui co\u00fbtent tr\u00e8s cher\u00bb et le \u00abmanque de prises d\u2019initiative\u00bb qui ont pr\u00e9cipit\u00e9 la d\u00e9faite \u00e0 Strasbourg (2-0).<\/p>\n<p class=\"fig-paragraph\"><a href=\"http:\/\/www.lefigaro.fr\/sports\/football\/ligue-1\/ligue-1-lille-sombre-a-strasbourg-apres-une-erreur-de-giroud-metz-enfonce-nice-auxerre-coule-a-angers-20251109\" target=\"_blank\" data-fig-type=\"NewsFlash\" rel=\"sponsored noopener\" data-gtm-custom-categorie=\"navigation\" data-gtm-custom-action=\"crossclick\" data-gtm-custom-label=\"Contextuel\" data-gtm-event=\"customEventSPE\" data-fig-domain=\"LEFIGARO\">Le Losc a encha\u00een\u00e9 \u00e0 la Meinau<\/a>\u00a0(2-0) une deuxi\u00e8me d\u00e9faite apr\u00e8s le revers contre l&rsquo;\u00c9toile rouge de Belgrade (1-0) jeudi soir en Ligue Europa. Avec des maux similaires, selon\u00a0<a href=\"http:\/\/www.lefigaro.fr\/sports\/football\/ligue-europa\/ligue-europa-je-m-en-veux-rale-genesio-apres-la-defaite-de-lille-20251024\" target=\"_blank\" data-fig-type=\"NewsFlash\" rel=\"noopener\" data-gtm-custom-categorie=\"navigation\" data-gtm-custom-action=\"crossclick\" data-gtm-custom-label=\"Contextuel\" data-gtm-event=\"customEventSPE\" data-fig-domain=\"LEFIGARO\">Bruno Genesio<\/a>. \u00abCe match a ressembl\u00e9 \u00e0 certains de nos derniers matchs, \u00e0 Belgrade, \u00e0 Nice (d\u00e9faite 2-0, NDLR), o\u00f9 on ne peut pas dire que l&rsquo;on fait un tr\u00e8s mauvais match et que l&rsquo;adversaire nous est sup\u00e9rieur. On fait des erreurs qui co\u00fbtent tr\u00e8s, tr\u00e8s ch\u00e8res et on manque de vari\u00e9t\u00e9, de prise d&rsquo;initiatives offensivement pour valider des approches plut\u00f4t bonnes\u00bb, a-t-il analys\u00e9.<\/p>\n<p class=\"fig-paragraph\">En panne d&rsquo;efficacit\u00e9, les Dogues n&rsquo;ont pas marqu\u00e9 lors de leurs deux derniers matches, alors qu&rsquo;ils \u00e9taient troisi\u00e8me meilleure attaque du championnat avant la rencontre. Strasbourg les devance d\u00e9sormais (24 buts marqu\u00e9s contre 23).<\/p>\n<blockquote class=\"fig-quote&#10;    \">\n<p class=\"fig-quote__text\">On se cr\u00e9e trop peu d\u2019occasions par rapport \u00e0 ce qu\u2019on doit faire c\u2019est surtout cela qui est plus inqui\u00e9tant<\/p>\n<p>            Bruno Genesio\n    <\/p><\/blockquote>\n<p>                                    <a class=\"fig-a11y-skip a11y-hidden\" href=\"#fig-a11y-skip-main-inarticle\"><br \/>\n        Passer la publicit\u00e9<br \/>\n    <\/a><\/p>\n<p class=\"fig-paragraph\">\u00abSur les deux derniers matches, on se cr\u00e9e trop peu d&rsquo;occasions par rapport \u00e0 ce qu&rsquo;on doit faire c&rsquo;est surtout cela qui est plus inqui\u00e9tant\u00bb, a d\u00e9plor\u00e9 G\u00e9n\u00e9sio. \u00abCe soir on se cr\u00e9e peut-\u00eatre deux occasions et apr\u00e8s quasiment rien. L&rsquo;efficacit\u00e9 dans les deux surfaces en ce moment, elle n&rsquo;est ni dans un sens ni dans l&rsquo;autre.\u00bb L&rsquo;entra\u00eeneur appelle d\u00e9sormais ses troupes \u00e0 \u00abtraverser ce moment ensemble\u00bb, \u00abbien analyser, se remettre en question et continuer \u00e0 travailler\u00bb, alors qu&rsquo;arrive la tr\u00eave internationale de novembre.<\/p>\n","protected":false},"excerpt":{"rendered":"L\u2019entra\u00eeneur lillois Bruno Genesio a regrett\u00e9 les \u00aberreurs qui co\u00fbtent tr\u00e8s cher\u00bb et le \u00abmanque de prises d\u2019initiative\u00bb&hellip;\n","protected":false},"author":2,"featured_media":523964,"comment_status":"","ping_status":"","sticky":false,"template":"","format":"standard","meta":{"footnotes":""},"categories":[2815],"tags":[1111,11,8095,1777,674,1011,27,811,1307,2267,12,5959,4448,25],"class_list":{"0":"post-523963","1":"post","2":"type-post","3":"status-publish","4":"format-standard","5":"has-post-thumbnail","7":"category-lille","8":"tag-actu","9":"tag-actualites","10":"tag-bruno-genesio","11":"tag-eu","12":"tag-europe","13":"tag-fr","14":"tag-france","15":"tag-hauts-de-france","16":"tag-lille","17":"tag-losc","18":"tag-news","19":"tag-olivier-giroud","20":"tag-rc-strasbourg","21":"tag-republique-francaise"},"share_on_mastodon":{"url":"https:\/\/pubeurope.com\/@fr\/115522972166134610","error":""},"_links":{"self":[{"href":"https:\/\/www.europesays.com\/fr\/wp-json\/wp\/v2\/posts\/523963","targetHints":{"allow":["GET"]}}],"collection":[{"href":"https:\/\/www.europesays.com\/fr\/wp-json\/wp\/v2\/posts"}],"about":[{"href":"https:\/\/www.europesays.com\/fr\/wp-json\/wp\/v2\/types\/post"}],"author":[{"embeddable":true,"href":"https:\/\/www.europesays.com\/fr\/wp-json\/wp\/v2\/users\/2"}],"replies":[{"embeddable":true,"href":"https:\/\/www.europesays.com\/fr\/wp-json\/wp\/v2\/comments?post=523963"}],"version-history":[{"count":0,"href":"https:\/\/www.europesays.com\/fr\/wp-json\/wp\/v2\/posts\/523963\/revisions"}],"wp:featuredmedia":[{"embeddable":true,"href":"https:\/\/www.europesays.com\/fr\/wp-json\/wp\/v2\/media\/523964"}],"wp:attachment":[{"href":"https:\/\/www.europesays.com\/fr\/wp-json\/wp\/v2\/media?parent=523963"}],"wp:term":[{"taxonomy":"category","embeddable":true,"href":"https:\/\/www.europesays.com\/fr\/wp-json\/wp\/v2\/categories?post=523963"},{"taxonomy":"post_tag","embeddable":true,"href":"https:\/\/www.europesays.com\/fr\/wp-json\/wp\/v2\/tags?post=523963"}],"curies":[{"name":"wp","href":"https:\/\/api.w.org\/{rel}","templated":true}]}}