{"id":523981,"date":"2025-11-10T02:21:28","date_gmt":"2025-11-10T02:21:28","guid":{"rendered":"https:\/\/www.europesays.com\/fr\/523981\/"},"modified":"2025-11-10T02:21:28","modified_gmt":"2025-11-10T02:21:28","slug":"on-peut-donc-faire-ce-que-lon-veut-lincredulite-des-parisiens-apres-la-fete-illegale-des-ultras-marocains","status":"publish","type":"post","link":"https:\/\/www.europesays.com\/fr\/523981\/","title":{"rendered":"\u00ab\u00a0On peut donc faire ce que l\u2019on veut\u00a0\u00bb\u00a0: l\u2019incr\u00e9dulit\u00e9 des Parisiens apr\u00e8s la f\u00eate ill\u00e9gale des ultras marocains"},"content":{"rendered":"<p class=\"paragraph text_align_left lp-f-body-02\">Il subsistait, depuis samedi matin, un doute sur la v\u00e9racit\u00e9 des faits. Vers 23h30, la veille, des centaines de supporters du club du <a href=\"https:\/\/www.leparisien.fr\/sports\/football\/meilleur-public-du-monde-qui-sont-les-ultras-du-wydad-casablanca-qui-ont-enflamme-paris-08-11-2025-3WBVZBMN7JC2JDC7H32EUGERBE.php\" target=\"_self\" rel=\"nofollow noopener\">Wydad Casablanca<\/a>, club le plus titr\u00e9 du Maroc, ont c\u00e9l\u00e9br\u00e9 leurs 20 ans en grande pompe. Ils ont quadrill\u00e9 les deux quais de Seine, ainsi que les ponts Mirabeau et de Grenelle, dans le XVe arrondissement de Paris, pour <a href=\"https:\/\/www.leparisien.fr\/sports\/football\/fumigenes-feux-dartifice-la-surprenante-celebration-des-supporters-dun-club-de-football-marocain-a-paris-pour-feter-leurs-20-ans-08-11-2025-HJXETCJ4BBEDTDOEULPWWFFPLU.php\" target=\"_self\" rel=\"nofollow noopener\">craquer des fumig\u00e8nes durant pr\u00e8s de deux minutes de folie<\/a>.<\/p>\n<p class=\"paragraph text_align_left lp-f-body-02\">Les images, diffus\u00e9es le samedi sur les r\u00e9seaux sociaux, ont tr\u00e8s vite surpris. Tant la sc\u00e8ne parait inimaginable, sans intervention des forces de l\u2019ordre en amont ou durant le \u00ab spectacle \u00bb, nombreux se demandaient en effet si tout cela n\u2019avait pas \u00e9t\u00e9 retouch\u00e9 au montage pour amplifier le rendu. Interrog\u00e9s ce dimanche, les riverains qui y ont assist\u00e9 sont unanimes : tout est vrai.<\/p>\n<p class=\"paragraph text_align_left lp-f-body-02\">Un rectangle flamboyant donc, agr\u00e9ment\u00e9 d\u2019une multitude de feux d\u2019artifice qui n\u2019ont g\u00e9n\u00e9r\u00e9 aucun d\u00e9g\u00e2t. Mais cette \u00ab <a href=\"https:\/\/www.leparisien.fr\/sports\/football\/supporters-marocains-rassembles-a-paris-levenement-etait-totalement-illegal-une-enquete-ouverte-09-11-2025-3FQMFKRKSZFSJLJHU3YEMFCBII.php\" target=\"_self\" rel=\"nofollow noopener\">manifestation, bien que non violente et tr\u00e8s br\u00e8ve, demeure totalement ill\u00e9gale <\/a>\u00bb, rappelait ce dimanche matin au Parisien une source polici\u00e8re. Rien n\u2019avait en effet \u00e9t\u00e9 d\u00e9clar\u00e9 en amont. Une enqu\u00eate a donc \u00e9t\u00e9 ouverte et a \u00e9t\u00e9 confi\u00e9e \u00e0 la s\u00fbret\u00e9 territoriale de Paris.<\/p>\n<p class=\"paragraph text_align_left lp-f-body-02\">\u00ab Si je ne l\u2019avais pas v\u00e9cu, je n\u2019y croirais pas et je penserais aussi que c\u2019est une vid\u00e9o g\u00e9n\u00e9r\u00e9e par l\u2019intelligence artificielle, souffle Quentin, dont les fen\u00eatres donnent sur les quais. C\u2019est assez inqui\u00e9tant qu\u2019on puisse organiser un tel \u00e9v\u00e9nement \u00e0 deux pas de la tour Eiffel, sans difficult\u00e9. On peut donc faire ce que l\u2019on veut \u00e0 Paris. \u00bb<\/p>\n<p class=\"paragraph text_align_left lp-f-body-02\">Sandra, elle, f\u00eatait les 23 ans de sa fille \u00e0 son domicile, dont le balcon donne sur les quais. \u00ab On a ador\u00e9 le spectacle, c\u2019\u00e9tait beau, on en a bien profit\u00e9, s\u2019amuse-t-elle. Mais comme on est au premier \u00e9tage, on a quand m\u00eame ferm\u00e9 les fen\u00eatres et regard\u00e9 prudemment de chez nous. \u00bb<\/p>\n<p class=\"paragraph text_align_left lp-f-body-02\">Un bateau voguait au milieu de la Seine au moment de l\u2019\u00e9v\u00e9nement. \u00ab On a cru que c\u2019\u00e9tait une mise en sc\u00e8ne, pour quelqu\u2019un dans le bateau, qu\u2019il y avait une demande en mariage ou une d\u00e9claration d\u2019amour \u00bb, relate Sandra.<\/p>\n<p class=\"paragraph text_align_left lp-f-body-02\">\u00ab On est surpris que ce soit possible de faire une telle manifestation ici \u00bb, commente pour sa part Gil, qui a tout film\u00e9 depuis son balcon. Sa femme, r\u00e9veill\u00e9e en sursaut, \u00e9tait moins \u00e9merveill\u00e9e : \u00ab J\u2019entendais les cr\u00e9pitements, j\u2019ai cru qu\u2019il y avait le feu. L\u2019appartement \u00e9tait tout \u00e9clair\u00e9 de rouge. J\u2019ai eu peur, se rem\u00e9more-t-elle ce dimanche. \u00c7a reste pr\u00e9occupant, ils \u00e9taient nombreux. \u00bb<\/p>\n<p class=\"paragraph text_align_left lp-f-body-02\">Plusieurs riverains ont d\u00fb chercher leurs chats cach\u00e9s dans leurs appartements d\u00e8s le premier tir de mortier, ou rassurer leurs chiens tremblants.<\/p>\n<p class=\"paragraph text_align_left lp-f-body-02\">\u00ab Pour le c\u00f4t\u00e9 \u00e9colo, on repassera, parce que ces supporters ont jet\u00e9 tous les fumig\u00e8nes dans la Seine \u00bb, soupire aussi Gil. Sans doute pour ne pas laisser de trace en cas de contr\u00f4le de police. \u00ab Mais ils \u00e9taient bien organis\u00e9s, car ils \u00e9taient r\u00e9partis tous les 5 \u00e0 6 m le long de la berge, et quelqu\u2019un avec des cartons est pass\u00e9 leur distribuer les fumig\u00e8nes \u00bb, rapporte Quentin.<\/p>\n<p class=\"paragraph text_align_left lp-f-body-02\">Et apr\u00e8s deux minutes de folie, ces centaines d\u2019ultras se sont dispers\u00e9s par petits groupes. \u00ab Sans doute pour rejoindre leurs camions, car je fumais sur mon balcon avant que tout ne s\u2019embrase et je les ai vus \u00eatre d\u00e9pos\u00e9s par un autobus. Je pensais \u00e0 des touristes au d\u00e9part \u00bb, sourit Gil.<\/p>\n<p class=\"paragraph text_align_left lp-f-body-02\">A cet endroit, sur les quais, les voisins ont l\u2019habitude du calme. \u00ab Malgr\u00e9 quelques d\u00e9bordements de temps en temps sur l\u2019\u00eele aux Cygnes, o\u00f9 des jeunes f\u00eatent la fin des cours souvent en juin \u00bb, souligne une retrait\u00e9e. Mais \u00ab jamais rien de cette ampleur, m\u00eame les soirs de victoire du Paris SG \u00bb, affirment tous les habitants du secteur interrog\u00e9s.<\/p>\n","protected":false},"excerpt":{"rendered":"Il subsistait, depuis samedi matin, un doute sur la v\u00e9racit\u00e9 des faits. Vers 23h30, la veille, des centaines&hellip;\n","protected":false},"author":2,"featured_media":521865,"comment_status":"","ping_status":"","sticky":false,"template":"","format":"standard","meta":{"footnotes":""},"categories":[1888],"tags":[11,1777,674,1011,27,1944,12,626,25],"class_list":{"0":"post-523981","1":"post","2":"type-post","3":"status-publish","4":"format-standard","5":"has-post-thumbnail","7":"category-paris","8":"tag-actualites","9":"tag-eu","10":"tag-europe","11":"tag-fr","12":"tag-france","13":"tag-ma-ville","14":"tag-news","15":"tag-paris","16":"tag-republique-francaise"},"share_on_mastodon":{"url":"https:\/\/pubeurope.com\/@fr\/115523019353352398","error":""},"_links":{"self":[{"href":"https:\/\/www.europesays.com\/fr\/wp-json\/wp\/v2\/posts\/523981","targetHints":{"allow":["GET"]}}],"collection":[{"href":"https:\/\/www.europesays.com\/fr\/wp-json\/wp\/v2\/posts"}],"about":[{"href":"https:\/\/www.europesays.com\/fr\/wp-json\/wp\/v2\/types\/post"}],"author":[{"embeddable":true,"href":"https:\/\/www.europesays.com\/fr\/wp-json\/wp\/v2\/users\/2"}],"replies":[{"embeddable":true,"href":"https:\/\/www.europesays.com\/fr\/wp-json\/wp\/v2\/comments?post=523981"}],"version-history":[{"count":0,"href":"https:\/\/www.europesays.com\/fr\/wp-json\/wp\/v2\/posts\/523981\/revisions"}],"wp:featuredmedia":[{"embeddable":true,"href":"https:\/\/www.europesays.com\/fr\/wp-json\/wp\/v2\/media\/521865"}],"wp:attachment":[{"href":"https:\/\/www.europesays.com\/fr\/wp-json\/wp\/v2\/media?parent=523981"}],"wp:term":[{"taxonomy":"category","embeddable":true,"href":"https:\/\/www.europesays.com\/fr\/wp-json\/wp\/v2\/categories?post=523981"},{"taxonomy":"post_tag","embeddable":true,"href":"https:\/\/www.europesays.com\/fr\/wp-json\/wp\/v2\/tags?post=523981"}],"curies":[{"name":"wp","href":"https:\/\/api.w.org\/{rel}","templated":true}]}}