{"id":523984,"date":"2025-11-10T02:23:20","date_gmt":"2025-11-10T02:23:20","guid":{"rendered":"https:\/\/www.europesays.com\/fr\/523984\/"},"modified":"2025-11-10T02:23:20","modified_gmt":"2025-11-10T02:23:20","slug":"la-partie-recettes-du-plfss-2025-adoptee-un-colloque-sur-la-palestine-annule-lune-des-attaques-les-plus-graves-pour-le-secteur-energetique-en-ukraine-ce-qu","status":"publish","type":"post","link":"https:\/\/www.europesays.com\/fr\/523984\/","title":{"rendered":"La partie recettes du PLFSS 2025 adopt\u00e9e, un colloque sur la Palestine annul\u00e9, \u00ab\u00a0l\u2019une des attaques les plus graves pour le secteur \u00e9nerg\u00e9tique\u00a0\u00bb en Ukraine\u2026 Ce qu\u2019il ne fallait pas manquer ce week-end"},"content":{"rendered":"<p><strong>PLFSS 2026\u00a0: la partie recettes a \u00e9t\u00e9 adopt\u00e9e\u2026 Qu\u2019a fait la gauche\u00a0?<\/strong><\/p>\n<p>Les d\u00e9put\u00e9s ont adopt\u00e9, samedi 8\u00a0novembre, la premi\u00e8re partie du budget de la S\u00e9curit\u00e9 sociale. Les socialistes ont vot\u00e9 pour, \u00e0 l\u2019inverse des insoumis. Communistes et \u00e9cologistes se sont majoritairement abstenus pour permettre la suite du d\u00e9bat.<\/p>\n<p><strong>Le Coll\u00e8ge de France annule un colloque sur la Palestine avec Dominique de Villepin et Francesca Albanese<\/strong><\/p>\n<p>L\u2019administrateur du Coll\u00e8ge de France a annonc\u00e9 ce dimanche 10\u00a0novembre l\u2019annulation du colloque \u00ab\u00a0La Palestine et l\u2019Europe\u00a0: poids du pass\u00e9 et dynamiques contemporaines\u00a0\u00bb. Une d\u00e9cision prise face \u00e0 la pression, les d\u00e9tracteurs reprochant \u00e0 l\u2019\u00e9v\u00e9nement d\u2019\u00eatre pro palestinien. Parmi les participants \u00e0 ce colloque\u00a0: Dominique de Villepin ou Francesca Albanese, rapporteure sp\u00e9ciale de l\u2019ONU\u00a0pour les Territoires palestiniens.<\/p>\n<p><strong>Guerre en Ukraine\u00a0: le r\u00e9seau \u00e9lectrique en rade apr\u00e8s \u00ab\u00a0l\u2019une des attaques les plus graves pour le secteur \u00e9nerg\u00e9tique\u00a0\u00bb<\/strong><\/p>\n<p>Des dizaines de milliers de personnes restaient priv\u00e9es de courant dimanche 9\u00a0novembre en Ukraine au lendemain de frappes russes massives sur le r\u00e9seau \u00e9lectrique et gazier du pays, tandis qu\u2019une riposte ukrainienne a provoqu\u00e9 des interruptions dans plusieurs r\u00e9gions russes.<\/p>\n<p><strong>Comm\u00e9moration du 13\u00a0novembre\u00a0: le ministre de l\u2019Int\u00e9rieur appelle les pr\u00e9fets \u00e0 \u00ab\u00a0une vigilance renforc\u00e9e\u00a0\u00bb notamment pr\u00e8s des salles de concert<\/strong><\/p>\n<p>Ce dimanche 9\u00a0novembre, le minist\u00e8re de l\u2019Int\u00e9rieur a donn\u00e9 de nouvelles consignes face aux risques terroristes qu\u2019il consid\u00e8re comme \u00e9lev\u00e9s, \u00e0 l\u2019approche des comm\u00e9morations du 13\u00a0novembre 2015.<\/p>\n<p><strong>Rugby\u00a0: les Fran\u00e7ais s\u2019inclinent face aux Sud-Africains<\/strong><\/p>\n<p>Dans une rencontre terne, l\u2019\u00e9quipe de France peu inspir\u00e9e et brouillonne n\u2019a pas su contrer l\u2019Afrique du Sud, ma\u00eetresse du temps et de\u00a0l\u2019arbitrage ce samedi 8\u00a0novembre. Un match hach\u00e9 qui a profit\u00e9 aux m\u00e9tronomes Springboks. Victoire (32-17).<\/p>\n<p><strong>Et aussi\u00a0:<\/strong><\/p>\n<p><a href=\"https:\/\/www.humanite.fr\/social-et-economie\/accidents-du-travail\/un-eleve-ne-devrait-pas-mourir-en-stage-le-pere-du-lyceen-mort-chez-gifi-reclame-la-fin-des-stages-de-seconde\" target=\"_blank\" rel=\"noopener\">Le p\u00e8re d\u2019un \u00e9l\u00e8ve mort \u00e0 16\u00a0ans pendant un stage chez Gifi lance une p\u00e9tition\u00a0:<\/a> \u00ab\u00a0Un \u00e9l\u00e8ve ne devrait pas mourir en stage\u00a0\u00bb<\/p>\n<p>\u00ab\u00a0Canon fran\u00e7ais\u00a0\u00bb\u00a0: <a href=\"https:\/\/www.humanite.fr\/politique\/extreme-droite\/canon-francais-lhumanite-sest-rendue-dans-le-banquet-breton-la-ou-les-reacs-font-bonne-chere\" target=\"_blank\" rel=\"noopener\">l\u2019Humanit\u00e9 s\u2019est rendue dans le banquet breton, l\u00e0 o\u00f9 les r\u00e9acs font bonne ch\u00e8re<\/a><\/p>\n<p>En vid\u00e9o, <a href=\"https:\/\/www.humanite.fr\/politique\/eric-zemmour\/livres-de-bardella-et-zemmour-deux-faces-dune-meme-piece\" target=\"_blank\" rel=\"noopener\">Livres de Bardella et Zemmour\u00a0: deux faces d\u2019une m\u00eame pi\u00e8ce<\/a><\/p>\n<p>Avant de partir, une derni\u00e8re chose\u2026<\/p>\n<p>Contrairement \u00e0 90% des m\u00e9dias fran\u00e7ais aujourd\u2019hui, <strong>l\u2019Humanit\u00e9 ne d\u00e9pend ni de grands groupes ni de milliardaires<\/strong>. Cela signifie que : <\/p>\n<ul class=\"wp-block-list\">\n<li>nous vous apportons des informations impartiales, sans compromis. Mais aussi que <\/li>\n<li>nous n\u2019avons pas les moyens financiers dont b\u00e9n\u00e9ficient les autres m\u00e9dias.<\/li>\n<\/ul>\n<p><strong>L\u2019information ind\u00e9pendante et de qualit\u00e9 a un co\u00fbt<\/strong>. Payez-le.<br \/><a href=\"https:\/\/stage.preprod.humanite.fr\/lhumanite-cest-vous\" data-type=\"link\" data-id=\"https:\/\/stage.preprod.humanite.fr\/lhumanite-cest-vous\" target=\"_blank\" rel=\"noopener\">Je veux en savoir plus<\/a><\/p>\n","protected":false},"excerpt":{"rendered":"PLFSS 2026\u00a0: la partie recettes a \u00e9t\u00e9 adopt\u00e9e\u2026 Qu\u2019a fait la gauche\u00a0? Les d\u00e9put\u00e9s ont adopt\u00e9, samedi 8\u00a0novembre,&hellip;\n","protected":false},"author":2,"featured_media":523985,"comment_status":"","ping_status":"","sticky":false,"template":"","format":"standard","meta":{"footnotes":""},"categories":[1590],"tags":[11,1777,674,12,64218,38090,220],"class_list":{"0":"post-523984","1":"post","2":"type-post","3":"status-publish","4":"format-standard","5":"has-post-thumbnail","7":"category-ukraine","8":"tag-actualites","9":"tag-eu","10":"tag-europe","11":"tag-news","12":"tag-plfss","13":"tag-u00e9tat-de-palestine","14":"tag-ukraine"},"share_on_mastodon":{"url":"https:\/\/pubeurope.com\/@fr\/115523027162281206","error":""},"_links":{"self":[{"href":"https:\/\/www.europesays.com\/fr\/wp-json\/wp\/v2\/posts\/523984","targetHints":{"allow":["GET"]}}],"collection":[{"href":"https:\/\/www.europesays.com\/fr\/wp-json\/wp\/v2\/posts"}],"about":[{"href":"https:\/\/www.europesays.com\/fr\/wp-json\/wp\/v2\/types\/post"}],"author":[{"embeddable":true,"href":"https:\/\/www.europesays.com\/fr\/wp-json\/wp\/v2\/users\/2"}],"replies":[{"embeddable":true,"href":"https:\/\/www.europesays.com\/fr\/wp-json\/wp\/v2\/comments?post=523984"}],"version-history":[{"count":0,"href":"https:\/\/www.europesays.com\/fr\/wp-json\/wp\/v2\/posts\/523984\/revisions"}],"wp:featuredmedia":[{"embeddable":true,"href":"https:\/\/www.europesays.com\/fr\/wp-json\/wp\/v2\/media\/523985"}],"wp:attachment":[{"href":"https:\/\/www.europesays.com\/fr\/wp-json\/wp\/v2\/media?parent=523984"}],"wp:term":[{"taxonomy":"category","embeddable":true,"href":"https:\/\/www.europesays.com\/fr\/wp-json\/wp\/v2\/categories?post=523984"},{"taxonomy":"post_tag","embeddable":true,"href":"https:\/\/www.europesays.com\/fr\/wp-json\/wp\/v2\/tags?post=523984"}],"curies":[{"name":"wp","href":"https:\/\/api.w.org\/{rel}","templated":true}]}}