{"id":523988,"date":"2025-11-10T02:25:13","date_gmt":"2025-11-10T02:25:13","guid":{"rendered":"https:\/\/www.europesays.com\/fr\/523988\/"},"modified":"2025-11-10T02:25:13","modified_gmt":"2025-11-10T02:25:13","slug":"les-tetes-tombent-a-la-bbc-pour-le-scandale-du-montage-dun-discours-de-trump","status":"publish","type":"post","link":"https:\/\/www.europesays.com\/fr\/523988\/","title":{"rendered":"Les t\u00eates tombent \u00e0 la BBC pour le scandale du montage d\u2019un discours de Trump"},"content":{"rendered":"<p>La cr\u00e9dibilit\u00e9 de la BBC est en jeu. Au c\u0153ur de la pol\u00e9mique\u00a0: <a href=\"https:\/\/www.20minutes.fr\/arts-stars\/medias\/4184542-20251109-bbc-va-expliquer-montage-discours-trump\" target=\"_blank\" class=\"c-link c-link--is-underlined\" rel=\"noopener\">un montage contest\u00e9 d\u2019un discours de Donald Trump<\/a>. Alors, pour tenter d\u2019\u00e9teindre l\u2019incendie qui touche le groupe audiovisuel public britannique, son directeur g\u00e9n\u00e9ral Tim Davie et sa patronne de l\u2019information ont annonc\u00e9 dimanche soir leur d\u00e9mission.<\/p>\n<p>Apr\u00e8s cette annonce, le pr\u00e9sident am\u00e9ricain a d\u00e9nonc\u00e9 les \u00ab\u00a0journalistes corrompus\u00a0\u00bb de la BBC, sur son r\u00e9seau Truth Social. \u00ab\u00a0Ce sont des personnes tr\u00e8s malhonn\u00eates qui ont tent\u00e9 d\u2019influencer le r\u00e9sultat d\u2019une \u00e9lection pr\u00e9sidentielle. Pour couronner le tout, elles viennent d\u2019un pays \u00e9tranger, consid\u00e9r\u00e9 par beaucoup comme notre alli\u00e9 num\u00e9ro un. C\u2019est terrible pour la d\u00e9mocratie\u00a0!\u00a0\u00bb.<\/p>\n<p>D\u00e9j\u00e0 une pol\u00e9mique sur Gaza<\/p>\n<p>Plus t\u00f4t, le pr\u00e9sident du groupe public Samir Shah a estim\u00e9 qu\u2019il s\u2019agissait d\u2019un \u00ab\u00a0triste jour pour la BBC\u00a0\u00bb. \u00ab\u00a0Tim a \u00e9t\u00e9 un excellent directeur g\u00e9n\u00e9ral ces cinq derni\u00e8res ann\u00e9es\u00a0\u00bb, mais il \u00e9tait confront\u00e9 \u00e0 \u00ab\u00a0une pression persistante [\u2026] qui l\u2019a men\u00e9 \u00e0 prendre cette d\u00e9cision\u00a0\u00bb de d\u00e9missionner, a-t-il d\u00e9clar\u00e9, rendant aussi hommage \u00e0 \u00ab\u00a0l\u2019int\u00e9grit\u00e9\u00a0\u00bb d\u00e9montr\u00e9e par Deborah Turness.<\/p>\n<\/p>\n<p>Samir Shah est appel\u00e9 \u00e0 s\u2019expliquer devant une commission parlementaire ce lundi sur cette affaire, que la ministre britannique de la Culture, Lisa Nandy, a qualifi\u00e9e dimanche d&rsquo;\u00ab\u00a0extr\u00eamement grave\u00a0\u00bb. Elle survient en outre peu apr\u00e8s une sanction inflig\u00e9e \u00e0 la BBC par le r\u00e9gulateur des m\u00e9dias \u00e0 propos d\u2019un documentaire sur <a href=\"https:\/\/www.20minutes.fr\/monde\/gaza\/\" target=\"_blank\" class=\"c-link c-link--is-underlined\" rel=\"noopener\">Gaza<\/a> jug\u00e9 trompeur.<\/p>\n<p>Un documentaire juste avant la pr\u00e9sidentielle<\/p>\n<p>\u00ab\u00a0Le d\u00e9bat actuel autour de l\u2019information de la BBC a contribu\u00e9 \u00e0 ma d\u00e9cision\u00a0\u00bb, a reconnu Tim Davie dans un message annon\u00e7ant sa d\u00e9cision de d\u00e9missionner \u00e0 ses collaborateurs. \u00ab\u00a0Si la BBC travaille globalement bien, il y a eu des erreurs commises et, au bout du compte, le directeur g\u00e9n\u00e9ral doit en assumer la responsabilit\u00e9\u00a0\u00bb. La directrice de BBC News, Deborah Turness, \u00e9galement d\u00e9missionnaire, a expliqu\u00e9 dans sa lettre au personnel que la \u00ab\u00a0controverse actuelle autour du reportage Panorama sur le pr\u00e9sident Trump est arriv\u00e9e \u00e0 un stade o\u00f9 elle porte pr\u00e9judice \u00e0 la BBC\u00a0\u00bb. Mais elle a jug\u00e9 que \u00ab\u00a0les accusations r\u00e9centes selon lesquelles BBC News serait institutionnellement partiale sont fausses\u00a0\u00bb.<\/p>\n<p><a href=\"https:\/\/www.20minutes.fr\/monde\/royaume-uni\/\" target=\"_blank\" class=\"c-link c-btn c-btn--primary\" rel=\"noopener\">Notre dossier sur le Royaume-Uni<\/a><\/p>\n<p>L\u2019affaire, r\u00e9v\u00e9l\u00e9e mardi par le journal The Daily Telegraph, concerne un documentaire diffus\u00e9 dans le magazine d\u2019information de la BBC, \u00ab\u00a0Panorama\u00a0\u00bb, une semaine avant la pr\u00e9sidentielle am\u00e9ricaine du 5\u00a0novembre 2024. Le m\u00e9dia britannique est accus\u00e9 d\u2019avoir mont\u00e9 des passages diff\u00e9rents d\u2019un discours de <a href=\"https:\/\/www.20minutes.fr\/dossier\/donald_trump\" target=\"_blank\" class=\"c-link c-link--is-underlined\" rel=\"noopener\">Donald Trump<\/a> datant du 6\u00a0janvier 2021 \u2013 jour o\u00f9 des centaines de ses partisans avaient donn\u00e9 <a href=\"https:\/\/www.20minutes.fr\/monde\/etats-unis\/4135949-20250128-etats-unis-assaillant-capitole-gracie-trump-abattu-policier\" target=\"_blank\" class=\"c-link c-link--is-underlined\" rel=\"noopener\">l\u2019assaut au Capitole<\/a> \u00e0 Washington \u2013 de fa\u00e7on \u00e0 ce qu\u2019il semble dire \u00e0 ces derniers qu\u2019il va marcher avec eux vers le Capitole pour se \u00ab\u00a0battre comme des diables\u00a0\u00bb. Or dans la phrase originale, il disait\u00a0: \u00ab\u00a0Nous allons marcher vers le Capitole et nous allons encourager nos courageux s\u00e9nateurs et repr\u00e9sentants et repr\u00e9sentantes au Congr\u00e8s\u00a0\u00bb. L\u2019expression \u00ab\u00a0se battre comme des diables\u00a0\u00bb, correspondait en fait \u00e0 un autre passage.<\/p>\n","protected":false},"excerpt":{"rendered":"La cr\u00e9dibilit\u00e9 de la BBC est en jeu. Au c\u0153ur de la pol\u00e9mique\u00a0: un montage contest\u00e9 d\u2019un discours&hellip;\n","protected":false},"author":2,"featured_media":523989,"comment_status":"","ping_status":"","sticky":false,"template":"","format":"standard","meta":{"footnotes":""},"categories":[1588],"tags":[47,11,64398,9668,75,73,1777,674,842,500,74,12,473,1853,1851,1850,1852,133],"class_list":{"0":"post-523988","1":"post","2":"type-post","3":"status-publish","4":"format-standard","5":"has-post-thumbnail","7":"category-royaume-uni","8":"tag-actualite","9":"tag-actualites","10":"tag-assaut-du-capitole","11":"tag-bbc","12":"tag-donald-trump","13":"tag-etats-unis","14":"tag-eu","15":"tag-europe","16":"tag-fake-news","17":"tag-medias","18":"tag-monde","19":"tag-news","20":"tag-royaume-uni","21":"tag-royaume-uni-de-grande-bretagne-et-dirlande-du-nord","22":"tag-uk","23":"tag-united-kingdom","24":"tag-united-kingdom-of-great-britain-and-northern-ireland","25":"tag-video"},"share_on_mastodon":{"url":"https:\/\/pubeurope.com\/@fr\/115523035192211903","error":""},"_links":{"self":[{"href":"https:\/\/www.europesays.com\/fr\/wp-json\/wp\/v2\/posts\/523988","targetHints":{"allow":["GET"]}}],"collection":[{"href":"https:\/\/www.europesays.com\/fr\/wp-json\/wp\/v2\/posts"}],"about":[{"href":"https:\/\/www.europesays.com\/fr\/wp-json\/wp\/v2\/types\/post"}],"author":[{"embeddable":true,"href":"https:\/\/www.europesays.com\/fr\/wp-json\/wp\/v2\/users\/2"}],"replies":[{"embeddable":true,"href":"https:\/\/www.europesays.com\/fr\/wp-json\/wp\/v2\/comments?post=523988"}],"version-history":[{"count":0,"href":"https:\/\/www.europesays.com\/fr\/wp-json\/wp\/v2\/posts\/523988\/revisions"}],"wp:featuredmedia":[{"embeddable":true,"href":"https:\/\/www.europesays.com\/fr\/wp-json\/wp\/v2\/media\/523989"}],"wp:attachment":[{"href":"https:\/\/www.europesays.com\/fr\/wp-json\/wp\/v2\/media?parent=523988"}],"wp:term":[{"taxonomy":"category","embeddable":true,"href":"https:\/\/www.europesays.com\/fr\/wp-json\/wp\/v2\/categories?post=523988"},{"taxonomy":"post_tag","embeddable":true,"href":"https:\/\/www.europesays.com\/fr\/wp-json\/wp\/v2\/tags?post=523988"}],"curies":[{"name":"wp","href":"https:\/\/api.w.org\/{rel}","templated":true}]}}