{"id":523992,"date":"2025-11-10T02:27:14","date_gmt":"2025-11-10T02:27:14","guid":{"rendered":"https:\/\/www.europesays.com\/fr\/523992\/"},"modified":"2025-11-10T02:27:14","modified_gmt":"2025-11-10T02:27:14","slug":"la-communaute-sahraouie-en-france-et-en-europe-du-nord-cloture-sa-reunion-annuelle-en-reaffirmant-lunite-et-la-lutte-contre-le-pillage-des-ressources-2","status":"publish","type":"post","link":"https:\/\/www.europesays.com\/fr\/523992\/","title":{"rendered":"La communaut\u00e9 sahraouie en France et en Europe du Nord cl\u00f4ture sa r\u00e9union annuelle en r\u00e9affirmant l\u2019unit\u00e9 et la lutte contre le pillage des ressources"},"content":{"rendered":"<p><strong>Paris<\/strong>,\u00a009 nov 2025 (SPS) Les pr\u00e9sidents des associations de la communaut\u00e9 sahraouie en France et dans les pays d\u2019Europe du Nord ont cl\u00f4tur\u00e9, dimanche, leur r\u00e9union annuelle tenue dans la banlieue parisienne les 8 et 9 novembre, sous la supervision du minist\u00e8re des Territoires occup\u00e9s et des Communaut\u00e9s, dans une atmosph\u00e8re nationale marqu\u00e9e par l\u2019esprit de mobilisation et de responsabilit\u00e9.<\/p>\n<p>La rencontre s\u2019est d\u00e9roul\u00e9e en pr\u00e9sence de plusieurs responsables, dont Mme Nakia Salem, membre du Secr\u00e9tariat national du Front Polisario, M. Oubi Buchraya, conseiller sp\u00e9cial du Pr\u00e9sident de la R\u00e9publique charg\u00e9 des ressources naturelles, M. Mohamed Ali Zerouali, repr\u00e9sentant du Front Polisario en France, ainsi que M. Mohamed Laghdaf Aoua, directeur central des Communaut\u00e9s sahraouies en Europe, et M. Mohamed Sidi Mohamed, responsable de la communaut\u00e9 en France.<\/p>\n<p>Durant deux jours de d\u00e9bats, les participants ont examin\u00e9 les derniers d\u00e9veloppements de la cause nationale, notamment la bataille juridique en cours en Europe concernant le pillage des ressources naturelles du Sahara occidental. Ils ont soulign\u00e9 que les r\u00e9centes d\u00e9cisions judiciaires europ\u00e9ennes ont consacr\u00e9 la souverainet\u00e9 du peuple sahraoui sur ses ressources et rejet\u00e9 tout accord conclu sans son consentement.<\/p>\n<p>Dans leur communiqu\u00e9 final, les associations de la communaut\u00e9 ont appel\u00e9 au renforcement de l\u2019unit\u00e9 nationale, \u00e0 la consolidation du front int\u00e9rieur face \u00e0 la propagande adverse, et \u00e0 une participation active dans les actions organis\u00e9es visant \u00e0 soutenir la lutte de lib\u00e9ration et \u00e0 faire entendre la voix du peuple sahraoui aupr\u00e8s des instances europ\u00e9ennes et internationales. Elles ont \u00e9galement confirm\u00e9 leur participation massive \u00e0 la manifestation pr\u00e9vue \u00e0 Bruxelles le 11 d\u00e9cembre prochain, pour d\u00e9noncer les tentatives de l\u2019Union europ\u00e9enne de contourner les d\u00e9cisions de la justice.<\/p>\n<p>Les participants ont r\u00e9affirm\u00e9 leur attachement au Front Polisario en tant que repr\u00e9sentant l\u00e9gitime et unique du peuple sahraoui, exprimant leur disponibilit\u00e9 \u00e0 consentir tous les sacrifices n\u00e9cessaires pour la r\u00e9alisation de la libert\u00e9 et de l\u2019ind\u00e9pendance.<\/p>\n<p>En cl\u00f4ture de la r\u00e9union, les pr\u00e9sents ont lanc\u00e9 un appel \u00e0 la communaut\u00e9 internationale et aux organisations de d\u00e9fense des droits de l\u2019homme afin d\u2019acc\u00e9l\u00e9rer la recherche d\u2019une solution juste et durable au conflit du Sahara occidental, garantissant au peuple sahraoui l\u2019exercice de son droit l\u00e9gitime \u00e0 la libert\u00e9 et \u00e0 l\u2019\u00e9mancipation.<\/p>\n<p>Ils ont \u00e9galement tenu le Maroc pour responsable de l\u2019entrave aux efforts des Nations unies, tout en saluant la r\u00e9sistance des prisonniers politiques et la d\u00e9termination du peuple sahraoui dans les villes occup\u00e9es et les camps de r\u00e9fugi\u00e9s.(SPS)<\/p>\n","protected":false},"excerpt":{"rendered":"Paris,\u00a009 nov 2025 (SPS) Les pr\u00e9sidents des associations de la communaut\u00e9 sahraouie en France et dans les pays&hellip;\n","protected":false},"author":2,"featured_media":523993,"comment_status":"","ping_status":"","sticky":false,"template":"","format":"standard","meta":{"footnotes":""},"categories":[1586],"tags":[11,64399,1777,674,1011,27,14748,12,25],"class_list":{"0":"post-523992","1":"post","2":"type-post","3":"status-publish","4":"format-standard","5":"has-post-thumbnail","7":"category-europe","8":"tag-actualites","9":"tag-comunidad-saharaui","10":"tag-eu","11":"tag-europe","12":"tag-fr","13":"tag-france","14":"tag-francia","15":"tag-news","16":"tag-republique-francaise"},"share_on_mastodon":{"url":"https:\/\/pubeurope.com\/@fr\/115523042936404487","error":""},"_links":{"self":[{"href":"https:\/\/www.europesays.com\/fr\/wp-json\/wp\/v2\/posts\/523992","targetHints":{"allow":["GET"]}}],"collection":[{"href":"https:\/\/www.europesays.com\/fr\/wp-json\/wp\/v2\/posts"}],"about":[{"href":"https:\/\/www.europesays.com\/fr\/wp-json\/wp\/v2\/types\/post"}],"author":[{"embeddable":true,"href":"https:\/\/www.europesays.com\/fr\/wp-json\/wp\/v2\/users\/2"}],"replies":[{"embeddable":true,"href":"https:\/\/www.europesays.com\/fr\/wp-json\/wp\/v2\/comments?post=523992"}],"version-history":[{"count":0,"href":"https:\/\/www.europesays.com\/fr\/wp-json\/wp\/v2\/posts\/523992\/revisions"}],"wp:featuredmedia":[{"embeddable":true,"href":"https:\/\/www.europesays.com\/fr\/wp-json\/wp\/v2\/media\/523993"}],"wp:attachment":[{"href":"https:\/\/www.europesays.com\/fr\/wp-json\/wp\/v2\/media?parent=523992"}],"wp:term":[{"taxonomy":"category","embeddable":true,"href":"https:\/\/www.europesays.com\/fr\/wp-json\/wp\/v2\/categories?post=523992"},{"taxonomy":"post_tag","embeddable":true,"href":"https:\/\/www.europesays.com\/fr\/wp-json\/wp\/v2\/tags?post=523992"}],"curies":[{"name":"wp","href":"https:\/\/api.w.org\/{rel}","templated":true}]}}