{"id":523997,"date":"2025-11-10T02:30:25","date_gmt":"2025-11-10T02:30:25","guid":{"rendered":"https:\/\/www.europesays.com\/fr\/523997\/"},"modified":"2025-11-10T02:30:25","modified_gmt":"2025-11-10T02:30:25","slug":"la-lettre-secrete-de-bruno-le-maire-a-emmanuel-macron-en-2024-sur-letat-des-comptes-publics","status":"publish","type":"post","link":"https:\/\/www.europesays.com\/fr\/523997\/","title":{"rendered":"la lettre \u00ab\u00a0secr\u00e8te\u00a0\u00bb de Bruno Le Maire \u00e0 Emmanuel Macron en 2024 sur l&rsquo;\u00e9tat des comptes publics"},"content":{"rendered":"<p class=\"article-p mdl\">C&rsquo;est un document qui n&rsquo;avait jamais \u00e9t\u00e9 r\u00e9v\u00e9l\u00e9, et pour cause : la lettre comportait la mention \u00ab\u00a0secret\u00a0\u00bb. Le 6 avril 2024, Bruno Le Maire, \u00e0 l&rsquo;\u00e9poque ministre de l&rsquo;\u00c9conomie et des Finances depuis sept ans, a adress\u00e9 un courrier \u00e0 Emmanuel Macron, l&rsquo;alertant\u00a0<a class=\"link\" href=\"https:\/\/www.rtl.fr\/actu\/economie-consommation\/quelle-reforme-des-retraites-pour-soulager-la-dette-francaise-le-prix-nobel-d-economie-philippe-aghion-et-francois-lenglet-debattent-sur-rtl-7900559958\" title=\"Quelle r\u00e9forme des retraites pour soulager la dette fran\u00e7aise ? Le prix Nobel d&#039;\u00e9conomie Philippe Aghion et Fran\u00e7ois Lenglet d\u00e9battent sur RTL\" target=\"_blank\" rel=\"noopener\">du d\u00e9rapage des comptes publics<\/a>\u00a0et de la n\u00e9cessit\u00e9 d&rsquo;agir pour redresser la situation \u00e9conomique.\u00a0<\/p>\n<p class=\"article-p mdl\">Ce courrier, r\u00e9v\u00e9l\u00e9 par l&rsquo;\u00e9mission \u00ab\u00a0C dans l&rsquo;Air\u00a0\u00bb de France 5 et\u00a0<a class=\"link\" href=\"https:\/\/www.latribune.fr\/article\/la-tribune-dimanche\/politique\/60351618295807\/deficit-la-lettre-secrete-de-bruno-le-maire-a-emmanuel-macron\" target=\"_blank\" rel=\"noopener\">La Tribune Dimanche<\/a>, compote six points, dans lesquels le ministre demande des mesures urgentes et \u00ab\u00a0volontaristes\u00a0\u00bb pour limiter la d\u00e9rive des comptes publics.\u00a0<\/p>\n<p class=\"article-p mdl\"><strong>\u00ab\u00a0L&rsquo;enjeu est la cr\u00e9dibilit\u00e9 politique de la France en Europe.<\/strong> Une strat\u00e9gie volontariste pr\u00e9servera notre cr\u00e9dibilit\u00e9 comme la qualit\u00e9 de nos r\u00e9sultats \u00e9conomiques. Une strat\u00e9gie \u00e9quivoque provoquera notre d\u00e9classement dans une zone euro dont tous les membres seront repass\u00e9s sous les 3% de d\u00e9ficit au plus tard en 2025. Nous ne pouvons pas continuer \u00e0 nous singulariser par le niveau \u00e9lev\u00e9 de notre d\u00e9pense et de nos pr\u00e9l\u00e8vements\u00a0\u00bb, y \u00e9crit Bruno Le Maire.\u00a0<\/p>\n<blockquote class=\"article-quote\">\n<p class=\"article-quote-text icon icon-quote-v2\">Il est indispensable que certains de ces objets d&rsquo;\u00e9conomie soient pr\u00e9sent\u00e9s simultan\u00e9ment<\/p>\n<p>Bruno Le Maire<\/p>\n<\/blockquote>\n<p class=\"article-p mdl\">\u00ab\u00a0La chute des recettes fiscales en 2023 a port\u00e9 notre d\u00e9ficit pour 2023 \u00e0 5,5% au lieu des 4,9% attendus. Nous avons r\u00e9agi imm\u00e9diatement en proposant des suppressions de cr\u00e9dit sur l\u2019\u00c9tat pour 2024 \u00e0 hauteur de 10\u202fmilliards d\u2019euros\u00a0\u00bb,\u00a0explique Bruno Le Maire en introduction, qui demande une \u00ab\u00a0strat\u00e9gie ambitieuse de contr\u00f4le de nos finances publiques, pour revenir sous les 3% de d\u00e9ficit en 2027, conform\u00e9ment [aux] engagements [du pr\u00e9sident]\u00a0\u00bb.\u00a0<\/p>\n<p>            Des propositions ignor\u00e9es par Emmanuel Macron<\/p>\n<p class=\"article-p mdl\">Dans sa lettre, le ministre propose des mesures d&rsquo;\u00e9conomies pour limiter le d\u00e9ficit \u00e0 4,9% en 2024. Il atteindra finalement les 5,8%. \u00ab\u00a0Il est indispensable que certains de ces objets d&rsquo;\u00e9conomie soient pr\u00e9sent\u00e9s simultan\u00e9ment. Sans quoi nous risquons de nous faire accuser de cacher notre copie et des \u00e9conomies douloureuses pour le lendemain des \u00e9lections europ\u00e9ennes\u00a0\u00bb, avance-t-il.<\/p>\n<p class=\"article-p mdl\">Bruno Le Maire demande \u00e9galement une \u00ab\u00a0LFR\u00a0\u00bb, une\u00a0<a class=\"link\" href=\"https:\/\/www.rtl.fr\/actu\/politique\/pouvoir-d-achat-que-contient-le-projet-de-loi-de-finances-rectificative-prevu-par-le-gouvernement-avant-l-ete-7900152625\" title=\"Pouvoir d&#039;achat : que contient le projet de loi de finances rectificative pr\u00e9vu par le gouvernement avant l&#039;\u00e9t\u00e9 ?\" target=\"_blank\" rel=\"noopener\">Loi de finances rectificative<\/a>, pour mettre en place ces mesures d&rsquo;\u00e9conomies suppl\u00e9mentaires. \u00ab\u00a0Faute de LFR (Loi de finance rectificative), nous ouvrirons imm\u00e9diatement un contentieux avec toutes les oppositions, qui feront bloc contre nous et nous accuserons d&rsquo;insinc\u00e9rit\u00e9\u00a0\u00bb, expose-t-il dans la lettre, ajoutant : \u00ab\u00a0Toute strat\u00e9gie d\u2019\u00e9vitement est vou\u00e9e \u00e0 l\u2019\u00e9chec\u00a0\u00bb. Emmanuel Macron n&rsquo;a mis en place aucune des propositions de son ministre.\u00a0\u00a0<\/p>\n<p>    La r\u00e9daction vous recommande<\/p>\n<p class=\"s-newsletter__title\">\n                L\u2019actualit\u00e9 par la r\u00e9daction de RTL dans votre bo\u00eete mail.\n            <\/p>\n<p class=\"s-newsletter__subtitle\">\n                Gr\u00e2ce \u00e0 votre compte RTL abonnez-vous \u00e0 la newsletter RTL info pour suivre toute l&rsquo;actualit\u00e9 au quotidien\n            <\/p>\n<p>\n                                    Lire la suite\n                                <\/p>\n","protected":false},"excerpt":{"rendered":"C&rsquo;est un document qui n&rsquo;avait jamais \u00e9t\u00e9 r\u00e9v\u00e9l\u00e9, et pour cause : la lettre comportait la mention \u00ab\u00a0secret\u00a0\u00bb.&hellip;\n","protected":false},"author":2,"featured_media":523998,"comment_status":"","ping_status":"","sticky":false,"template":"","format":"standard","meta":{"footnotes":""},"categories":[2],"tags":[11,11946,6327,1073,107,9467,1011,27,12,316,9130,64400,25],"class_list":{"0":"post-523997","1":"post","2":"type-post","3":"status-publish","4":"format-standard","5":"has-post-thumbnail","7":"category-actualites","8":"tag-actualites","9":"tag-bruno-le-maire","10":"tag-dette","11":"tag-emmanuel-macron","12":"tag-fil-info","13":"tag-finances","14":"tag-fr","15":"tag-france","16":"tag-news","17":"tag-politique","18":"tag-politique-economique","19":"tag-politique-gouvernementale","20":"tag-republique-francaise"},"share_on_mastodon":{"url":"https:\/\/pubeurope.com\/@fr\/115523054761611090","error":""},"_links":{"self":[{"href":"https:\/\/www.europesays.com\/fr\/wp-json\/wp\/v2\/posts\/523997","targetHints":{"allow":["GET"]}}],"collection":[{"href":"https:\/\/www.europesays.com\/fr\/wp-json\/wp\/v2\/posts"}],"about":[{"href":"https:\/\/www.europesays.com\/fr\/wp-json\/wp\/v2\/types\/post"}],"author":[{"embeddable":true,"href":"https:\/\/www.europesays.com\/fr\/wp-json\/wp\/v2\/users\/2"}],"replies":[{"embeddable":true,"href":"https:\/\/www.europesays.com\/fr\/wp-json\/wp\/v2\/comments?post=523997"}],"version-history":[{"count":0,"href":"https:\/\/www.europesays.com\/fr\/wp-json\/wp\/v2\/posts\/523997\/revisions"}],"wp:featuredmedia":[{"embeddable":true,"href":"https:\/\/www.europesays.com\/fr\/wp-json\/wp\/v2\/media\/523998"}],"wp:attachment":[{"href":"https:\/\/www.europesays.com\/fr\/wp-json\/wp\/v2\/media?parent=523997"}],"wp:term":[{"taxonomy":"category","embeddable":true,"href":"https:\/\/www.europesays.com\/fr\/wp-json\/wp\/v2\/categories?post=523997"},{"taxonomy":"post_tag","embeddable":true,"href":"https:\/\/www.europesays.com\/fr\/wp-json\/wp\/v2\/tags?post=523997"}],"curies":[{"name":"wp","href":"https:\/\/api.w.org\/{rel}","templated":true}]}}