{"id":524003,"date":"2025-11-10T02:34:17","date_gmt":"2025-11-10T02:34:17","guid":{"rendered":"https:\/\/www.europesays.com\/fr\/524003\/"},"modified":"2025-11-10T02:34:17","modified_gmt":"2025-11-10T02:34:17","slug":"rugby-pro-d2-au-tiers-de-la-saison-le-bilan-du-sa-xv-est-a-relativiser","status":"publish","type":"post","link":"https:\/\/www.europesays.com\/fr\/524003\/","title":{"rendered":"Rugby (Pro D2): au tiers de la saison, le bilan du SA XV est \u00e0 relativiser"},"content":{"rendered":"<p>L\u2019impression la plus r\u00e9cente faisant foi, il ne valait mieux pas compter sur Alexandre Ruiz pour tirer un bilan positif du premier tiers de saison du SA XV vendredi soir, quelques minutes apr\u00e8s la lourde d\u00e9faite conc\u00e9d\u00e9e \u00e0 Oyonnax (50-21). \u00ab\u00a0Je nous trouvais plut\u00f4t coh\u00e9rent sur les derni\u00e8res semaines. L\u00e0, on n\u2019a pas sombr\u00e9 mais on n\u2019en est pas tr\u00e8s loin\u00a0\u00bb, estimait le manager au sortir du \u00ab\u00a0plus mauvais match depuis le d\u00e9but de la saison.\u00a0\u00bb<\/p>\n<p>Les chiffres ne le contredisent pas. Cette nouvelle d\u00e9faite \u00e0 z\u00e9ro point laisse son \u00e9quipe dans \u00ab\u00a0la zone rouge\u00a0\u00bb, avec un p\u00e9cule de 17 points acquis lors des dix premi\u00e8res journ\u00e9es du championnat. Loin des 29 unit\u00e9s de la saison 2019-20 ou des 26 du dernier exercice, il s\u2019agit du deuxi\u00e8me moins bon total du SA XV apr\u00e8s dix journ\u00e9es dans son histoire en Pro D2.<\/p>\n<p>    La r\u00e9daction vous conseille<\/p>\n<p>Un bilan qu\u2019il convient toutefois de relativiser. Les Charentais ne sont qu\u2019\u00e0 une voire deux longueurs de leurs temps de passage des saisons 2017-18, 2022-23 et 2023-24, et devancent largement les 10 points de la saison de la descente en Nationale, en 2020-21.<\/p>\n<p>Certes, le SA XV est rentr\u00e9 de l\u2019Ain les valises pleines. Mais pas grand monde n&rsquo;a \u00e9t\u00e9 \u00e9pargn\u00e9, loin de chez lui, depuis le d\u00e9but de la saison. En attestent les scores fleuves sur les autres pelouses, pas plus tard que vendredi, \u00e0 Brive (68-10 face \u00e0 Mont-de-Marsan) ou Valence (53-22 contre Aurillac).<\/p>\n<p>Vendredi, l\u2019\u00e9quipe d\u2019Alexandre Ruiz \u00e9tait la douzi\u00e8me \u00e0 encaisser plus de 40 points \u00e0 l\u2019ext\u00e9rieur depuis la fin du mois d\u2019ao\u00fbt, la huiti\u00e8me \u00e0 atteindre le cap des 50. En se d\u00e9pla\u00e7ant \u00e0 Vannes, Valence\u00a0\/\u00a0Romans, Nevers et Oyonnax, elle n\u2019a pas non plus \u00e9t\u00e9 vernie, puisque les trois premiers cit\u00e9s sont les seuls, avec Agen, toujours invaincus devant leur public.<\/p>\n<p>Deux points de moins face aux m\u00eames adversaires que la saison pass\u00e9e<\/p>\n<p>Des voyages longs et \u00e9reintants qui n\u2019ont historiquement jamais vraiment souri aux Charentais, un argument derri\u00e8re lequel leur manager refuse de se cacher. Il n\u2019emp\u00eache que la saison derni\u00e8re, le SA XV, pourtant meilleure \u00e9quipe \u00e0 l\u2019ext\u00e9rieur, n\u2019avait ramen\u00e9 aucun point de ses d\u00e9placements \u00e0 Valence, Nevers, Brive et Oyonnax.<\/p>\n<p>Cette fois, il en compte quatre gr\u00e2ce \u00e0 sa d\u00e9monstration de courage et d\u2019abn\u00e9gation en Corr\u00e8ze il y a deux semaines.<\/p>\n<p>    La r\u00e9daction vous conseille<\/p>\n<p>Si l\u2019on pousse la comparaison avec le dernier exercice, le SA XV version 2025-26 a compil\u00e9 deux points de moins (17 contre 19) face aux m\u00eames neuf adversaires de ce d\u00e9but de saison (Ndlr. Vannes \u00e9tait en Top 14), p\u00e9chant \u00e0 domicile contre Colomiers et Biarritz l\u00e0 o\u00f9 il s\u2019\u00e9tait impos\u00e9 l\u2019ann\u00e9e pass\u00e9e.<\/p>\n<p>Il est beaucoup plus \u00e0 l\u2019aise \u00e0 distance raisonnable de Chanzy, et a pour la premi\u00e8re fois rendez-vous dans le Sud-Ouest vendredi, \u00e0 Mont-de-Marsan. Premier des cinq derniers rendez-vous jusqu\u2019\u00e0 la fin de la phase aller qui proposent un encha\u00eenement de confrontations avec des adversaires directs (Aurillac, B\u00e9ziers, Carcassonne), plus la r\u00e9ception d\u2019Agen.<\/p>\n<p>\u00ab\u00a0On a l\u2019occasion de se rattraper et finir positivement le bloc\u00a0\u00bb, se projetait Arthur Proult vendredi.<\/p>\n","protected":false},"excerpt":{"rendered":"L\u2019impression la plus r\u00e9cente faisant foi, il ne valait mieux pas compter sur Alexandre Ruiz pour tirer un&hellip;\n","protected":false},"author":2,"featured_media":524004,"comment_status":"","ping_status":"","sticky":false,"template":"","format":"standard","meta":{"footnotes":""},"categories":[1416],"tags":[1011,27,479,1468,60],"class_list":{"0":"post-524003","1":"post","2":"type-post","3":"status-publish","4":"format-standard","5":"has-post-thumbnail","7":"category-rugby","8":"tag-fr","9":"tag-france","10":"tag-rugby","11":"tag-rugby-football","12":"tag-sports"},"share_on_mastodon":{"url":"https:\/\/pubeurope.com\/@fr\/115523070468434049","error":""},"_links":{"self":[{"href":"https:\/\/www.europesays.com\/fr\/wp-json\/wp\/v2\/posts\/524003","targetHints":{"allow":["GET"]}}],"collection":[{"href":"https:\/\/www.europesays.com\/fr\/wp-json\/wp\/v2\/posts"}],"about":[{"href":"https:\/\/www.europesays.com\/fr\/wp-json\/wp\/v2\/types\/post"}],"author":[{"embeddable":true,"href":"https:\/\/www.europesays.com\/fr\/wp-json\/wp\/v2\/users\/2"}],"replies":[{"embeddable":true,"href":"https:\/\/www.europesays.com\/fr\/wp-json\/wp\/v2\/comments?post=524003"}],"version-history":[{"count":0,"href":"https:\/\/www.europesays.com\/fr\/wp-json\/wp\/v2\/posts\/524003\/revisions"}],"wp:featuredmedia":[{"embeddable":true,"href":"https:\/\/www.europesays.com\/fr\/wp-json\/wp\/v2\/media\/524004"}],"wp:attachment":[{"href":"https:\/\/www.europesays.com\/fr\/wp-json\/wp\/v2\/media?parent=524003"}],"wp:term":[{"taxonomy":"category","embeddable":true,"href":"https:\/\/www.europesays.com\/fr\/wp-json\/wp\/v2\/categories?post=524003"},{"taxonomy":"post_tag","embeddable":true,"href":"https:\/\/www.europesays.com\/fr\/wp-json\/wp\/v2\/tags?post=524003"}],"curies":[{"name":"wp","href":"https:\/\/api.w.org\/{rel}","templated":true}]}}