{"id":52401,"date":"2025-04-25T18:35:18","date_gmt":"2025-04-25T18:35:18","guid":{"rendered":"https:\/\/www.europesays.com\/fr\/52401\/"},"modified":"2025-04-25T18:35:18","modified_gmt":"2025-04-25T18:35:18","slug":"meylan-booktube-un-stage-pour-creer-sa-video-et-parler-de-ses-livres-preferes","status":"publish","type":"post","link":"https:\/\/www.europesays.com\/fr\/52401\/","title":{"rendered":"Meylan. \u201cBooktube\u201d, un stage pour cr\u00e9er sa vid\u00e9o et parler de ses livres pr\u00e9f\u00e9r\u00e9s"},"content":{"rendered":"<p>Lundi 28\u00a0avril de 9\u00a0\u00e0 12\u00a0heures et mardi 29\u00a0avril de 9\u00a0\u00e0 12\u00a0heures, les biblioth\u00e9caires de Simone-Lagrange Mi-Plaine (14\u00a0rue des Aiguinards) proposent un stage afin de r\u00e9aliser une vid\u00e9o pour parler de ses livres pr\u00e9f\u00e9r\u00e9s puis de la diffuser sur Youtube. S\u2019adressant aux 12-18\u00a0ans, ce stage permet en deux matin\u00e9es d\u2019apprendre \u00e0 r\u00e9aliser une vid\u00e9o. De l\u2019\u00e9criture de sc\u00e9nario au tournage et montage vid\u00e9o, les participants pourront d\u00e9couvrir tous les trucs et astuces pour r\u00e9aliser un booktube\u00a0en toute simplicit\u00e9.<\/p>\n<p class=\"note\">Sur inscription aupr\u00e8s de la biblioth\u00e8que \u00e0 bibenligne@meylan.fr ou au 04\u00a076\u00a090\u00a071\u00a026.<\/p>\n","protected":false},"excerpt":{"rendered":"Lundi 28\u00a0avril de 9\u00a0\u00e0 12\u00a0heures et mardi 29\u00a0avril de 9\u00a0\u00e0 12\u00a0heures, les biblioth\u00e9caires de Simone-Lagrange Mi-Plaine (14\u00a0rue des&hellip;\n","protected":false},"author":2,"featured_media":52402,"comment_status":"","ping_status":"","sticky":false,"template":"","format":"standard","meta":{"footnotes":""},"categories":[9566],"tags":[1111,11,2430,1687,112,1777,674,1011,27,2731,9597,9598,12,25],"class_list":{"0":"post-52401","1":"post","2":"type-post","3":"status-publish","4":"format-standard","5":"has-post-thumbnail","7":"category-grenoble","8":"tag-actu","9":"tag-actualites","10":"tag-auvergne-rhone-alpes","11":"tag-culture-loisirs","12":"tag-edition-grenoble-agglomeration","13":"tag-eu","14":"tag-europe","15":"tag-fr","16":"tag-france","17":"tag-grenoble","18":"tag-meylan","19":"tag-meylan-et-autour","20":"tag-news","21":"tag-republique-francaise"},"share_on_mastodon":{"url":"https:\/\/pubeurope.com\/@fr\/114400049601953375","error":""},"_links":{"self":[{"href":"https:\/\/www.europesays.com\/fr\/wp-json\/wp\/v2\/posts\/52401","targetHints":{"allow":["GET"]}}],"collection":[{"href":"https:\/\/www.europesays.com\/fr\/wp-json\/wp\/v2\/posts"}],"about":[{"href":"https:\/\/www.europesays.com\/fr\/wp-json\/wp\/v2\/types\/post"}],"author":[{"embeddable":true,"href":"https:\/\/www.europesays.com\/fr\/wp-json\/wp\/v2\/users\/2"}],"replies":[{"embeddable":true,"href":"https:\/\/www.europesays.com\/fr\/wp-json\/wp\/v2\/comments?post=52401"}],"version-history":[{"count":0,"href":"https:\/\/www.europesays.com\/fr\/wp-json\/wp\/v2\/posts\/52401\/revisions"}],"wp:featuredmedia":[{"embeddable":true,"href":"https:\/\/www.europesays.com\/fr\/wp-json\/wp\/v2\/media\/52402"}],"wp:attachment":[{"href":"https:\/\/www.europesays.com\/fr\/wp-json\/wp\/v2\/media?parent=52401"}],"wp:term":[{"taxonomy":"category","embeddable":true,"href":"https:\/\/www.europesays.com\/fr\/wp-json\/wp\/v2\/categories?post=52401"},{"taxonomy":"post_tag","embeddable":true,"href":"https:\/\/www.europesays.com\/fr\/wp-json\/wp\/v2\/tags?post=52401"}],"curies":[{"name":"wp","href":"https:\/\/api.w.org\/{rel}","templated":true}]}}