{"id":524013,"date":"2025-11-10T02:42:12","date_gmt":"2025-11-10T02:42:12","guid":{"rendered":"https:\/\/www.europesays.com\/fr\/524013\/"},"modified":"2025-11-10T02:42:12","modified_gmt":"2025-11-10T02:42:12","slug":"sur-m6-le-directeur-de-la-police-judiciaire-revele-le-role-crucial-de-la-video-dans-lenquete-sur-le-cambriolage-du-louvre","status":"publish","type":"post","link":"https:\/\/www.europesays.com\/fr\/524013\/","title":{"rendered":"sur M6, le directeur de la police judiciaire r\u00e9v\u00e8le le r\u00f4le crucial de la vid\u00e9o dans l&rsquo;enqu\u00eate sur le cambriolage du Louvre"},"content":{"rendered":"<p class=\"article-p mdl\">Trois semaines apr\u00e8s le spectaculaire casse au Louvre, l&rsquo;enqu\u00eate se poursuit pour retrouver les joyaux d\u00e9rob\u00e9s, d&rsquo;une valeur de 88 millions d&rsquo;euros.\u00a0<a class=\"link\" href=\"https:\/\/www.rtl.fr\/actu\/justice-faits-divers\/cambriolage-du-musee-du-louvre-ce-que-l-on-sait-des-deux-nouvelles-mises-en-examen-7900561356\" title=\"Cambriolage du mus\u00e9e du Louvre : ce que l&#039;on sait des deux nouvelles mises en examen\" target=\"_blank\" rel=\"noopener\">Quatre suspects ont d&rsquo;ores et d\u00e9j\u00e0 \u00e9t\u00e9 interpell\u00e9s<\/a>, mis en examen et \u00e9crou\u00e9s. Invit\u00e9 d&rsquo;Anne-Sophie Lapix sur M6 ce dimanche soir,\u00a0Fabrice Gardon, directeur de la police judiciaire de Paris, est revenu sur la fa\u00e7on de travailler des enqu\u00eateurs, pour remonter jusqu&rsquo;aux suspects.<\/p>\n<p class=\"article-p mdl\">\u00ab\u00a0<a class=\"link\" href=\"https:\/\/www.rtl.fr\/actu\/justice-faits-divers\/la-cour-des-comptes-estime-que-le-louvre-a-privilegie-les-operations-visibles-et-attractives-au-detriment-de-la-securite-7900563164\" title=\"La Cour des comptes estime que le Louvre &quot;a privil\u00e9gi\u00e9 les op\u00e9rations visibles et attractives&quot; au d\u00e9triment de la s\u00e9curit\u00e9\" target=\"_blank\" rel=\"noopener\">Quand le fait survient, le 19 octobre, on part de z\u00e9ro<\/a>\u00a0(&#8230;) Au bout de deux heures, trois heures<strong>, les malfaiteurs courent toujours. <\/strong>La police ne les a pas encore interpell\u00e9s (&#8230;) Quand on est sur ce genre d&rsquo;\u00e9quipe, ils ont pr\u00e9par\u00e9 leur coup. Ils ont fait des rep\u00e9rages. Ils passent \u00e0 l&rsquo;action. Apr\u00e8s, il y a la fuite. Lors de la fuite, ils ont pr\u00e9vu exactement ce qu&rsquo;ils allaient faire (&#8230;) Ils font le coup avec certaines voitures ou certaines motos, ensuite ils vont en changer, ils vont se d\u00e9barrasser des premi\u00e8res, des deuxi\u00e8mes, ils vont se cacher, ils ont tout pr\u00e9vu\u00a0\u00bb, d\u00e9taille le directeur du \u00ab\u00a036\u00a0\u00bb.\u00a0<\/p>\n<p class=\"title\">\n                                                Le r\u00e9cit d&rsquo;un stup\u00e9fiant braquage en plein jour (1\/4)<\/p>\n<p class=\"subtitle\">\n                                                    7 minutes pour braquer le Louvre<\/p>\n<p>    <a href=\"https:\/\/www.rtl.fr\/programmes\/7-minutes-pour-braquer-le-louvre\" class=\"cta\" data-section=\"\" target=\"_blank\" rel=\"noopener\"><\/p>\n<p>                                                D\u00e9couvrir l&rsquo;\u00e9mission<\/p>\n<p>        <\/a><\/p>\n<p class=\"title\">\n                                                1911, 1976, 1998&#8230; Ces autres casses aux troublantes similitudes (3\/4)<\/p>\n<p class=\"subtitle\">\n                                                    7 minutes pour braquer le Louvre<\/p>\n<p>    <a href=\"https:\/\/www.rtl.fr\/programmes\/7-minutes-pour-braquer-le-louvre\" class=\"cta\" data-section=\"\" target=\"_blank\" rel=\"noopener\"><\/p>\n<p>                                                D\u00e9couvrir l&rsquo;\u00e9mission<\/p>\n<p>        <\/a><\/p>\n<p class=\"article-p mdl\">Six jours apr\u00e8s le cambriolage,<strong> les forces de l&rsquo;ordre interpellent \u00ab\u00a0deux premiers membres du commando\u00a0\u00bb<\/strong>. Entre le jour du casse et les premi\u00e8res interpellations, de nombreux services de police ont \u00e9t\u00e9 mis \u00e0 contribution. Sur la sc\u00e8ne du casse, \u00ab\u00a0plus de 150 relev\u00e9s\u00a0\u00bb ont \u00e9t\u00e9 relev\u00e9s. \u00ab\u00a0S&rsquo;ils sont mal faits, si le travail est b\u00e2cl\u00e9, on ne peut pas arriver au r\u00e9sultat derri\u00e8re. Et donc c&rsquo;est toute cette m\u00e9canique qui s&rsquo;est mise en \u0153uvre et qu&rsquo;on a tenue pendant des jours et des jours\u00a0\u00bb, explique Fabrice Gardon.<\/p>\n<blockquote class=\"article-quote\">\n<p class=\"article-quote-text icon icon-quote-v2\">Il y a quelque chose que les malfaiteurs n&rsquo;ont pas encore invent\u00e9, c&rsquo;est le malfaiteur invisible<\/p>\n<p>Fabrice Gardon<\/p>\n<\/blockquote>\n<p class=\"article-p mdl\">Si le patron de la PJ conc\u00e8de que<strong> les suspects ont \u00ab\u00a0fait des erreurs&rsquo;,<\/strong> qui ont facilit\u00e9 leur traque, \u00ab\u00a0l&rsquo;enqu\u00eate n&rsquo;a pas \u00e9t\u00e9 facile pour autant\u00a0\u00bb. \u00ab\u00a0C&rsquo;est-\u00e0-dire qu&rsquo;on n&rsquo;a pas relev\u00e9 des ADN et on a eu des noms et on est all\u00e9 chercher les gens tranquillement chez eux le matin. C&rsquo;est beaucoup plus compliqu\u00e9 que \u00e7a\u00a0\u00bb, ajoute-t-il,\u00a0<a class=\"link\" href=\"https:\/\/www.rtl.fr\/actu\/justice-faits-divers\/cambriolage-au-louvre-derriere-le-casse-du-siecle-le-profil-peu-professionnel-de-doudou-cross-bitume-7900562462\" title=\"Cambriolage au Louvre : derri\u00e8re le casse du si\u00e8cle, le profil peu professionnel de &quot;Doudou Cross Bitume&quot;\" target=\"_blank\" rel=\"noopener\">expliquant l'\u00a0\u00bbapport extraordinaire\u00a0\u00bb de la vid\u00e9oprotection<\/a>.\u00a0<\/p>\n<p class=\"article-p mdl\">\u00ab\u00a0Il y <strong>a un \u00e9norme travail d&rsquo;exploitation de toutes les vid\u00e9os<\/strong> qui maillent d\u00e9sormais la plupart des grandes agglom\u00e9rations. L\u00e0, en l&rsquo;occurrence, j&rsquo;ai plusieurs dizaines d&rsquo;enqu\u00eateurs qui se sont consacr\u00e9s \u00e0 \u00e7a pendant des jours et des jours\u00a0\u00bb, explique-t-il encore.<\/p>\n<p class=\"article-p mdl\">\u00ab\u00a0Et autant les malfaiteurs connaissent nos techniques, ils vont se m\u00e9fier en utilisant le t\u00e9l\u00e9phone, ils vont se m\u00e9fier pour ne pas laisser des traces, des empreintes ou leurs traces ADN (&#8230;) <strong>Il y a quelque chose qu&rsquo;ils n&rsquo;ont pas encore invent\u00e9, c&rsquo;est le malfaiteur invisible. <\/strong>L&rsquo;homme invisible n&rsquo;existe pas\u00a0\u00bb, souligne Fabrice Gardon. Alors que le sujet de la vid\u00e9oprotection est revenu dans le d\u00e9bat public apr\u00e8s le cambriolage au Louvre, faut-il investir davantage au niveau des communes ?\u00a0 \u00ab\u00a0Il y a \u00e9norm\u00e9ment d&rsquo;affaires que l&rsquo;on arrive \u00e0 r\u00e9soudre gr\u00e2ce \u00e0 \u00e7a\u00a0\u00bb, assure le patron de la PJ.<\/p>\n<p>    La r\u00e9daction vous recommande<\/p>\n<p class=\"s-newsletter__title\">\n                L\u2019actualit\u00e9 par la r\u00e9daction de RTL dans votre bo\u00eete mail.\n            <\/p>\n<p class=\"s-newsletter__subtitle\">\n                Gr\u00e2ce \u00e0 votre compte RTL abonnez-vous \u00e0 la newsletter RTL info pour suivre toute l&rsquo;actualit\u00e9 au quotidien\n            <\/p>\n<p>\n                                    Lire la suite\n                                <\/p>\n","protected":false},"excerpt":{"rendered":"Trois semaines apr\u00e8s le spectaculaire casse au Louvre, l&rsquo;enqu\u00eate se poursuit pour retrouver les joyaux d\u00e9rob\u00e9s, d&rsquo;une valeur&hellip;\n","protected":false},"author":2,"featured_media":524014,"comment_status":"","ping_status":"","sticky":false,"template":"","format":"standard","meta":{"footnotes":""},"categories":[1358],"tags":[1348,1384,1385,9462,1386,58,1067,59,107,1011,27,12842,1072,64364],"class_list":{"0":"post-524013","1":"post","2":"type-post","3":"status-publish","4":"format-standard","5":"has-post-thumbnail","7":"category-arts-et-design","8":"tag-arts","9":"tag-arts-and-design","10":"tag-arts-et-design","11":"tag-cambriolages","12":"tag-design","13":"tag-divertissement","14":"tag-enquete","15":"tag-entertainment","16":"tag-fil-info","17":"tag-fr","18":"tag-france","19":"tag-le-louvre","20":"tag-police","21":"tag-police-scientifique"},"share_on_mastodon":{"url":"https:\/\/pubeurope.com\/@fr\/115523101893363870","error":""},"_links":{"self":[{"href":"https:\/\/www.europesays.com\/fr\/wp-json\/wp\/v2\/posts\/524013","targetHints":{"allow":["GET"]}}],"collection":[{"href":"https:\/\/www.europesays.com\/fr\/wp-json\/wp\/v2\/posts"}],"about":[{"href":"https:\/\/www.europesays.com\/fr\/wp-json\/wp\/v2\/types\/post"}],"author":[{"embeddable":true,"href":"https:\/\/www.europesays.com\/fr\/wp-json\/wp\/v2\/users\/2"}],"replies":[{"embeddable":true,"href":"https:\/\/www.europesays.com\/fr\/wp-json\/wp\/v2\/comments?post=524013"}],"version-history":[{"count":0,"href":"https:\/\/www.europesays.com\/fr\/wp-json\/wp\/v2\/posts\/524013\/revisions"}],"wp:featuredmedia":[{"embeddable":true,"href":"https:\/\/www.europesays.com\/fr\/wp-json\/wp\/v2\/media\/524014"}],"wp:attachment":[{"href":"https:\/\/www.europesays.com\/fr\/wp-json\/wp\/v2\/media?parent=524013"}],"wp:term":[{"taxonomy":"category","embeddable":true,"href":"https:\/\/www.europesays.com\/fr\/wp-json\/wp\/v2\/categories?post=524013"},{"taxonomy":"post_tag","embeddable":true,"href":"https:\/\/www.europesays.com\/fr\/wp-json\/wp\/v2\/tags?post=524013"}],"curies":[{"name":"wp","href":"https:\/\/api.w.org\/{rel}","templated":true}]}}