{"id":524015,"date":"2025-11-10T02:44:19","date_gmt":"2025-11-10T02:44:19","guid":{"rendered":"https:\/\/www.europesays.com\/fr\/524015\/"},"modified":"2025-11-10T02:44:19","modified_gmt":"2025-11-10T02:44:19","slug":"coup-de-theatre-dans-lamour-est-dans-le-pre-apres-avoir-quitte-laventure-une-pretendante-revient-chez-nicolas","status":"publish","type":"post","link":"https:\/\/www.europesays.com\/fr\/524015\/","title":{"rendered":"Coup de th\u00e9\u00e2tre dans \u00ab\u00a0L&rsquo;Amour est dans le pr\u00e9\u00a0\u00bb\u00a0: Apr\u00e8s avoir quitt\u00e9 l&rsquo;aventure, une pr\u00e9tendante revient chez Nicolas"},"content":{"rendered":"<p class=\"ap-StoryElement ap-StoryElement--mb ap-StoryText\">Mais, avant de revoir Zo\u00e9, avec qui il discutait sur les r\u00e9seaux sociaux, les choses se bousculent dans la t\u00eate de Nicolas. Partie, Marie revient sur sa d\u00e9cision et demande \u00e0 Maria del Rio de r\u00e9int\u00e9grer l&rsquo;aventure.<\/p>\n<p class=\"ap-StoryElement ap-StoryElement--mb ap-StoryText\">\u00ab\u00a0J&rsquo;ai beaucoup cogit\u00e9 dans ma t\u00eate et malgr\u00e9 le caract\u00e8re que j&rsquo;ai, je pense que je peux lui donner une chance, confie Marie \u00e0 l&rsquo;animatrice. Je pense qu&rsquo;au final on peut peut-\u00eatre trouver un \u00e9quilibre tous les deux. [\u2026] Donc, pourquoi pas lui laisser une chance.\u00a0\u00bb<\/p>\n<p>\u00ab\u00a0\u00c7a a cr\u00e9\u00e9 un manque\u00a0\u00bb<\/p>\n<p class=\"ap-StoryElement ap-StoryElement--mb ap-StoryText\">Face \u00e0 Nicolas, Marie avoue avoir eu un d\u00e9clic suite \u00e0 son d\u00e9part de la ferme. \u00ab\u00a0Le fait de partir, \u00e7a a cr\u00e9\u00e9 un manque\u00a0\u00bb, dit-elle. \u00ab\u00a0En r\u00e9fl\u00e9chissant, je me dis que mon caract\u00e8re peut t&rsquo;aider \u00e0 grandir aussi.\u00a0\u00bb La femme ajoute \u00e9galement qu&rsquo;\u00e0 cause des nombreuses tensions qu&rsquo;il y avait entre les pr\u00e9tendantes, elle n&rsquo;avait pas pu se pr\u00eater \u00e0 un jeu de s\u00e9duction avec Nicolas.<\/p>\n<p class=\"ap-StoryElement ap-StoryElement--mb ap-StoryText\">De son c\u00f4t\u00e9, Nicolas ne cache pas son enthousiasme quant au retour de Marie. \u00ab\u00a0Je me sens bien avec toi\u00a0\u00bb, lui avoue-t-il avant d&rsquo;\u00e9changer un baiser avec Marie. \u00ab\u00a0J&rsquo;ai eu ce que je voulais, j&rsquo;ai eu ma belle\u00a0\u00bb, ajoute l&rsquo;agriculteur, heureux.<\/p>\n<p class=\"ap-StoryElement ap-StoryElement--mb ap-StoryText\">Il ne reste plus au fermier qu&rsquo;\u00e0 appeler Zo\u00e9 pour lui expliquer qu&rsquo;il a finalement d\u00e9cid\u00e9 de partir en voyage avec Marie.<\/p>\n","protected":false},"excerpt":{"rendered":"Mais, avant de revoir Zo\u00e9, avec qui il discutait sur les r\u00e9seaux sociaux, les choses se bousculent dans&hellip;\n","protected":false},"author":2,"featured_media":524016,"comment_status":"","ping_status":"","sticky":false,"template":"","format":"standard","meta":{"footnotes":""},"categories":[1356],"tags":[39878,327,1376,58,59,9095,64401,1011,27,9307,64402,17730,54452,252,1364],"class_list":{"0":"post-524015","1":"post","2":"type-post","3":"status-publish","4":"format-standard","5":"has-post-thumbnail","7":"category-television","8":"tag-agriculteur","9":"tag-agriculture","10":"tag-amour","11":"tag-divertissement","12":"tag-entertainment","13":"tag-ferme","14":"tag-fermier","15":"tag-fr","16":"tag-france","17":"tag-lamour-est-dans-le-pre","18":"tag-maria-del-rio","19":"tag-relation","20":"tag-rtl-tvi","21":"tag-television","22":"tag-tv"},"share_on_mastodon":{"url":"https:\/\/pubeurope.com\/@fr\/115523109805006073","error":""},"_links":{"self":[{"href":"https:\/\/www.europesays.com\/fr\/wp-json\/wp\/v2\/posts\/524015","targetHints":{"allow":["GET"]}}],"collection":[{"href":"https:\/\/www.europesays.com\/fr\/wp-json\/wp\/v2\/posts"}],"about":[{"href":"https:\/\/www.europesays.com\/fr\/wp-json\/wp\/v2\/types\/post"}],"author":[{"embeddable":true,"href":"https:\/\/www.europesays.com\/fr\/wp-json\/wp\/v2\/users\/2"}],"replies":[{"embeddable":true,"href":"https:\/\/www.europesays.com\/fr\/wp-json\/wp\/v2\/comments?post=524015"}],"version-history":[{"count":0,"href":"https:\/\/www.europesays.com\/fr\/wp-json\/wp\/v2\/posts\/524015\/revisions"}],"wp:featuredmedia":[{"embeddable":true,"href":"https:\/\/www.europesays.com\/fr\/wp-json\/wp\/v2\/media\/524016"}],"wp:attachment":[{"href":"https:\/\/www.europesays.com\/fr\/wp-json\/wp\/v2\/media?parent=524015"}],"wp:term":[{"taxonomy":"category","embeddable":true,"href":"https:\/\/www.europesays.com\/fr\/wp-json\/wp\/v2\/categories?post=524015"},{"taxonomy":"post_tag","embeddable":true,"href":"https:\/\/www.europesays.com\/fr\/wp-json\/wp\/v2\/tags?post=524015"}],"curies":[{"name":"wp","href":"https:\/\/api.w.org\/{rel}","templated":true}]}}