{"id":524023,"date":"2025-11-10T02:48:13","date_gmt":"2025-11-10T02:48:13","guid":{"rendered":"https:\/\/www.europesays.com\/fr\/524023\/"},"modified":"2025-11-10T02:48:13","modified_gmt":"2025-11-10T02:48:13","slug":"xv-de-france-un-joueur-quitte-le-groupe-apres-la-defaite-contre-lafrique-du-sud","status":"publish","type":"post","link":"https:\/\/www.europesays.com\/fr\/524023\/","title":{"rendered":"XV de France, un joueur quitte le groupe apr\u00e8s la d\u00e9faite contre l&rsquo;Afrique du Sud"},"content":{"rendered":"<p><img width=\"750\" height=\"368\" src=\"https:\/\/www.europesays.com\/fr\/wp-content\/uploads\/2025\/11\/mickael-guillard-france-20251028-750x368.jpg\" class=\"img-responsive m-rf-auto wp-post-image\" alt=\"XV de France : Guillard renonce au match face aux Fidji\" data-lazyloading=\"false\" fetchpriority=\"high\" decoding=\"async\"\/><\/p>\n<p><strong>Titulaire en troisi\u00e8me ligne ce<br \/>\nsamedi lors de la d\u00e9faite face \u00e0 l\u2019Afrique du Sud, Micka\u00ebl Guillard<br \/>\na d\u00e9clar\u00e9 forfait pour la rencontre pr\u00e9vue le week-end prochain<br \/>\nface aux Fidji. Il c\u00e8de sa place dans le groupe \u00e0 Pierre<br \/>\nBochaton.<\/strong><\/p>\n<p>La d\u00e9faite contre l\u2019Afrique du Sud a laiss\u00e9 des traces. Au-del\u00e0<br \/>\nde la d\u00e9ception issue d\u2019un deuxi\u00e8me revers cons\u00e9cutif face aux<br \/>\nchampions du monde, le groupe dirig\u00e9 par Fabien Galthi\u00e9 n\u2019est pas<br \/>\nsorti indemne de cette duel l\u2019opposant aux Springboks. Remplac\u00e9 par<br \/>\nOscar J\u00e9gou au bout de seulement sept minutes en deuxi\u00e8me p\u00e9riode<br \/>\nce samedi sur la pelouse du Stade de France alors qu\u2019il avait<br \/>\nr\u00e9alis\u00e9 une belle premi\u00e8re moiti\u00e9 de match, Micka\u00ebl Guillard ne<br \/>\nretrouvera pas Marcoussis pour pr\u00e9parer le deuxi\u00e8me rendez-vous de<br \/>\nla tourn\u00e9e d\u2019automne pr\u00e9vu le week-end prochain \u00e0 Bordeaux face aux<br \/>\nFidji.<\/p>\n<p>Bochaton remplace<br \/>\nGuillard<\/p>\n<p>Par l\u2019interm\u00e9diaire d\u2019un communiqu\u00e9, la F\u00e9d\u00e9ration Fran\u00e7aise de<br \/>\nrugby (FFR) a officialis\u00e9 l\u2019absence du troisi\u00e8me-ligne de Lyon,<br \/>\ndont le nom apparaissait encore dans la liste de 42 joueurs<br \/>\nannonc\u00e9e par le s\u00e9lectionneur des Bleus plus t\u00f4t ce dimanche.<br \/>\nToutefois, la raison derri\u00e8re le forfait du joueur de 24 ans n\u2019ont<br \/>\npas \u00e9t\u00e9 d\u00e9voil\u00e9es par la FFR. Pour remplacer le natif de Trappes,<br \/>\nFabien Galthi\u00e9 a d\u00e9cid\u00e9 de compl\u00e9ter son groupe avec Pierre<br \/>\nBochaton. D\u00e9j\u00e0 appel\u00e9 \u00e0 la fin du mois d\u2019octobre pour pallier le<br \/>\nforfait de Lenny Nouchi \u00e0 l\u2019occasion du stage de pr\u00e9paration en vue<br \/>\nde cette tourn\u00e9e d\u2019automne, le troisi\u00e8me-ligne de Bordeaux-B\u00e8gles<br \/>\nva retrouver le groupe France en amont de la rencontre face aux \u00ab<br \/>\nFlying Fidjans \u00bb.<\/p>\n<p>Alldritt pourrait tirer son<br \/>\n\u00e9pingle du jeu<\/p>\n<p>Des joueurs du Pacifique qui restent sur une d\u00e9faite ce samedi<br \/>\nen Angleterre. L\u2019absence de Micka\u00ebl Guillard pour ce deuxi\u00e8me match<br \/>\npourrait ouvrir la porte \u00e0 un retour dans le groupe de Gr\u00e9gory<br \/>\nAlldritt. En effet, le capitaine de La Rochelle \u00e9tait dans les<br \/>\ntribunes du Stade de France comme r\u00e9serviste face \u00e0 l\u2019Afrique du<br \/>\nSud, lui qui avait \u00e9t\u00e9 laiss\u00e9 \u00e0 la disposition de son club le<br \/>\nweek-end pr\u00e9c\u00e9dent. Les circonstances pourraient ainsi lui offrir<br \/>\nl\u2019opportunit\u00e9 de retrouver des galons de titulaire et d\u2019essayer de<br \/>\nmarquer des points dans l\u2019esprit du s\u00e9lectionneur national pour la<br \/>\nsuite de la tourn\u00e9e.<\/p>\n","protected":false},"excerpt":{"rendered":"Titulaire en troisi\u00e8me ligne ce samedi lors de la d\u00e9faite face \u00e0 l\u2019Afrique du Sud, Micka\u00ebl Guillard a&hellip;\n","protected":false},"author":2,"featured_media":524024,"comment_status":"","ping_status":"","sticky":false,"template":"","format":"standard","meta":{"footnotes":""},"categories":[9],"tags":[64403,20024,12887,1011,27,49773,479,57681,60,513],"class_list":{"0":"post-524023","1":"post","2":"type-post","3":"status-publish","4":"format-standard","5":"has-post-thumbnail","7":"category-sports","8":"tag-bochaton","9":"tag-fidji","10":"tag-forfait","11":"tag-fr","12":"tag-france","13":"tag-guillard","14":"tag-rugby","15":"tag-sport365-fr","16":"tag-sports","17":"tag-xv-de-france"},"share_on_mastodon":{"url":"https:\/\/pubeurope.com\/@fr\/115523125683548299","error":""},"_links":{"self":[{"href":"https:\/\/www.europesays.com\/fr\/wp-json\/wp\/v2\/posts\/524023","targetHints":{"allow":["GET"]}}],"collection":[{"href":"https:\/\/www.europesays.com\/fr\/wp-json\/wp\/v2\/posts"}],"about":[{"href":"https:\/\/www.europesays.com\/fr\/wp-json\/wp\/v2\/types\/post"}],"author":[{"embeddable":true,"href":"https:\/\/www.europesays.com\/fr\/wp-json\/wp\/v2\/users\/2"}],"replies":[{"embeddable":true,"href":"https:\/\/www.europesays.com\/fr\/wp-json\/wp\/v2\/comments?post=524023"}],"version-history":[{"count":0,"href":"https:\/\/www.europesays.com\/fr\/wp-json\/wp\/v2\/posts\/524023\/revisions"}],"wp:featuredmedia":[{"embeddable":true,"href":"https:\/\/www.europesays.com\/fr\/wp-json\/wp\/v2\/media\/524024"}],"wp:attachment":[{"href":"https:\/\/www.europesays.com\/fr\/wp-json\/wp\/v2\/media?parent=524023"}],"wp:term":[{"taxonomy":"category","embeddable":true,"href":"https:\/\/www.europesays.com\/fr\/wp-json\/wp\/v2\/categories?post=524023"},{"taxonomy":"post_tag","embeddable":true,"href":"https:\/\/www.europesays.com\/fr\/wp-json\/wp\/v2\/tags?post=524023"}],"curies":[{"name":"wp","href":"https:\/\/api.w.org\/{rel}","templated":true}]}}