{"id":524028,"date":"2025-11-10T02:51:12","date_gmt":"2025-11-10T02:51:12","guid":{"rendered":"https:\/\/www.europesays.com\/fr\/524028\/"},"modified":"2025-11-10T02:51:12","modified_gmt":"2025-11-10T02:51:12","slug":"accord-au-senat-pour-mettre-fin-a-la-paralysie-budgetaire","status":"publish","type":"post","link":"https:\/\/www.europesays.com\/fr\/524028\/","title":{"rendered":"accord au S\u00e9nat pour mettre fin \u00e0 la paralysie budg\u00e9taire"},"content":{"rendered":"<p>\n    Les \u00e9lus r\u00e9publicains et d\u00e9mocrates sont parvenus \u00e0 un accord provisoire permettant le financement du gouvernement jusqu\u2019en janvier.<\/p>\n<p class=\"fig-paragraph\">Les s\u00e9nateurs am\u00e9ricains sont parvenus \u00e0 un accord destin\u00e9 \u00e0 mettre fin \u00e0 la\u00a0<a href=\"https:\/\/video.lefigaro.fr\/figaro\/international\/le-ministre-des-transports-americain-estime-que-le-trafic-aerien-va-se-reduire-a-cause-du-shutdown-20251109\" data-fig-type=\"Video\" data-gtm-custom-categorie=\"navigation\" data-gtm-custom-action=\"crossclick\" data-gtm-custom-label=\"Contextuel\" data-gtm-event=\"customEventSPE\" data-fig-domain=\"LEFIGARO\" target=\"_blank\" rel=\"noopener\">paralysie budg\u00e9taire<\/a>\u00a0qui bloque une partie des services publics du pays depuis 40 jours, un record, selon plusieurs m\u00e9dias am\u00e9ricains. Les \u00e9lus r\u00e9publicains et d\u00e9mocrates sont parvenus \u00e0 un accord provisoire permettant le financement du gouvernement jusqu&rsquo;en janvier, rapportent notamment CNN and Fox News, selon qui un vote formel est attendu dans la nuit.<\/p>\n<p class=\"fig-paragraph\">\u00abOn dirait qu\u2019on s\u2019approche de la fin du \u00ab\u00a0shutdown\u00a0\u00bb\u00bb, a estim\u00e9 devant la presse le pr\u00e9sident Donald Trump, de retour \u00e0 la Maison Blanche apr\u00e8s avoir pass\u00e9 le week-end dans sa r\u00e9sidence floridienne de Mar-a-Lago. Apr\u00e8s une \u00e9ventuelle approbation au S\u00e9nat, le texte devra encore passer devant la Chambre des repr\u00e9sentants, avant d\u2019\u00eatre soumis \u00e0 Donald Trump pour signature.<\/p>\n<p>                                    <a class=\"fig-a11y-skip a11y-hidden\" href=\"#fig-a11y-skip-main-inarticle\"><br \/>\n        Passer la publicit\u00e9<br \/>\n    <\/a><\/p>\n<p class=\"fig-paragraph\">Des centaines de milliers de fonctionnaires f\u00e9d\u00e9raux travaillent sans \u00eatre pay\u00e9es depuis le d\u00e9but du \u00abshutdown\u00bb le 1er octobre, qui perturbe le versement d\u2019aides sociales et le trafic a\u00e9rien.<\/p>\n<p>\u00abCe combat va et doit continuer\u00bb<\/p>\n<p class=\"fig-paragraph\">Selon des parlementaires, l\u2019accord trouv\u00e9 au S\u00e9nat doit permettre de renflouer le programme d\u2019aide alimentaire qui soutient 42 millions d\u2019Am\u00e9ricains, et dont les versements sont perturb\u00e9s par le blocage du budget. Il impliquerait aussi l\u2019annulation du licenciement de milliers de fonctionnaires f\u00e9d\u00e9raux par Donald Trump le mois dernier, et la tenue d\u2019un vote sur l\u2019extension des aides pour les soins de sant\u00e9, qui doivent expirer \u00e0 la fin de l\u2019ann\u00e9e.<\/p>\n<p class=\"fig-paragraph\">La proposition \u00abprot\u00e9gera les fonctionnaires f\u00e9d\u00e9raux contre les licenciements abusifs, r\u00e9int\u00e9grera ceux qui ont \u00e9t\u00e9 licenci\u00e9s \u00e0 tort pendant le \u00ab\u00a0shutdown\u00a0\u00bb, et garantira que les fonctionnaires f\u00e9d\u00e9raux recevront leur salaire r\u00e9troactivement\u00bb, a affirm\u00e9 le s\u00e9nateur d\u00e9mocrate Tim Kaine dans un communiqu\u00e9.<\/p>\n<p class=\"fig-paragraph\">Le chef de la minorit\u00e9 d\u00e9mocrate au S\u00e9nat, Chuck Schumer a toutefois d\u00e9plor\u00e9 que l\u2019extension des aides \u00e0 la sant\u00e9 fasse l\u2019objet d\u2019un vote et non d\u2019une prolongation directe. \u00abCe combat va et doit continuer\u00bb, a-t-il lanc\u00e9 \u00e0 la chambre haute.<\/p>\n","protected":false},"excerpt":{"rendered":"Les \u00e9lus r\u00e9publicains et d\u00e9mocrates sont parvenus \u00e0 un accord provisoire permettant le financement du gouvernement jusqu\u2019en janvier.&hellip;\n","protected":false},"author":2,"featured_media":524029,"comment_status":"","ping_status":"","sticky":false,"template":"","format":"standard","meta":{"footnotes":""},"categories":[6],"tags":[55322,35,33,34,73,1011,27],"class_list":{"0":"post-524028","1":"post","2":"type-post","3":"status-publish","4":"format-standard","5":"has-post-thumbnail","7":"category-economie","8":"tag-shutdown","9":"tag-business","10":"tag-economie","11":"tag-economy","12":"tag-etats-unis","13":"tag-fr","14":"tag-france"},"share_on_mastodon":{"url":"https:\/\/pubeurope.com\/@fr\/115523137280806586","error":""},"_links":{"self":[{"href":"https:\/\/www.europesays.com\/fr\/wp-json\/wp\/v2\/posts\/524028","targetHints":{"allow":["GET"]}}],"collection":[{"href":"https:\/\/www.europesays.com\/fr\/wp-json\/wp\/v2\/posts"}],"about":[{"href":"https:\/\/www.europesays.com\/fr\/wp-json\/wp\/v2\/types\/post"}],"author":[{"embeddable":true,"href":"https:\/\/www.europesays.com\/fr\/wp-json\/wp\/v2\/users\/2"}],"replies":[{"embeddable":true,"href":"https:\/\/www.europesays.com\/fr\/wp-json\/wp\/v2\/comments?post=524028"}],"version-history":[{"count":0,"href":"https:\/\/www.europesays.com\/fr\/wp-json\/wp\/v2\/posts\/524028\/revisions"}],"wp:featuredmedia":[{"embeddable":true,"href":"https:\/\/www.europesays.com\/fr\/wp-json\/wp\/v2\/media\/524029"}],"wp:attachment":[{"href":"https:\/\/www.europesays.com\/fr\/wp-json\/wp\/v2\/media?parent=524028"}],"wp:term":[{"taxonomy":"category","embeddable":true,"href":"https:\/\/www.europesays.com\/fr\/wp-json\/wp\/v2\/categories?post=524028"},{"taxonomy":"post_tag","embeddable":true,"href":"https:\/\/www.europesays.com\/fr\/wp-json\/wp\/v2\/tags?post=524028"}],"curies":[{"name":"wp","href":"https:\/\/api.w.org\/{rel}","templated":true}]}}