{"id":524034,"date":"2025-11-10T02:54:12","date_gmt":"2025-11-10T02:54:12","guid":{"rendered":"https:\/\/www.europesays.com\/fr\/524034\/"},"modified":"2025-11-10T02:54:12","modified_gmt":"2025-11-10T02:54:12","slug":"les-deputes-fixent-une-duree-maximum-aux-arrets-de-travail","status":"publish","type":"post","link":"https:\/\/www.europesays.com\/fr\/524034\/","title":{"rendered":"les d\u00e9put\u00e9s fixent une dur\u00e9e maximum aux arr\u00eats de travail"},"content":{"rendered":"<p>\n    Les m\u00e9decins pourront toutefois d\u00e9roger au plafond pr\u00e9vu \u00abau regard de la situation du patient\u00bb et en le justifiant sur leur prescription.<\/p>\n<p class=\"fig-paragraph\">L&rsquo;Assembl\u00e9e nationale a approuv\u00e9 dimanche la limitation de la\u00a0<a href=\"http:\/\/www.lefigaro.fr\/conjoncture\/jour-de-carence-duree-des-arrets-maladie-le-gouvernement-veut-s-attaquer-a-l-absenteisme-au-travail-20250721\" data-fig-type=\"Article\" data-gtm-custom-categorie=\"navigation\" data-gtm-custom-action=\"crossclick\" data-gtm-custom-label=\"Contextuel\" data-gtm-event=\"customEventSPE\" data-fig-domain=\"LEFIGARO\" target=\"_blank\" rel=\"noopener\">dur\u00e9e des arr\u00eats de travail<\/a>, en fixant une dur\u00e9e maximum d&rsquo;un mois pour une premi\u00e8re prescription et de deux mois pour un renouvellement. Les m\u00e9decins pourront toutefois d\u00e9roger au plafond pr\u00e9vu \u00abau regard de la situation du patient\u00bb et en le justifiant sur leur prescription. Cette mesure a \u00e9t\u00e9 adopt\u00e9e dans le cadre de l&rsquo;examen en premi\u00e8re lecture du projet de\u00a0<a href=\"https:\/\/video.lefigaro.fr\/figaro\/economie\/les-deputes-adoptent-la-partie-recette-du-budget-de-la-securite-sociale-20251108\" data-fig-type=\"Video\" data-gtm-custom-categorie=\"navigation\" data-gtm-custom-action=\"crossclick\" data-gtm-custom-label=\"Contextuel\" data-gtm-event=\"customEventSPE\" data-fig-domain=\"LEFIGARO\" target=\"_blank\" rel=\"noopener\">budget de la S\u00e9curit\u00e9 sociale<\/a>\u00a0pour 2026.<\/p>\n<p class=\"fig-paragraph\">Le gouvernement avait initialement souhait\u00e9 pouvoir fixer cette limite par d\u00e9cret, \u00e0 15 jours pour un premier arr\u00eat de travail prescrit par un m\u00e9decin de ville et 30 jours \u00e0 l&rsquo;h\u00f4pital. Mais un amendement socialiste a \u00e9t\u00e9 adopt\u00e9, pour que la dur\u00e9e soit d&rsquo;un mois dans les deux cas, et que cette dur\u00e9e soit inscrite dans la loi et non laiss\u00e9e \u00e0 la main de l&rsquo;ex\u00e9cutif.<\/p>\n<p>                                    <a class=\"fig-a11y-skip a11y-hidden\" href=\"#fig-a11y-skip-main-inarticle\"><br \/>\n        Passer la publicit\u00e9<br \/>\n    <\/a><\/p>\n<p class=\"fig-paragraph\">Il s&rsquo;agissait d&rsquo;un amendement de repli, les socialistes ayant initialement souhait\u00e9, comme les communistes, les \u00c9cologistes et LFI, supprimer la mesure. \u00abEn zone sous-dot\u00e9e en m\u00e9decins, (&#8230;) une personne malade retournera au travail faute d&rsquo;avoir pu trouver un nouveau rendez-vous chez le m\u00e9decin pour prolonger son arr\u00eat\u00bb, avait alert\u00e9 la d\u00e9put\u00e9e PS Sandrine Runel. \u00abCet article introduit une logique de suspicion \u00e0 l&rsquo;\u00e9gard des soignants et des assur\u00e9s\u00bb, a \u00e9galement critiqu\u00e9 Paul-Andr\u00e9 Colombani, d\u00e9put\u00e9 du groupe ind\u00e9pendant Liot.<\/p>\n<p>\u00ab11 milliards (d\u2019euros) de d\u00e9penses sur les arr\u00eats maladie\u00bb<\/p>\n<p class=\"fig-paragraph\">Pour justifier cette mesure, l&rsquo;ex\u00e9cutif pointe notamment la croissance des d\u00e9penses d&rsquo;indemnit\u00e9s journali\u00e8res. \u00ab11 milliards (d&rsquo;euros) de d\u00e9penses sur les arr\u00eats maladie, c&rsquo;est plus 6% par an depuis 5 ans\u00bb, a fait valoir la ministre de la Sant\u00e9 St\u00e9phanie Rist. Selon un rapport annex\u00e9 au projet de budget de la S\u00e9cu, la mesure aura \u00abpour cons\u00e9quence d&rsquo;augmenter le nombre de consultations m\u00e9dicales\u00bb. Mais revenir plus fr\u00e9quemment chez le m\u00e9decin \u00abva permettre un suivi et donc une meilleure prise en charge du patient\u00bb, a d\u00e9fendu Mme Rist, qui s&rsquo;est montr\u00e9e ouverte \u00e0 l&rsquo;amendement socialiste en faisant valoir sa vertu de \u00absimplification\u00bb.<\/p>\n<p class=\"fig-paragraph\">Aucune dur\u00e9e maximale d&rsquo;arr\u00eat maladie n&rsquo;est aujourd&rsquo;hui pr\u00e9vue, bien que des recommandations existent pour certaines pathologies, avec des dur\u00e9es indicatives. Les assur\u00e9s sont par ailleurs soumis \u00e0 un plafond de 360 jours d&rsquo;indemnit\u00e9s journali\u00e8res sur trois ans. Une mesure du texte entend d&rsquo;ailleurs ramener \u00e0 ce plafond de 360 jours les personnes b\u00e9n\u00e9ficiant d&rsquo;une Affections longue dur\u00e9e (ALD) non exon\u00e9rante, contre 1.095 journ\u00e9es d&rsquo;indemnit\u00e9s journali\u00e8res sur trois ans pour elles actuellement.<\/p>\n<p class=\"fig-paragraph\">Cet abaissement du plafond, qui concerne notamment des personnes atteintes de troubles musculo-squelettiques ou de troubles d\u00e9pressifs, a \u00e9t\u00e9 supprim\u00e9 par l&rsquo;Assembl\u00e9e. Tout comme une autre mesure concernant l&rsquo;examen de reprise du travail \u00e0 l&rsquo;issue d&rsquo;un cong\u00e9 maternit\u00e9, r\u00e9alis\u00e9 par un m\u00e9decin du travail. Celui-ci est actuellement obligatoire, mais le gouvernement souhaite le rendre facultatif. Ce que l&rsquo;Assembl\u00e9e n&rsquo;a pas approuv\u00e9.<\/p>\n","protected":false},"excerpt":{"rendered":"Les m\u00e9decins pourront toutefois d\u00e9roger au plafond pr\u00e9vu \u00abau regard de la situation du patient\u00bb et en le&hellip;\n","protected":false},"author":2,"featured_media":524035,"comment_status":"","ping_status":"","sticky":false,"template":"","format":"standard","meta":{"footnotes":""},"categories":[2],"tags":[11,30829,416,1003,1011,27,12,731],"class_list":{"0":"post-524034","1":"post","2":"type-post","3":"status-publish","4":"format-standard","5":"has-post-thumbnail","7":"category-actualites","8":"tag-actualites","9":"tag-arret-maladie","10":"tag-assemblee-nationale","11":"tag-budget","12":"tag-fr","13":"tag-france","14":"tag-news","15":"tag-securite-sociale"},"share_on_mastodon":{"url":"https:\/\/pubeurope.com\/@fr\/115523149081328929","error":""},"_links":{"self":[{"href":"https:\/\/www.europesays.com\/fr\/wp-json\/wp\/v2\/posts\/524034","targetHints":{"allow":["GET"]}}],"collection":[{"href":"https:\/\/www.europesays.com\/fr\/wp-json\/wp\/v2\/posts"}],"about":[{"href":"https:\/\/www.europesays.com\/fr\/wp-json\/wp\/v2\/types\/post"}],"author":[{"embeddable":true,"href":"https:\/\/www.europesays.com\/fr\/wp-json\/wp\/v2\/users\/2"}],"replies":[{"embeddable":true,"href":"https:\/\/www.europesays.com\/fr\/wp-json\/wp\/v2\/comments?post=524034"}],"version-history":[{"count":0,"href":"https:\/\/www.europesays.com\/fr\/wp-json\/wp\/v2\/posts\/524034\/revisions"}],"wp:featuredmedia":[{"embeddable":true,"href":"https:\/\/www.europesays.com\/fr\/wp-json\/wp\/v2\/media\/524035"}],"wp:attachment":[{"href":"https:\/\/www.europesays.com\/fr\/wp-json\/wp\/v2\/media?parent=524034"}],"wp:term":[{"taxonomy":"category","embeddable":true,"href":"https:\/\/www.europesays.com\/fr\/wp-json\/wp\/v2\/categories?post=524034"},{"taxonomy":"post_tag","embeddable":true,"href":"https:\/\/www.europesays.com\/fr\/wp-json\/wp\/v2\/tags?post=524034"}],"curies":[{"name":"wp","href":"https:\/\/api.w.org\/{rel}","templated":true}]}}