{"id":524038,"date":"2025-11-10T02:57:24","date_gmt":"2025-11-10T02:57:24","guid":{"rendered":"https:\/\/www.europesays.com\/fr\/524038\/"},"modified":"2025-11-10T02:57:24","modified_gmt":"2025-11-10T02:57:24","slug":"lorraine-la-reprise-des-usines-novasco-sannonce-difficile-selon-le-ministre-de-lindustrie","status":"publish","type":"post","link":"https:\/\/www.europesays.com\/fr\/524038\/","title":{"rendered":"Lorraine. La reprise des usines Novasco s&rsquo;annonce \u00ab difficile \u00bb, selon le ministre de l&rsquo;Industrie"},"content":{"rendered":"<p>La reprise des usines de l&rsquo;aci\u00e9riste Novasco <a href=\"https:\/\/www.estrepublicain.fr\/economie\/2025\/08\/11\/novasco-(ex-ascometal)-place-en-redressement-judiciaire-760-emplois-menaces-en-france\" target=\"_blank\" rel=\"nofollow noopener\">en redressement judiciaire<\/a> s&rsquo;annonce \u00ab difficile \u00bb, a estim\u00e9 ce dimanche le ministre de l&rsquo;Industrie, <a href=\"https:\/\/www.estrepublicain.fr\/p\/sebastien-martin\" target=\"_blank\" rel=\"nofollow noopener\">S\u00e9bastien Martin<\/a>, \u00e0 trois jours de la d\u00e9cision du tribunal judiciaire de Strasbourg sur le devenir de l&rsquo;entreprise et de ses 760 salari\u00e9s.<\/p>\n<p>\u00ab Sur Novasco, il y a des projets qui seront examin\u00e9s par le tribunal le douze, mercredi: \u00e7a va \u00eatre difficile, je pr\u00e9f\u00e8re le dire tout de suite, \u00e7a va \u00eatre difficile \u00bb, a r\u00e9p\u00e9t\u00e9 le ministre, interrog\u00e9 dans l&rsquo;\u00e9mission Dimanche en politique, sur France 3. Le ministre est m\u00eame all\u00e9 jusqu&rsquo;\u00e0 former le voeu de \u00ab redonner un avenir \u00bb \u00e0 \u00ab ce site \u00bb, semblant parler de l&rsquo;usine d&rsquo;Hagondange en Moselle, la plus importante du groupe, qui compte quelque 450 salari\u00e9s, dont il esp\u00e8re qu&rsquo;elle \u00ab puisse avoir un devenir, donc ne ferme pas et ne soit pas une friche \u00bb.<\/p>\n<p>  \u00ab On ne laisse pas tomber le site \u00bb<\/p>\n<p>Il a rappel\u00e9 avoir re\u00e7u cette semaine \u00ab tous les \u00e9lus locaux \u00bb et avoir \u00ab obtenu la mobilisation de l&rsquo;intercommunalit\u00e9 locale, de la r\u00e9gion et de la Banque des territoires \u00bb pour que \u00ab demain, m\u00eame s&rsquo;il n&rsquo;y avait pas \u00e9ventuellement de projets de reprise satisfaisants, on ne laisse pas tomber le site \u00bb.<\/p>\n<p>Parmi les deux repreneurs potentiels, Europlasma envisagerait de reprendre les quatre sites, \u00e0 Saint-Etienne, Custines (Meurthe-et-Moselle), Leffrinkoucke pr\u00e8s de Dunkerque (Nord) et surtout Hagondange, mais au prix de licenciements (75 salari\u00e9s seraient repris sur 450). M\u00e9tal Blanc n&rsquo;a en revanche cantonn\u00e9 son offre qu&rsquo;\u00e0 un seul site, celui de Leffrinkoucke.<\/p>\n<p>Novasco, qui fabrique des aciers sp\u00e9ciaux, notamment pour le secteur automobile, en est \u00e0 son quatri\u00e8me redressement judiciaire depuis 2014. Le groupe avait \u00e9t\u00e9 repris en 2024 par le fonds d&rsquo;investissement britannique Greybull Capital, qui avait promis d&rsquo;y injecter 90 millions d&rsquo;euros tandis que l&rsquo;Etat verserait 85 millions.<\/p>\n<p>Si l&rsquo;Etat a globalement tenu ses engagements financiers, Greybull n&rsquo;a apport\u00e9 que 1,5 million d&rsquo;euros, selon les syndicats. Mercredi, le ministre avait indiqu\u00e9 vouloir demander des comptes \u00e0 l&rsquo;actionnaire britannique a qui il entendait faire respecter ses engagements, sans en dire davantage.<\/p>\n<p>L&rsquo;industrie sid\u00e9rurgique europ\u00e9enne multiplie les plans de licenciements, souffrant entre autres de la concurrence chinoise, des co\u00fbts \u00e9lev\u00e9s de l&rsquo;\u00e9nergie, ainsi que des difficult\u00e9s des constructeurs automobiles, gros consommateurs d&rsquo;acier.<\/p>\n","protected":false},"excerpt":{"rendered":"La reprise des usines de l&rsquo;aci\u00e9riste Novasco en redressement judiciaire s&rsquo;annonce \u00ab difficile \u00bb, a estim\u00e9 ce dimanche&hellip;\n","protected":false},"author":2,"featured_media":524039,"comment_status":"","ping_status":"","sticky":false,"template":"","format":"standard","meta":{"footnotes":""},"categories":[9635],"tags":[1111,11,13560,37367,33,1777,674,107,1011,27,329,775,693,3457,1702,12,316,3456,25,801],"class_list":{"0":"post-524038","1":"post","2":"type-post","3":"status-publish","4":"format-standard","5":"has-post-thumbnail","7":"category-nancy","8":"tag-actu","9":"tag-actualites","10":"tag-champigneulles","11":"tag-custines","12":"tag-economie","13":"tag-eu","14":"tag-europe","15":"tag-fil-info","16":"tag-fr","17":"tag-france","18":"tag-france-monde","19":"tag-grand-est","20":"tag-industrie","21":"tag-meurthe-et-moselle","22":"tag-nancy","23":"tag-news","24":"tag-politique","25":"tag-region-lorraine","26":"tag-republique-francaise","27":"tag-social"},"share_on_mastodon":{"url":"https:\/\/pubeurope.com\/@fr\/115523160792626603","error":""},"_links":{"self":[{"href":"https:\/\/www.europesays.com\/fr\/wp-json\/wp\/v2\/posts\/524038","targetHints":{"allow":["GET"]}}],"collection":[{"href":"https:\/\/www.europesays.com\/fr\/wp-json\/wp\/v2\/posts"}],"about":[{"href":"https:\/\/www.europesays.com\/fr\/wp-json\/wp\/v2\/types\/post"}],"author":[{"embeddable":true,"href":"https:\/\/www.europesays.com\/fr\/wp-json\/wp\/v2\/users\/2"}],"replies":[{"embeddable":true,"href":"https:\/\/www.europesays.com\/fr\/wp-json\/wp\/v2\/comments?post=524038"}],"version-history":[{"count":0,"href":"https:\/\/www.europesays.com\/fr\/wp-json\/wp\/v2\/posts\/524038\/revisions"}],"wp:featuredmedia":[{"embeddable":true,"href":"https:\/\/www.europesays.com\/fr\/wp-json\/wp\/v2\/media\/524039"}],"wp:attachment":[{"href":"https:\/\/www.europesays.com\/fr\/wp-json\/wp\/v2\/media?parent=524038"}],"wp:term":[{"taxonomy":"category","embeddable":true,"href":"https:\/\/www.europesays.com\/fr\/wp-json\/wp\/v2\/categories?post=524038"},{"taxonomy":"post_tag","embeddable":true,"href":"https:\/\/www.europesays.com\/fr\/wp-json\/wp\/v2\/tags?post=524038"}],"curies":[{"name":"wp","href":"https:\/\/api.w.org\/{rel}","templated":true}]}}