{"id":52405,"date":"2025-04-25T18:37:09","date_gmt":"2025-04-25T18:37:09","guid":{"rendered":"https:\/\/www.europesays.com\/fr\/52405\/"},"modified":"2025-04-25T18:37:09","modified_gmt":"2025-04-25T18:37:09","slug":"pres-de-rennes-cet-intermarche-ferme-moins-dun-an-apres-son-ouverture","status":"publish","type":"post","link":"https:\/\/www.europesays.com\/fr\/52405\/","title":{"rendered":"Pr\u00e8s de Rennes, cet Intermarch\u00e9 ferme moins d\u2019un an apr\u00e8s son ouverture"},"content":{"rendered":"<p>Apr\u00e8s la reprise de l\u2019enseigne Casino, Intermarch\u00e9 avait ouvert son magasin du Rheu, le 18\u00a0juin 2024. Moins d\u2019un an apr\u00e8s, il fermera d\u00e9finitivement ses portes ce samedi 25\u00a0avril 2025, \u00e0 midi.<\/p>\n<p>Des rayons pris d\u2019assaut<\/p>\n<p>La veille, les clients \u00e9taient au rendez-vous pour les bonnes affaires \u00e0 moins 50\u00a0% ou\u00a0plus. Certains rayons\u00a0ont \u00e9t\u00e9 pris d\u2019assaut, d\u2019autres\u00a0sont rest\u00e9s presque intacts.<\/p>\n<p>\t<img decoding=\"async\" src=\"https:\/\/www.europesays.com\/fr\/wp-content\/uploads\/2025\/04\/P35191250D6780614G_px_640_.jpg\" alt=\"photo le parking n\u2019a jamais \u00e9t\u00e9 aussi rempli.  \u00a9  ouest-france\" width=\"640\" title=\" Le parking n\u2019a jamais \u00e9t\u00e9 aussi rempli.   Ouest-France \"\/><\/p>\n<p class=\"elmt-legende\"> Le parking n\u2019a jamais \u00e9t\u00e9 aussi rempli.   Ouest-France <\/p>\n<p>Depuis quelques jours, le parking n\u2019a jamais \u00e9t\u00e9 aussi rempli. C\u2019est un paradoxe, les r\u00e9seaux et le bouche-\u00e0-oreille ont bien fonctionn\u00e9. Les clients, du Rheu et des communes proches s\u2019interrogent\u00a0: \u00a0Pourquoi \u00e7a n\u2019a pas march\u00e9\u00a0?\u00a0.<\/p>\n<p>Dans ce contexte, les salari\u00e9s et leur responsable n\u2019ont pas souhait\u00e9 s\u2019exprimer. Mais l\u2019ambiance n\u2019est pas \u00e0 la f\u00eate.<\/p>\n<p>\u00a0<\/p>\n","protected":false},"excerpt":{"rendered":"Apr\u00e8s la reprise de l\u2019enseigne Casino, Intermarch\u00e9 avait ouvert son magasin du Rheu, le 18\u00a0juin 2024. Moins d\u2019un&hellip;\n","protected":false},"author":2,"featured_media":52406,"comment_status":"","ping_status":"","sticky":false,"template":"","format":"standard","meta":{"footnotes":""},"categories":[2821],"tags":[1111,11,9626,829,1777,674,9095,1011,27,2529,12,14570,3762,584,25],"class_list":{"0":"post-52405","1":"post","2":"type-post","3":"status-publish","4":"format-standard","5":"has-post-thumbnail","7":"category-rennes","8":"tag-actu","9":"tag-actualites","10":"tag-an","11":"tag-bretagne","12":"tag-eu","13":"tag-europe","14":"tag-ferme","15":"tag-fr","16":"tag-france","17":"tag-intermarche","18":"tag-news","19":"tag-ouverture","20":"tag-pres","21":"tag-rennes","22":"tag-republique-francaise"},"share_on_mastodon":{"url":"https:\/\/pubeurope.com\/@fr\/114400057526291653","error":""},"_links":{"self":[{"href":"https:\/\/www.europesays.com\/fr\/wp-json\/wp\/v2\/posts\/52405","targetHints":{"allow":["GET"]}}],"collection":[{"href":"https:\/\/www.europesays.com\/fr\/wp-json\/wp\/v2\/posts"}],"about":[{"href":"https:\/\/www.europesays.com\/fr\/wp-json\/wp\/v2\/types\/post"}],"author":[{"embeddable":true,"href":"https:\/\/www.europesays.com\/fr\/wp-json\/wp\/v2\/users\/2"}],"replies":[{"embeddable":true,"href":"https:\/\/www.europesays.com\/fr\/wp-json\/wp\/v2\/comments?post=52405"}],"version-history":[{"count":0,"href":"https:\/\/www.europesays.com\/fr\/wp-json\/wp\/v2\/posts\/52405\/revisions"}],"wp:featuredmedia":[{"embeddable":true,"href":"https:\/\/www.europesays.com\/fr\/wp-json\/wp\/v2\/media\/52406"}],"wp:attachment":[{"href":"https:\/\/www.europesays.com\/fr\/wp-json\/wp\/v2\/media?parent=52405"}],"wp:term":[{"taxonomy":"category","embeddable":true,"href":"https:\/\/www.europesays.com\/fr\/wp-json\/wp\/v2\/categories?post=52405"},{"taxonomy":"post_tag","embeddable":true,"href":"https:\/\/www.europesays.com\/fr\/wp-json\/wp\/v2\/tags?post=52405"}],"curies":[{"name":"wp","href":"https:\/\/api.w.org\/{rel}","templated":true}]}}