{"id":524050,"date":"2025-11-10T03:12:48","date_gmt":"2025-11-10T03:12:48","guid":{"rendered":"https:\/\/www.europesays.com\/fr\/524050\/"},"modified":"2025-11-10T03:12:48","modified_gmt":"2025-11-10T03:12:48","slug":"r1-vainqueur-de-la-ta-rennes-ploermel-fait-tomber-le-leader","status":"publish","type":"post","link":"https:\/\/www.europesays.com\/fr\/524050\/","title":{"rendered":"R1\u00a0: vainqueur de la TA Rennes, Plo\u00ebrmel fait tomber le leader"},"content":{"rendered":"<p>R1\u00a0: Plo\u00ebrmel FC &#8211; TA Rennes\u00a0: 2-0<\/p>\n<p>La <a href=\"https:\/\/footamateur.letelegramme.fr\/clubs\/la-tour-d-auvergne-rennes\/\" rel=\"nofollow noopener\" target=\"_blank\">TA Rennes<\/a> restait sur sept victoires en autant de matchs. Le challenge s\u2019annon\u00e7ait donc compliqu\u00e9 pour le <a href=\"https:\/\/footamateur.letelegramme.fr\/clubs\/ploermel-fc\/\" rel=\"nofollow noopener\" target=\"_blank\">Plo\u00ebrmel FC<\/a>. Les cinq premi\u00e8res minutes laissaient d\u2019ailleurs pr\u00e9sager une rencontre difficile mais les locaux rentraient finalement dans le match et faisaient preuve de ma\u00eetrise pour dominer. Ils \u00e9taient logiquement r\u00e9compens\u00e9s en fin de premi\u00e8re p\u00e9riode par un but de Gousset, bien servi par Le Mouellic (1-0, 38\u2019).<\/p>\n<p>Au retour des vestiaires, les Rennais gagnaient la bataille territoriale et encha\u00eenaient les actions offensives mais ils se heurtaient \u00e0 une d\u00e9fense plo\u00ebrmelaise tr\u00e8s solidaire qui stoppait avec rigueur chaque tentative. En fin de match, Plo\u00ebrmel b\u00e9n\u00e9ficiait d\u2019un coup franc aux trente m\u00e8tres. Morhan envoyait une tr\u00e8s belle transversale au second poteau pour la t\u00eate de Le Mouellic qui inscrivait le second but (2-0, 84\u2019).<\/p>\n<p>\u00ab\u00a0De bon augure pour la suite\u00a0\u00bb<\/p>\n<p>Sullivan Coppalle, l\u2019entra\u00eeneur morbihannais, pouvait \u00eatre satisfait de la rencontre. \u00ab\u00a0Sur la premi\u00e8re, on a su les faire d\u00e9jouer et mettre en place ce qu\u2019on avait travaill\u00e9 \u00e0 l\u2019entra\u00eenement. En deuxi\u00e8me, on s\u2019attendait \u00e0 subir mais pas \u00e0 ce niveau-l\u00e0. Les valeurs de solidarit\u00e9, de compacit\u00e9 ont pris le dessus. On a \u00e9t\u00e9 capable de faire corps apr\u00e8s avoir domin\u00e9, c\u2019est vraiment de bon augure pour la suite.\u00a0\u00bb<\/p>\n<p>Son homologue rennais, K\u00e9vin Plantet, \u00e9tait, lui, fataliste\u00a0: \u00ab\u00a0On avait envie de repousser cette premi\u00e8re d\u00e9faite le plus loin possible mais on a rat\u00e9 notre premi\u00e8re p\u00e9riode et Plo\u00ebrmel a men\u00e9 logiquement. Apr\u00e8s, on n\u2019a pas su mettre ce but qui nous aurait permis d\u2019\u00e9galiser et, peut-\u00eatre, de retourner le match. C\u2019est un championnat long et difficile et il y a pas mal d\u2019\u00e9quipes au m\u00eame niveau. Il faudra se relancer \u00e0 domicile dans quinze jours\u00a0\u00bb.<\/p>\n<p>La fiche technique<\/p>\n<p class=\"tech\"><strong class=\"tech\">Arbitre\u00a0: <\/strong>M. Leroux.<\/p>\n<p class=\"tech\"><strong class=\"tech\">BUTS.<\/strong> Plo\u00ebrmel FC\u00a0: Gousset (38&prime;), Le Mouellic (84&prime;).<\/p>\n<p class=\"tech\"><strong class=\"tech\">Avertissements. <\/strong>Plo\u00ebrmel FC\u00a0: Renaud (41&prime;), Guebou (72&prime;)\u00a0; TA Rennes\u00a0: Daniel (83&prime;).<\/p>\n","protected":false},"excerpt":{"rendered":"R1\u00a0: Plo\u00ebrmel FC &#8211; TA Rennes\u00a0: 2-0 La TA Rennes restait sur sept victoires en autant de matchs.&hellip;\n","protected":false},"author":2,"featured_media":524051,"comment_status":"","ping_status":"","sticky":false,"template":"","format":"standard","meta":{"footnotes":""},"categories":[2821],"tags":[328,1111,11,829,1777,674,1011,27,64405,12,64404,584,25],"class_list":{"0":"post-524050","1":"post","2":"type-post","3":"status-publish","4":"format-standard","5":"has-post-thumbnail","7":"category-rennes","8":"tag-a-la-une","9":"tag-actu","10":"tag-actualites","11":"tag-bretagne","12":"tag-eu","13":"tag-europe","14":"tag-fr","15":"tag-france","16":"tag-la-tour-dauvergne-rennes","17":"tag-news","18":"tag-ploermel-fc","19":"tag-rennes","20":"tag-republique-francaise"},"share_on_mastodon":{"url":"https:\/\/pubeurope.com\/@fr\/115523223737083888","error":""},"_links":{"self":[{"href":"https:\/\/www.europesays.com\/fr\/wp-json\/wp\/v2\/posts\/524050","targetHints":{"allow":["GET"]}}],"collection":[{"href":"https:\/\/www.europesays.com\/fr\/wp-json\/wp\/v2\/posts"}],"about":[{"href":"https:\/\/www.europesays.com\/fr\/wp-json\/wp\/v2\/types\/post"}],"author":[{"embeddable":true,"href":"https:\/\/www.europesays.com\/fr\/wp-json\/wp\/v2\/users\/2"}],"replies":[{"embeddable":true,"href":"https:\/\/www.europesays.com\/fr\/wp-json\/wp\/v2\/comments?post=524050"}],"version-history":[{"count":0,"href":"https:\/\/www.europesays.com\/fr\/wp-json\/wp\/v2\/posts\/524050\/revisions"}],"wp:featuredmedia":[{"embeddable":true,"href":"https:\/\/www.europesays.com\/fr\/wp-json\/wp\/v2\/media\/524051"}],"wp:attachment":[{"href":"https:\/\/www.europesays.com\/fr\/wp-json\/wp\/v2\/media?parent=524050"}],"wp:term":[{"taxonomy":"category","embeddable":true,"href":"https:\/\/www.europesays.com\/fr\/wp-json\/wp\/v2\/categories?post=524050"},{"taxonomy":"post_tag","embeddable":true,"href":"https:\/\/www.europesays.com\/fr\/wp-json\/wp\/v2\/tags?post=524050"}],"curies":[{"name":"wp","href":"https:\/\/api.w.org\/{rel}","templated":true}]}}