{"id":524056,"date":"2025-11-10T03:19:27","date_gmt":"2025-11-10T03:19:27","guid":{"rendered":"https:\/\/www.europesays.com\/fr\/524056\/"},"modified":"2025-11-10T03:19:27","modified_gmt":"2025-11-10T03:19:27","slug":"les-gens-viennent-se-poser-ou-travailler-au-cafe-loco-ce-quartier-de-nantes-se-retrouve","status":"publish","type":"post","link":"https:\/\/www.europesays.com\/fr\/524056\/","title":{"rendered":"\u00ab\u00a0Les gens viennent se poser ou travailler\u00a0\u00bb\u00a0: au caf\u00e9 Loco, ce quartier de Nantes se retrouve"},"content":{"rendered":"<p>Ce vendredi 17\u00a0octobre, en apr\u00e8s-midi, un joyeux brouhaha attend le visiteur lors du go\u00fbter organis\u00e9 par le caf\u00e9 Loco, \u00e0 la Halv\u00eaque, \u00e0 Nantes (Loire-Atlantique). Ouvert depuis deux\u00a0ans ce lieu associatif, adoss\u00e9 au centre social, a trouv\u00e9 son public.<\/p>\n<p><strong>\u00ab\u00a0Ce caf\u00e9 existe \u00e0 la demande des habitants,<\/strong> explique Mathilde Sabiron, animatrice de l\u2019Accoord et coordinatrice du lieu. <strong>Ils voulaient un espace libre de rencontres.\u00a0\u00bb<\/strong> Il faut dire que le quartier n\u2019a pas beaucoup de bistrots \u00e0 disposition. Celui de Saint-Joseph a ferm\u00e9 depuis plus d\u2019un an. La construction du centre social a permis \u00e0 l\u2019Accoord de faire vivre ce lieu solidaire, le seul \u00e0 l\u2019heure actuelle.<\/p>\n<p>Boissons gratuites tous les matins<\/p>\n<p><strong>\u00ab\u00a0Les gens viennent se poser ou travailler,<\/strong> ajoute la coordinatrice du lieu. <strong>Des \u00e9tudiants se consacrent \u00e0 leur cours, des retrait\u00e9s y lisent le journal ou simplement bavardent.\u00a0\u00bb<\/strong><\/p>\n<p>Le public n\u2019est pas oblig\u00e9 de consommer, des m\u00e8res de famille y viennent avec leurs enfants pour prendre leur go\u00fbter apr\u00e8s l\u2019\u00e9cole. <strong>\u00ab\u00a0C\u2019est un lieu de rencontre entre l\u2019\u00e9cole ou l\u2019entreprise et la maison<\/strong>\u00a0<strong>\u00bb,<\/strong> observe Mathilde Sabiron. Le matin, dans ce caf\u00e9 sans alcool, les boissons chaudes ou froides sont en libre-service. \u00c0 partir de 13\u00a0h\u00a030, les consommations deviennent payantes. <strong>\u00ab<\/strong>\u00a0<strong>\u00c0 des prix tr\u00e8s attractifs,<\/strong> pr\u00e9cise l\u2019animatrice. <strong>Entre 20\u00a0centimes et 1\u00a0\u20ac la boisson.<\/strong>\u00a0<strong>\u00bb<\/strong><\/p>\n<p>\u00ab\u00a0Il n\u2019y a pas de jugement\u00a0\u00bb<\/p>\n<p>Il se passe toujours quelque chose au caf\u00e9 Loco\u00a0: apr\u00e8s-midi guinguette, atelier astuces de cuisine, petit-d\u00e9jeuner ou go\u00fbter offert une fois par mois. Les enfants ne sont pas oubli\u00e9s avec un atelier Exp\u00e9riences rigolotes. Des concerts y sont r\u00e9guli\u00e8rement organis\u00e9s le vendredi apr\u00e8s midi.<\/p>\n<p>\u00c0 78\u00a0ans, b\u00e9n\u00e9vole depuis dix-sept\u00a0ans, Fadia (1) conna\u00eet ses habitu\u00e9s. Cette sp\u00e9cialiste du th\u00e9 \u00e0 la menthe \u2013 <strong>\u00ab<\/strong>\u00a0<strong>tr\u00e8s sucr\u00e9, sinon il<\/strong> <strong> est \u00e2pre<\/strong>\u00a0<strong>\u00bb,<\/strong> sourit-elle \u2013 concocte avec ses coll\u00e8gues b\u00e9n\u00e9voles des g\u00e2teaux aux yaourts au matcha et aux pignons de pins, accompagn\u00e9s de beignets qui font le bonheur des clients pr\u00e9sents. Christelle (1), b\u00e9n\u00e9vole depuis deux\u00a0ans, qui vient aider avec sa fille Marie de temps en temps, observe en souriant\u00a0: <strong>\u00ab<\/strong>\u00a0<strong>Ici tout le monde est dans la bienveillance, il n\u2019y a pas de jugement.<\/strong>\u00a0<strong>\u00bb<\/strong> Axel (1), b\u00e9n\u00e9vole depuis dix ans, abonde\u00a0: <strong>\u00ab<\/strong>\u00a0<strong>Il y a une hausse de la fr\u00e9quentation depuis deux\u00a0ans, cela veut dire que les gens appr\u00e9cient.<\/strong>\u00a0\u00bb<\/p>\n<p><strong>Centre socioculturel Halv\u00eaque-Beaujoire,<\/strong> ouvert du mardi au vendredi, de 9\u00a0h \u00e0 18\u00a0h en continu\u00a0; samedi, 10\u00a0h \u00e0 12\u00a0h\u00a030 et de 13\u00a0h\u00a030 \u00e0 18\u00a0h\u00a0; 109, avenue de la gare de Saint-Joseph, \u00e0\u00a0Nantes. Le programme du caf\u00e9 est disponible sur les r\u00e9seaux sociaux.<\/p>\n<p>(1) Ces personnes n\u2019ont pas souhait\u00e9 communiquer leur nom de famille.<\/p>\n<p>\u00a0<\/p>\n","protected":false},"excerpt":{"rendered":"Ce vendredi 17\u00a0octobre, en apr\u00e8s-midi, un joyeux brouhaha attend le visiteur lors du go\u00fbter organis\u00e9 par le caf\u00e9&hellip;\n","protected":false},"author":2,"featured_media":524057,"comment_status":"","ping_status":"","sticky":false,"template":"","format":"standard","meta":{"footnotes":""},"categories":[2818],"tags":[1111,11,4586,1777,674,1011,27,7397,64406,766,12,2636,7514,5775,25,4256,16724,22920],"class_list":{"0":"post-524056","1":"post","2":"type-post","3":"status-publish","4":"format-standard","5":"has-post-thumbnail","7":"category-nantes","8":"tag-actu","9":"tag-actualites","10":"tag-cafe","11":"tag-eu","12":"tag-europe","13":"tag-fr","14":"tag-france","15":"tag-gens","16":"tag-loco","17":"tag-nantes","18":"tag-news","19":"tag-pays-de-la-loire","20":"tag-poser","21":"tag-quartier","22":"tag-republique-francaise","23":"tag-retrouve","24":"tag-travailler","25":"tag-viennent"},"share_on_mastodon":{"url":"https:\/\/pubeurope.com\/@fr\/115523247417133939","error":""},"_links":{"self":[{"href":"https:\/\/www.europesays.com\/fr\/wp-json\/wp\/v2\/posts\/524056","targetHints":{"allow":["GET"]}}],"collection":[{"href":"https:\/\/www.europesays.com\/fr\/wp-json\/wp\/v2\/posts"}],"about":[{"href":"https:\/\/www.europesays.com\/fr\/wp-json\/wp\/v2\/types\/post"}],"author":[{"embeddable":true,"href":"https:\/\/www.europesays.com\/fr\/wp-json\/wp\/v2\/users\/2"}],"replies":[{"embeddable":true,"href":"https:\/\/www.europesays.com\/fr\/wp-json\/wp\/v2\/comments?post=524056"}],"version-history":[{"count":0,"href":"https:\/\/www.europesays.com\/fr\/wp-json\/wp\/v2\/posts\/524056\/revisions"}],"wp:featuredmedia":[{"embeddable":true,"href":"https:\/\/www.europesays.com\/fr\/wp-json\/wp\/v2\/media\/524057"}],"wp:attachment":[{"href":"https:\/\/www.europesays.com\/fr\/wp-json\/wp\/v2\/media?parent=524056"}],"wp:term":[{"taxonomy":"category","embeddable":true,"href":"https:\/\/www.europesays.com\/fr\/wp-json\/wp\/v2\/categories?post=524056"},{"taxonomy":"post_tag","embeddable":true,"href":"https:\/\/www.europesays.com\/fr\/wp-json\/wp\/v2\/tags?post=524056"}],"curies":[{"name":"wp","href":"https:\/\/api.w.org\/{rel}","templated":true}]}}