{"id":524071,"date":"2025-11-10T03:28:28","date_gmt":"2025-11-10T03:28:28","guid":{"rendered":"https:\/\/www.europesays.com\/fr\/524071\/"},"modified":"2025-11-10T03:28:28","modified_gmt":"2025-11-10T03:28:28","slug":"marseille-le-portier-dun-bar-de-nuit-poignarde-par-un-client-a-qui-il-refusait-lentree","status":"publish","type":"post","link":"https:\/\/www.europesays.com\/fr\/524071\/","title":{"rendered":"Marseille : Le portier d\u2019un bar de nuit poignard\u00e9 par un client \u00e0 qui il refusait l\u2019entr\u00e9e"},"content":{"rendered":"<p class=\"mb-4 text-lg md:leading-8 break-words\">Le drame s\u2019est produit sur le <a data-i13n=\"cpos:1;pos:1\" href=\"https:\/\/www.20minutes.fr\/dossier\/vieux_port?at_medium=RSS%20feed&amp;at_campaign=ynews&amp;utm_source=yahoo&amp;utm_medium=rss&amp;utm_campaign=news_feed&amp;utm_content=in_article_link\" rel=\"nofollow noopener\" target=\"_blank\" data-ylk=\"slk:Vieux-Port;cpos:1;pos:1;elm:context_link;itc:0;sec:content-canvas\" class=\"link \">Vieux-Port<\/a> de <a data-i13n=\"cpos:2;pos:1\" href=\"https:\/\/www.20minutes.fr\/marseille\/?at_medium=RSS%20feed&amp;at_campaign=ynews&amp;utm_source=yahoo&amp;utm_medium=rss&amp;utm_campaign=news_feed&amp;utm_content=in_article_link\" rel=\"nofollow noopener\" target=\"_blank\" data-ylk=\"slk:Marseille;cpos:2;pos:1;elm:context_link;itc:0;sec:content-canvas\" class=\"link \">Marseille<\/a>, dans les <a data-i13n=\"cpos:3;pos:1\" href=\"https:\/\/www.20minutes.fr\/dossier\/bouches-rhone?at_medium=RSS%20feed&amp;at_campaign=ynews&amp;utm_source=yahoo&amp;utm_medium=rss&amp;utm_campaign=news_feed&amp;utm_content=in_article_link\" rel=\"nofollow noopener\" target=\"_blank\" data-ylk=\"slk:Bouches-du-Rh\u00f4ne;cpos:3;pos:1;elm:context_link;itc:0;sec:content-canvas\" class=\"link \">Bouches-du-Rh\u00f4ne<\/a>. Dans la nuit de samedi \u00e0 dimanche, le portier d\u2019un \u00e9tablissement de nuit a \u00e9t\u00e9 tu\u00e9 par un coup de couteau ass\u00e9n\u00e9 par un client \u00e0 qui il avait refus\u00e9 l\u2019entr\u00e9e, selon une information confirm\u00e9e de <a data-i13n=\"cpos:4;pos:1\" href=\"https:\/\/www.laprovence.com\/article\/faits-divers-justice\/3682634201975314\/marseille-un-mort-et-un-blesse-a-larme-blanche-dans-une-altercation-devant-un-bar-du-quartier-de-lopera?at_medium=RSS%20feed&amp;at_campaign=ynews&amp;utm_source=yahoo&amp;utm_medium=rss&amp;utm_campaign=news_feed&amp;utm_content=in_article_link\" rel=\"nofollow noopener\" target=\"_blank\" data-ylk=\"slk:La Provence;cpos:4;pos:1;elm:context_link;itc:0;sec:content-canvas\" class=\"link \">La Provence<\/a>.<\/p>\n<p class=\"mb-4 text-lg md:leading-8 break-words\">La victime, \u00e2g\u00e9e de 48 ans, n\u2019a pas pu \u00eatre ranim\u00e9e malgr\u00e9 l\u2019intervention des secours. Elle est d\u00e9c\u00e9d\u00e9e sur place, selon la police, des suites d\u2019un coup de couteau au thorax. Selon le quotidien local, une autre personne a \u00e9galement \u00e9t\u00e9 bless\u00e9e \u00e0 la main dans l\u2019altercation.<\/p>\n<p>Un suspect connu des services de police<\/p>\n<p class=\"mb-4 text-lg md:leading-8 break-words\">Le suspect, \u00e2g\u00e9 de 43 ans, a \u00e9t\u00e9 pris \u00e0 partie par des clients du pub irlandais devant lequel se sont produits les faits, vers 1 heure du matin.<\/p>\n<p>Publicit\u00e9<\/p>\n<p>Publicit\u00e9<\/p>\n<p>Publicit\u00e9<\/p>\n<p>Publicit\u00e9<\/p>\n<p class=\"mb-4 text-lg md:leading-8 break-words\">Connu des services de police, il a \u00e9t\u00e9 plac\u00e9 en garde \u00e0 vue. La division de la criminalit\u00e9 territoriale (DCT) a \u00e9t\u00e9 saisie.<\/p>\n<p class=\"mb-4 text-lg md:leading-8 break-words\"><a data-i13n=\"cpos:5;pos:1\" href=\"https:\/\/www.20minutes.fr\/faits_divers\/faits-divers-marseille\/4184522-20251109-marseille-portier-bar-nuit-poignarde-mort-client-refusait-entree?at_medium=RSS%20feed&amp;at_campaign=ynews&amp;utm_source=yahoo&amp;utm_medium=rss&amp;utm_campaign=news_feed&amp;utm_content=read_more_link%22\" rel=\"nofollow noopener\" target=\"_blank\" data-ylk=\"slk:Lire la suite sur 20minutes;cpos:5;pos:1;elm:context_link;itc:0;sec:content-canvas\" class=\"link \">Lire la suite sur 20minutes<\/a><\/p>\n<p>\u00c0 lire aussi :<br \/><a data-i13n=\"cpos:6;pos:1\" href=\"https:\/\/www.20minutes.fr\/faits_divers\/4179694-20251016-ariege-collegienne-interpellee-apres-menaces-arme-blanche?at_medium=RSS%20feed&amp;at_campaign=ynews&amp;utm_source=yahoo&amp;utm_medium=rss&amp;utm_campaign=news_feed&amp;utm_content=related_content_link\" rel=\"nofollow noopener\" target=\"_blank\" data-ylk=\"slk:Ari\u00e8ge : Une coll\u00e9gienne interpell\u00e9e apr\u00e8s des menaces \u00e0 l\u2019arme blanche;cpos:6;pos:1;elm:context_link;itc:0;sec:content-canvas\" class=\"link \">Ari\u00e8ge : Une coll\u00e9gienne interpell\u00e9e apr\u00e8s des menaces \u00e0 l\u2019arme blanche<\/a><br \/><a data-i13n=\"cpos:7;pos:1\" href=\"https:\/\/www.20minutes.fr\/faits_divers\/4183050-20251102-alpes-maritimes-homme-tue-arme-blanche-suspect-place-garde-vue?at_medium=RSS%20feed&amp;at_campaign=ynews&amp;utm_source=yahoo&amp;utm_medium=rss&amp;utm_campaign=news_feed&amp;utm_content=related_content_link\" rel=\"nofollow noopener\" target=\"_blank\" data-ylk=\"slk:Alpes-Maritimes : Un homme tu\u00e9 par arme blanche par son fils;cpos:7;pos:1;elm:context_link;itc:0;sec:content-canvas\" class=\"link \">Alpes-Maritimes : Un homme tu\u00e9 par arme blanche par son fils<\/a><\/p>\n","protected":false},"excerpt":{"rendered":"Le drame s\u2019est produit sur le Vieux-Port de Marseille, dans les Bouches-du-Rh\u00f4ne. Dans la nuit de samedi \u00e0&hellip;\n","protected":false},"author":2,"featured_media":524072,"comment_status":"","ping_status":"","sticky":false,"template":"","format":"standard","meta":{"footnotes":""},"categories":[2814],"tags":[1111,11,885,7623,1777,674,1011,27,45611,884,12,882,25,64407],"class_list":{"0":"post-524071","1":"post","2":"type-post","3":"status-publish","4":"format-standard","5":"has-post-thumbnail","7":"category-marseille","8":"tag-actu","9":"tag-actualites","10":"tag-bouches-du-rhone","11":"tag-coup-de-couteau","12":"tag-eu","13":"tag-europe","14":"tag-fr","15":"tag-france","16":"tag-le-portier","17":"tag-marseille","18":"tag-news","19":"tag-provence-alpes-cote-dazur","20":"tag-republique-francaise","21":"tag-vieux-port-de-marseille"},"share_on_mastodon":{"url":"https:\/\/pubeurope.com\/@fr\/115523282831813586","error":""},"_links":{"self":[{"href":"https:\/\/www.europesays.com\/fr\/wp-json\/wp\/v2\/posts\/524071","targetHints":{"allow":["GET"]}}],"collection":[{"href":"https:\/\/www.europesays.com\/fr\/wp-json\/wp\/v2\/posts"}],"about":[{"href":"https:\/\/www.europesays.com\/fr\/wp-json\/wp\/v2\/types\/post"}],"author":[{"embeddable":true,"href":"https:\/\/www.europesays.com\/fr\/wp-json\/wp\/v2\/users\/2"}],"replies":[{"embeddable":true,"href":"https:\/\/www.europesays.com\/fr\/wp-json\/wp\/v2\/comments?post=524071"}],"version-history":[{"count":0,"href":"https:\/\/www.europesays.com\/fr\/wp-json\/wp\/v2\/posts\/524071\/revisions"}],"wp:featuredmedia":[{"embeddable":true,"href":"https:\/\/www.europesays.com\/fr\/wp-json\/wp\/v2\/media\/524072"}],"wp:attachment":[{"href":"https:\/\/www.europesays.com\/fr\/wp-json\/wp\/v2\/media?parent=524071"}],"wp:term":[{"taxonomy":"category","embeddable":true,"href":"https:\/\/www.europesays.com\/fr\/wp-json\/wp\/v2\/categories?post=524071"},{"taxonomy":"post_tag","embeddable":true,"href":"https:\/\/www.europesays.com\/fr\/wp-json\/wp\/v2\/tags?post=524071"}],"curies":[{"name":"wp","href":"https:\/\/api.w.org\/{rel}","templated":true}]}}