{"id":524075,"date":"2025-11-10T03:30:36","date_gmt":"2025-11-10T03:30:36","guid":{"rendered":"https:\/\/www.europesays.com\/fr\/524075\/"},"modified":"2025-11-10T03:30:36","modified_gmt":"2025-11-10T03:30:36","slug":"ligue-1-le-psg-souffre-avant-de-faire-plier-lyon-09-11-2025-a-2326","status":"publish","type":"post","link":"https:\/\/www.europesays.com\/fr\/524075\/","title":{"rendered":"Ligue 1: le PSG souffre avant de faire plier Lyon &#8211; 09\/11\/2025 \u00e0 23:26"},"content":{"rendered":"<p>        <img decoding=\"async\" src=\"https:\/\/www.europesays.com\/fr\/wp-content\/uploads\/2025\/11\/d9e6ee1fa3e9a2afb7a73c17a43b757b-760x507.jpg\" alt=\"Joao Neves inscrit le but de la victoire pour le PSG face \u00e0 Lyon, le 9 novembre 2025, \u00e0 D\u00e9cines-Charpieu ( AFP \/ Jean-Philippe KSIAZEK )\" loading=\"eager\" fetchpriority=\"high\" width=\"760\" height=\"507\" style=\"max-width: 100%!important; height: auto;\"\/><\/p>\n<p class=\"c-image-news__legend\">Joao Neves inscrit le but de la victoire pour le PSG face \u00e0 Lyon, le 9 novembre 2025, \u00e0 D\u00e9cines-Charpieu ( AFP \/ Jean-Philippe KSIAZEK )<\/p>\n<p>\n Le PSG a repris la t\u00eate de la Ligue 1 apr\u00e8s avoir battu Lyon \u00e0 domicile sur le fil (3-2), gr\u00e2ce \u00e0 un but inscrit par le Portugais Joao Neves dans le temps additionnel, dimanche en cl\u00f4ture de la 12e journ\u00e9e.\n<\/p>\n<p>\n Neves a repris de la t\u00eate (90+5) un corner jou\u00e9 de la gauche par Kang In-Lee alors que l&rsquo;OL venait d&rsquo;\u00eatre r\u00e9duit \u00e0 dix par l&rsquo;exclusion de Nicolas Tagliafico (90+3).\n<\/p>\n<p>\n Au classement, le PSG compte deux longueurs d&rsquo;avance sur Marseille et Lens alors que l&rsquo;OL, qui n&rsquo;a gagn\u00e9 aucun de ses trois derniers matches de championnat, descend du 6e au 7e rang \u00e0 \u00e9galit\u00e9 de points avec Lille et Monaco.\n<\/p>\n<p>\n Battus mardi en Ligue des champions par le Bayern Munich (2-1), les hommes de Luis Enrique ont vite r\u00e9agi alors qu&rsquo;ils semblent peiner en championnat avec trois r\u00e9sultats nuls et trois victoires sur leurs six derni\u00e8res rencontres de Ligue 1.\n<\/p>\n<p>\n Diminu\u00e9es par l&rsquo;absence de plusieurs titulaires (Hakimi, Nuno Mendes, Demb\u00e9l\u00e9 pour le PSG, Sulc, Fofana pour l&rsquo;OL), les deux formations ont livr\u00e9 un d\u00e9but de match assez terne avant que la partie ne s&#8217;emballe.\n<\/p>\n<p>\n Mais dans l&rsquo;ensemble, la rencontre a \u00e9t\u00e9 assez pauvre en occasions (2 tirs cadr\u00e9s \u00e0 4 pour le PSG) malgr\u00e9 la nette domination des Parisiens avec 72% de possession la plupart du temps dans le camp adverse.\n<\/p>\n<p>\n Titularis\u00e9 \u00e0 la place d&rsquo;Achraf Hakimi, Warren Za\u00efre-Emery a ouvert logiquement la marque d&rsquo;un tir puissant sous la barre apr\u00e8s avoir b\u00e9n\u00e9fici\u00e9 d&rsquo;une belle ouverture de Vitinha (26e), lequel a ensuite \u00e9t\u00e9 \u00e0 l&rsquo;origine du deuxi\u00e8me but parisien inscrit par Khvicha Kvaratskhelia (33e).\n<\/p>\n<p>\n Le G\u00e9orgien a \u00e9t\u00e9 servi par le Portugais apr\u00e8s que celui-ci a r\u00e9cup\u00e9r\u00e9 le ballon \u00e0 une vingtaine de m\u00e8tres du but lyonnais dans les pieds de l&rsquo;Am\u00e9ricain Tanner Tessmann, coupable de n\u00e9gligence sur l&rsquo;action (33).\n<\/p>\n<p> &#8211; Lyon \u00e9galise deux fois &#8211;<\/p>\n<p>        <img decoding=\"async\" src=\"https:\/\/www.europesays.com\/fr\/wp-content\/uploads\/2025\/11\/bc438a40806b88e62ef36bb2e8777218-760x507.jpg\" alt=\"Ainsley Maitland-Niles, auteur d'un lob victorieux pour Lyon face au PSG, le 9 novembre 2025 \u00e0 D\u00e9cines-Charpieu ( AFP \/ Jean-Philippe KSIAZEK )\" loading=\"eager\" fetchpriority=\"high\" width=\"760\" height=\"507\" style=\"max-width: 100%!important; height: auto;\"\/><\/p>\n<p class=\"c-image-news__legend\">Ainsley Maitland-Niles, auteur d&rsquo;un lob victorieux pour Lyon face au PSG, le 9 novembre 2025 \u00e0 D\u00e9cines-Charpieu ( AFP \/ Jean-Philippe KSIAZEK )<\/p>\n<p>\n Entre-temps, Afonso Moreira avait pourtant \u00e9galis\u00e9 pour l&rsquo;OL apr\u00e8s avoir gagn\u00e9 son duel avec Lucas Chevalier \u00e0 la suite d&rsquo;une ouverture de Moussa Niakhat\u00e9 (30e).\n<\/p>\n<p>\n Le jeune Portugais, impliqu\u00e9 sur cinq des sept derniers buts lyonnais (3 buts, 2 passes), profite pleinement du temps de jeu qu&rsquo;il obtient apr\u00e8s la blessure de Malick Fofana indisponible plusieurs mois.\n<\/p>\n<p>\n Deux minutes plus t\u00f4t, la vid\u00e9o-assistance avait refus\u00e9 un penalty \u00e0 Lyon pour une suspicion de main de Illya Zabarnyi (28).\n<\/p>\n<p>\n Mais Lyon, qui a aussi trouv\u00e9 le poteau sur un tir de Tagliafico (42), fait preuve de r\u00e9silience depuis cet \u00e9t\u00e9.\n<\/p>\n<p>\n D\u00e9lest\u00e9 de ses individualit\u00e9s offensives en raison de la cure d&rsquo;aust\u00e9rit\u00e9 impos\u00e9e par la DNCG, les Lyonnais semblent n&rsquo;\u00eatre jamais \u00e0 cours de ressources, m\u00eame en attaque o\u00f9 ils sont priv\u00e9s de plusieurs titulaires alors qu&rsquo;ils peinent \u00e0 marquer.\n<\/p>\n<p>\n Ils ont r\u00e9ussi \u00e0 \u00e9galiser une seconde fois par Ainsley Maitland-Niles qui a inscrit son premier but de la saison en lobant magnifiquement Lucas Chevalier apr\u00e8s avoir \u00e9t\u00e9 alert\u00e9 dans l&rsquo;axe par l&rsquo;Anglais Tyler Morton (2-2, 50e). Un petit bijou qui n&rsquo;a pas suffi au bonheur des Lyonnais.<\/p>\n","protected":false},"excerpt":{"rendered":"Joao Neves inscrit le but de la victoire pour le PSG face \u00e0 Lyon, le 9 novembre 2025,&hellip;\n","protected":false},"author":2,"featured_media":524076,"comment_status":"","ping_status":"","sticky":false,"template":"","format":"standard","meta":{"footnotes":""},"categories":[1889],"tags":[400,1111,11,2430,398,408,405,1777,674,1011,27,403,402,399,2428,404,12,25,401,406,407],"class_list":{"0":"post-524075","1":"post","2":"type-post","3":"status-publish","4":"format-standard","5":"has-post-thumbnail","7":"category-lyon","8":"tag-action-cac-40","9":"tag-actu","10":"tag-actualites","11":"tag-auvergne-rhone-alpes","12":"tag-bourse-de-paris","13":"tag-boursorama","14":"tag-cotations","15":"tag-eu","16":"tag-europe","17":"tag-fr","18":"tag-france","19":"tag-indices-devises","20":"tag-investir","21":"tag-investissement","22":"tag-lyon","23":"tag-marche-boursier","24":"tag-news","25":"tag-republique-francaise","26":"tag-sicav","27":"tag-trackers","28":"tag-warrants"},"share_on_mastodon":{"url":"https:\/\/pubeurope.com\/@fr\/115523290743284594","error":""},"_links":{"self":[{"href":"https:\/\/www.europesays.com\/fr\/wp-json\/wp\/v2\/posts\/524075","targetHints":{"allow":["GET"]}}],"collection":[{"href":"https:\/\/www.europesays.com\/fr\/wp-json\/wp\/v2\/posts"}],"about":[{"href":"https:\/\/www.europesays.com\/fr\/wp-json\/wp\/v2\/types\/post"}],"author":[{"embeddable":true,"href":"https:\/\/www.europesays.com\/fr\/wp-json\/wp\/v2\/users\/2"}],"replies":[{"embeddable":true,"href":"https:\/\/www.europesays.com\/fr\/wp-json\/wp\/v2\/comments?post=524075"}],"version-history":[{"count":0,"href":"https:\/\/www.europesays.com\/fr\/wp-json\/wp\/v2\/posts\/524075\/revisions"}],"wp:featuredmedia":[{"embeddable":true,"href":"https:\/\/www.europesays.com\/fr\/wp-json\/wp\/v2\/media\/524076"}],"wp:attachment":[{"href":"https:\/\/www.europesays.com\/fr\/wp-json\/wp\/v2\/media?parent=524075"}],"wp:term":[{"taxonomy":"category","embeddable":true,"href":"https:\/\/www.europesays.com\/fr\/wp-json\/wp\/v2\/categories?post=524075"},{"taxonomy":"post_tag","embeddable":true,"href":"https:\/\/www.europesays.com\/fr\/wp-json\/wp\/v2\/tags?post=524075"}],"curies":[{"name":"wp","href":"https:\/\/api.w.org\/{rel}","templated":true}]}}