{"id":524087,"date":"2025-11-10T03:37:20","date_gmt":"2025-11-10T03:37:20","guid":{"rendered":"https:\/\/www.europesays.com\/fr\/524087\/"},"modified":"2025-11-10T03:37:20","modified_gmt":"2025-11-10T03:37:20","slug":"survol-de-drones-en-belgique-la-russie-soupconnee-lotan-sollicitee-pour-proteger-bruxelles","status":"publish","type":"post","link":"https:\/\/www.europesays.com\/fr\/524087\/","title":{"rendered":"Survol de drones en Belgique\u00a0: la Russie soup\u00e7onn\u00e9e, l\u2019Otan sollicit\u00e9e pour prot\u00e9ger Bruxelles"},"content":{"rendered":"<p>\n                                                                    l&rsquo;essentiel<br \/>\n                                                                Samedi 8\u00a0novembre, la Belgique a \u00e9t\u00e9 survol\u00e9e par des drones pour la seconde fois cette semaine. Une op\u00e9ration coordonn\u00e9e a vis\u00e9 les a\u00e9roports de Bruxelles et de Li\u00e8ge ainsi que des bases militaires.\n                            <\/p>\n<p>Apr\u00e8s une premi\u00e8re menace jeudi soir, la Belgique a fait face \u00e0 une nouvelle vague de drones survolant son territoire, samedi 8\u00a0novembre. Ces derniers ont \u00e9t\u00e9 utilis\u00e9s dans une op\u00e9ration coordonn\u00e9e visant les a\u00e9roports de Bruxelles et de Li\u00e8ge. Des bases militaires ont \u00e9galement \u00e9t\u00e9 touch\u00e9es.<\/p>\n<p class=\"std-elt__inline\">\n        <strong>\u00c0 lire aussi :<\/strong><br \/>\n        <a href=\"https:\/\/www.ladepeche.fr\/2025\/10\/28\/la-belgique-a-achete-une-trentaine-de-chasseurs-f-35-mais-ne-pourra-pas-les-faire-voler-faute-a-cause-de-son-espace-aerien-trop-petit-13019318.php\" rel=\"nofollow noopener\" target=\"_blank\">La Belgique a achet\u00e9 une trentaine de chasseurs F-35, mais ne pourra pas les faire voler \u00e0 cause de son espace a\u00e9rien trop petit<\/a>\n    <\/p>\n<p>De quoi s\u2019inqui\u00e9ter\u00a0? \u00c0 en croire les r\u00e9actions politiques, possiblement. Le ministre belge de la D\u00e9fense, Theo Francken, a annonc\u00e9 \u00eatre \u00ab\u00a0en contact avec l\u2019Otan\u00a0pour demander l\u2019aide des pays voisins\u00a0\u00bb.<\/p>\n<p class=\"std-elt__inline\">\n        <strong>\u00c0 lire aussi :<\/strong><br \/>\n        <a href=\"https:\/\/www.ladepeche.fr\/2025\/11\/01\/survol-de-drones-en-europe-lallemagne-une-nouvelle-fois-ciblee-laeroport-de-berlin-oblige-de-suspendre-ses-vols-pendant-deux-heures-13027296.php\" rel=\"nofollow noopener\" target=\"_blank\">Survol de drones en Europe\u00a0: l\u2019Allemagne une nouvelle fois cibl\u00e9e\u00a0? L\u2019a\u00e9roport de Berlin oblig\u00e9 de suspendre ses vols pendant deux heures<\/a>\n    <\/p>\n<p>Les pays voisins solidaires<\/p>\n<p>Une demande \u00e0 laquelle l\u2019Allemagne a imm\u00e9diatement r\u00e9pondu\u00a0: \u00ab\u00a0Jeudi soir, notre unit\u00e9 de d\u00e9fense anti-drone \u00e0 r\u00e9action rapide a \u00e9t\u00e9 d\u00e9ploy\u00e9e en Belgique\u00a0\u00bb, a inform\u00e9 Alexander Sollfrank, g\u00e9n\u00e9ral de l\u2019arm\u00e9e allemande. C\u00f4t\u00e9 anglais, la Royal Air Force va d\u00e9ployer une unit\u00e9 sp\u00e9ciale anti-drones pour prot\u00e9ger le ciel belge.<\/p>\n<p class=\"std-elt__inline\">\n        <strong>\u00c0 lire aussi :<\/strong><br \/>\n        <a href=\"https:\/\/www.ladepeche.fr\/2025\/10\/29\/russie-moscou-a-teste-un-drone-sous-marin-nucleaire-baptise-poseidon-il-nexiste-aucun-moyen-de-lintercepter-selon-poutine-13021413.php\" rel=\"nofollow noopener\" target=\"_blank\">Russie\u00a0: Moscou a test\u00e9 un drone sous-marin nucl\u00e9aire baptis\u00e9 Pos\u00e9idon, \u00ab\u00a0il n\u2019existe aucun moyen de l\u2019intercepter\u00a0\u00bb selon Poutine<\/a>\n    <\/p>\n<p>La Belgique a d\u00e9bloqu\u00e9 50\u00a0millions d\u2019euros pour lutter contre cette menace que tous imputent au Kremlin.<\/p>\n","protected":false},"excerpt":{"rendered":"l&rsquo;essentiel Samedi 8\u00a0novembre, la Belgique a \u00e9t\u00e9 survol\u00e9e par des drones pour la seconde fois cette semaine. Une&hellip;\n","protected":false},"author":2,"featured_media":524088,"comment_status":"","ping_status":"","sticky":false,"template":"","format":"standard","meta":{"footnotes":""},"categories":[1591],"tags":[11,1887,12,1885,1886,132],"class_list":{"0":"post-524087","1":"post","2":"type-post","3":"status-publish","4":"format-standard","5":"has-post-thumbnail","7":"category-russie","8":"tag-actualites","9":"tag-federation-de-russie","10":"tag-news","11":"tag-russia","12":"tag-russian-federation","13":"tag-russie"},"share_on_mastodon":{"url":"https:\/\/pubeurope.com\/@fr\/115523318239736410","error":""},"_links":{"self":[{"href":"https:\/\/www.europesays.com\/fr\/wp-json\/wp\/v2\/posts\/524087","targetHints":{"allow":["GET"]}}],"collection":[{"href":"https:\/\/www.europesays.com\/fr\/wp-json\/wp\/v2\/posts"}],"about":[{"href":"https:\/\/www.europesays.com\/fr\/wp-json\/wp\/v2\/types\/post"}],"author":[{"embeddable":true,"href":"https:\/\/www.europesays.com\/fr\/wp-json\/wp\/v2\/users\/2"}],"replies":[{"embeddable":true,"href":"https:\/\/www.europesays.com\/fr\/wp-json\/wp\/v2\/comments?post=524087"}],"version-history":[{"count":0,"href":"https:\/\/www.europesays.com\/fr\/wp-json\/wp\/v2\/posts\/524087\/revisions"}],"wp:featuredmedia":[{"embeddable":true,"href":"https:\/\/www.europesays.com\/fr\/wp-json\/wp\/v2\/media\/524088"}],"wp:attachment":[{"href":"https:\/\/www.europesays.com\/fr\/wp-json\/wp\/v2\/media?parent=524087"}],"wp:term":[{"taxonomy":"category","embeddable":true,"href":"https:\/\/www.europesays.com\/fr\/wp-json\/wp\/v2\/categories?post=524087"},{"taxonomy":"post_tag","embeddable":true,"href":"https:\/\/www.europesays.com\/fr\/wp-json\/wp\/v2\/tags?post=524087"}],"curies":[{"name":"wp","href":"https:\/\/api.w.org\/{rel}","templated":true}]}}