{"id":524089,"date":"2025-11-10T03:38:33","date_gmt":"2025-11-10T03:38:33","guid":{"rendered":"https:\/\/www.europesays.com\/fr\/524089\/"},"modified":"2025-11-10T03:38:33","modified_gmt":"2025-11-10T03:38:33","slug":"guerre-en-ukraine-apres-lune-des-attaques-les-plus-graves-pour-le-secteur-energetique-le-reseau-electrique-toujours-a-la-peine","status":"publish","type":"post","link":"https:\/\/www.europesays.com\/fr\/524089\/","title":{"rendered":"Guerre en Ukraine\u00a0: apr\u00e8s l\u2019une des attaques \u00ab\u00a0les plus graves pour le secteur \u00e9nerg\u00e9tique\u00a0\u00bb, le r\u00e9seau \u00e9lectrique toujours \u00e0 la peine"},"content":{"rendered":"<p>Des dizaines de milliers de personnes restaient priv\u00e9es de courant dimanche 9 novembre en Ukraine au lendemain de frappes russes massives sur <a href=\"https:\/\/www.humanite.fr\/monde\/guerre-en-ukraine\/guerre-en-ukraine-apres-des-centaines-de-frappes-russes-le-systeme-energetique-au-bord-de-la-rupture\" target=\"_blank\" rel=\"noopener\">le r\u00e9seau \u00e9lectrique et gazier du pays<\/a>, tandis qu\u2019une riposte ukrainienne a provoqu\u00e9 des interruptions dans plusieurs r\u00e9gions russes. La Russie multiplie depuis des semaines les bombardements sur les infrastructures \u00e9nerg\u00e9tiques et le r\u00e9seau ferroviaire ukrainien, faisant craindre un hiver difficile.<\/p>\n<p>L\u2019Ukraine vise de son c\u00f4t\u00e9 r\u00e9guli\u00e8rement des d\u00e9p\u00f4ts et raffineries de p\u00e9trole et d\u2019autres installations en Russie.<br \/>\u00ab\u00a0Les \u00e9quipes de r\u00e9paration poursuivent les travaux de reconstruction apr\u00e8s les frappes russes d\u2019hier\u00a0\u00bb, a indiqu\u00e9 dimanche le vice-Premier ministre ukrainien en charge de la reconstruction, Dmytro Kouleba.<\/p>\n<p>Selon lui, les frappes russes de samedi ont provoqu\u00e9 des \u00ab\u00a0destructions consid\u00e9rables\u00a0\u00bb et au moins 100\u00a0000 personnes sont toujours sans \u00e9lectricit\u00e9, eau et chauffage dans la r\u00e9gion de Kharkiv (nord-est). Les autorit\u00e9s d\u2019autres r\u00e9gions ont \u00e9galement fait \u00e9tat de coupures et de travaux de r\u00e9paration en cours, sans pr\u00e9ciser le nombre de foyers affect\u00e9s.<br \/>L\u2019attaque de samedi, qui a impliqu\u00e9 plus de 450 drones et 45 missiles, a \u00e9t\u00e9 \u00ab\u00a0l\u2019une des plus graves pour le secteur \u00e9nerg\u00e9tique depuis le d\u00e9but de la guerre\u00a0\u00bb, a relev\u00e9 \u00e0 la t\u00e9l\u00e9vision le vice-ministre de l\u2019\u00c9nergie, Artyom Nekrassov. <\/p>\n<p>\u00a0\u00ab Une partie tr\u00e8s importante de la production touch\u00e9e\u00a0\u00bb<\/p>\n<p>Selon lui, les forces russes tentent d\u00e9sormais \u00ab\u00a0de frapper simultan\u00e9ment les installations de production, les syst\u00e8mes de transport et de distribution d\u2019\u00e9lectricit\u00e9\u00a0\u00bb, rendant complexes les r\u00e9parations. \u00ab\u00a0Une partie tr\u00e8s importante de la production a \u00e9t\u00e9 touch\u00e9e\u00a0\u00bb, a-t-il ajout\u00e9, qualifiant la situation sur le r\u00e9seau de \u00ab\u00a0difficile\u00a0\u00bb. <\/p>\n<p>Cons\u00e9quence\u00a0: dans la plupart des r\u00e9gions du pays, des coupures d\u2019urgence ont d\u00fb \u00eatre mises en place pour la population mais aussi pour l\u2019industrie et les entreprises, selon M. Nekrassov. Les frappes russes de samedi ont aussi fait au moins quatre morts. <\/p>\n<p>Le groupe \u00e9lectrique Centerenergo, qui g\u00e8re trois centrales, dont une en territoire occup\u00e9 par la Russie, et 15\u00a0% des besoins du pays selon son site internet, a averti samedi que sa capacit\u00e9 de production a \u00e9t\u00e9 \u00ab\u00a0r\u00e9duite \u00e0 z\u00e9ro\u00a0\u00bb. Comme lors de chaque vague de frappes, le minist\u00e8re russe de la D\u00e9fense avait affirm\u00e9 samedi avoir vis\u00e9 \u00ab\u00a0des entreprises du complexe militaro-industriel ukrainien et des installations gazi\u00e8res et \u00e9nerg\u00e9tiques qui soutiennent leurs op\u00e9rations\u00a0\u00bb. <\/p>\n<p>Rude hiver \u00e0 venir<\/p>\n<p>En Russie, des frappes ukrainiennes ont touch\u00e9 dimanche plusieurs r\u00e9gions frontali\u00e8res, provoquant \u00e9galement des coupures de courant. Dans la r\u00e9gion de Belgorod, r\u00e9guli\u00e8rement vis\u00e9e par des tirs ukrainiens, le gouverneur Viatcheslav Gladkov a rapport\u00e9 sur Telegram que \u00ab\u00a0le r\u00e9seau d\u2019approvisionnement en \u00e9lectricit\u00e9 et en chauffage a subi de graves d\u00e9g\u00e2ts\u00a0\u00bb dans la capitale r\u00e9gionale \u00e9ponyme. \u00ab\u00a0Plusieurs rues sont touch\u00e9es par des probl\u00e8mes de courant (\u2026) Plus de 20\u00a0000 habitants sont priv\u00e9s d\u2019\u00e9lectricit\u00e9\u00a0\u00bb, a-t-il ajout\u00e9.<\/p>\n<p>Dans la r\u00e9gion de Koursk, \u00e9galement frontali\u00e8re de l\u2019Ukraine, \u00ab\u00a0un incendie s\u2019est d\u00e9clar\u00e9 dans l\u2019une des installations \u00e9nerg\u00e9tiques du village de Korenevo\u00a0\u00bb, laissant 10 localit\u00e9s sans \u00e9lectricit\u00e9, a annonc\u00e9 sur Telegram le gouverneur Alexandre Khinshte\u00efn. Et dans la r\u00e9gion de Voronej, un incendie s\u2019est d\u00e9clar\u00e9 dans une installation assurant le chauffage,<br \/>selon le gouverneur Alexandre Goussev. <\/p>\n<p>L\u2019Ukraine comme la Russie ont rapport\u00e9 avoir abattu plusieurs dizaines de drones ennemis au cours de la nuit. Des frappes russes massives sur l\u2019\u00e9nergie en Ukraine avaient d\u00e9j\u00e0 eu lieu les hivers pr\u00e9c\u00e9dents, plongeant par moments des millions de personnes dans le noir. La campagne de cette ann\u00e9e, plus puissante, fait craindre un rude hiver \u00e0 venir. Le directeur du Centre ukrainien de recherche sur l\u2019\u00e9nergie, Oleksandre Khartchenko, a averti cette semaine que le<br \/>pays court un \u00ab\u00a0risque significatif\u00a0\u00bb de coupures de chauffage.<\/p>\n<p>\u00catre le journal de la paix, notre d\u00e9fi quotidien<\/p>\n<p>Depuis Jaur\u00e8s, la d\u00e9fense de la paix est dans notre ADN.<\/p>\n<ul class=\"wp-block-list\">\n<li>Qui informe encore aujourd\u2019hui sur <strong>les actions des pacifistes<\/strong> pour le d\u00e9sarmement\u00a0?<\/li>\n<li>Combien de m\u00e9dias rappellent que <strong>les combats de d\u00e9colonisation <\/strong>ont encore cours, et qu\u2019ils doivent \u00eatre soutenus\u00a0?<\/li>\n<li>Combien valorisent les <strong>solidarit\u00e9s internationales<\/strong>, et s\u2019engagent sans ambigu\u00eft\u00e9 aux c\u00f4t\u00e9s des exil\u00e9s\u00a0?<\/li>\n<\/ul>\n<p><strong>Nos valeurs n\u2019ont pas de fronti\u00e8res.<\/strong><\/p>\n<p>Aidez-nous \u00e0 soutenir le droit \u00e0 l\u2019autod\u00e9termination et l\u2019option de la paix.<br \/><a href=\"https:\/\/www.humanite.fr\/lhumanite-cest-vous\" target=\"_blank\" rel=\"noopener\">Je veux en savoir plus\u00a0!<\/a><\/p>\n","protected":false},"excerpt":{"rendered":"Des dizaines de milliers de personnes restaient priv\u00e9es de courant dimanche 9 novembre en Ukraine au lendemain de&hellip;\n","protected":false},"author":2,"featured_media":524090,"comment_status":"","ping_status":"","sticky":false,"template":"","format":"standard","meta":{"footnotes":""},"categories":[1590],"tags":[11,1777,674,131,12,220],"class_list":{"0":"post-524089","1":"post","2":"type-post","3":"status-publish","4":"format-standard","5":"has-post-thumbnail","7":"category-ukraine","8":"tag-actualites","9":"tag-eu","10":"tag-europe","11":"tag-guerre-en-ukraine","12":"tag-news","13":"tag-ukraine"},"share_on_mastodon":{"url":"https:\/\/pubeurope.com\/@fr\/115523322244323894","error":""},"_links":{"self":[{"href":"https:\/\/www.europesays.com\/fr\/wp-json\/wp\/v2\/posts\/524089","targetHints":{"allow":["GET"]}}],"collection":[{"href":"https:\/\/www.europesays.com\/fr\/wp-json\/wp\/v2\/posts"}],"about":[{"href":"https:\/\/www.europesays.com\/fr\/wp-json\/wp\/v2\/types\/post"}],"author":[{"embeddable":true,"href":"https:\/\/www.europesays.com\/fr\/wp-json\/wp\/v2\/users\/2"}],"replies":[{"embeddable":true,"href":"https:\/\/www.europesays.com\/fr\/wp-json\/wp\/v2\/comments?post=524089"}],"version-history":[{"count":0,"href":"https:\/\/www.europesays.com\/fr\/wp-json\/wp\/v2\/posts\/524089\/revisions"}],"wp:featuredmedia":[{"embeddable":true,"href":"https:\/\/www.europesays.com\/fr\/wp-json\/wp\/v2\/media\/524090"}],"wp:attachment":[{"href":"https:\/\/www.europesays.com\/fr\/wp-json\/wp\/v2\/media?parent=524089"}],"wp:term":[{"taxonomy":"category","embeddable":true,"href":"https:\/\/www.europesays.com\/fr\/wp-json\/wp\/v2\/categories?post=524089"},{"taxonomy":"post_tag","embeddable":true,"href":"https:\/\/www.europesays.com\/fr\/wp-json\/wp\/v2\/tags?post=524089"}],"curies":[{"name":"wp","href":"https:\/\/api.w.org\/{rel}","templated":true}]}}