{"id":524094,"date":"2025-11-10T03:41:19","date_gmt":"2025-11-10T03:41:19","guid":{"rendered":"https:\/\/www.europesays.com\/fr\/524094\/"},"modified":"2025-11-10T03:41:19","modified_gmt":"2025-11-10T03:41:19","slug":"ca-auto-bank-va-financer-les-stocks-des-distributeurs-byd-autoactu-com","status":"publish","type":"post","link":"https:\/\/www.europesays.com\/fr\/524094\/","title":{"rendered":"CA Auto Bank va financer les stocks des distributeurs BYD| autoactu.com"},"content":{"rendered":"<p>        Wave<\/p>\n<p><a aria-label=\"Wave : La mixit\u00e9 dans l&#039;automobile\" href=\"https:\/\/waveautos.com\/\" target=\"_blank\" rel=\"noopener\"><img decoding=\"async\" alt=\"Logo Wave\" src=\"https:\/\/www.europesays.com\/fr\/wp-content\/uploads\/2025\/05\/wave-logo.jpg\"\/><\/a><\/p>\n<p>\u00a0<\/p>\n<p>WoMen and Vehicles in Europe &#8211; est une association cr\u00e9\u00e9e sous l&rsquo;impulsion de plusieurs femmes exer\u00e7ant dans le secteur automobile, qui s&rsquo;adresse \u00e0 tous les salari\u00e9s (hommes et femmes) de toutes les entreprises du secteur de l&rsquo;automobile: constructeurs, importateurs, \u00e9quipementiers, r\u00e9seaux de distribution et de r\u00e9paration, fournisseurs de services.<\/p>\n","protected":false},"excerpt":{"rendered":"Wave \u00a0 WoMen and Vehicles in Europe &#8211; est une association cr\u00e9\u00e9e sous l&rsquo;impulsion de plusieurs femmes exer\u00e7ant&hellip;\n","protected":false},"author":2,"featured_media":524095,"comment_status":"","ping_status":"","sticky":false,"template":"","format":"standard","meta":{"footnotes":""},"categories":[1587],"tags":[11,672,1804,1805,1803,1777,674,1801,12,1802],"class_list":{"0":"post-524094","1":"post","2":"type-post","3":"status-publish","4":"format-standard","5":"has-post-thumbnail","7":"category-allemagne","8":"tag-actualites","9":"tag-allemagne","10":"tag-bundesrepublik-deutschland","11":"tag-de","12":"tag-deutschland","13":"tag-eu","14":"tag-europe","15":"tag-germany","16":"tag-news","17":"tag-republique-federale-dallemagne"},"share_on_mastodon":{"url":"https:\/\/pubeurope.com\/@fr\/115523334556860539","error":""},"_links":{"self":[{"href":"https:\/\/www.europesays.com\/fr\/wp-json\/wp\/v2\/posts\/524094","targetHints":{"allow":["GET"]}}],"collection":[{"href":"https:\/\/www.europesays.com\/fr\/wp-json\/wp\/v2\/posts"}],"about":[{"href":"https:\/\/www.europesays.com\/fr\/wp-json\/wp\/v2\/types\/post"}],"author":[{"embeddable":true,"href":"https:\/\/www.europesays.com\/fr\/wp-json\/wp\/v2\/users\/2"}],"replies":[{"embeddable":true,"href":"https:\/\/www.europesays.com\/fr\/wp-json\/wp\/v2\/comments?post=524094"}],"version-history":[{"count":0,"href":"https:\/\/www.europesays.com\/fr\/wp-json\/wp\/v2\/posts\/524094\/revisions"}],"wp:featuredmedia":[{"embeddable":true,"href":"https:\/\/www.europesays.com\/fr\/wp-json\/wp\/v2\/media\/524095"}],"wp:attachment":[{"href":"https:\/\/www.europesays.com\/fr\/wp-json\/wp\/v2\/media?parent=524094"}],"wp:term":[{"taxonomy":"category","embeddable":true,"href":"https:\/\/www.europesays.com\/fr\/wp-json\/wp\/v2\/categories?post=524094"},{"taxonomy":"post_tag","embeddable":true,"href":"https:\/\/www.europesays.com\/fr\/wp-json\/wp\/v2\/tags?post=524094"}],"curies":[{"name":"wp","href":"https:\/\/api.w.org\/{rel}","templated":true}]}}