{"id":524106,"date":"2025-11-10T03:49:06","date_gmt":"2025-11-10T03:49:06","guid":{"rendered":"https:\/\/www.europesays.com\/fr\/524106\/"},"modified":"2025-11-10T03:49:06","modified_gmt":"2025-11-10T03:49:06","slug":"romain-ntamack-se-fait-pulveriser-sur-les-reseaux-sociaux","status":"publish","type":"post","link":"https:\/\/www.europesays.com\/fr\/524106\/","title":{"rendered":"Romain Ntamack se fait pulv\u00e9riser sur les r\u00e9seaux sociaux !"},"content":{"rendered":"<p>Samedi soir, le XV de France a pris une grosse claque contre l\u2019Afrique du Sud, \u00e0 l\u2019occasion du premier test-match de la Tourn\u00e9e d\u2019automne.<\/p>\n<p>Un joueur Tricolore a tout particuli\u00e8rement d\u00e9\u00e7u : l\u2019ouvreur Romain Ntamack.<\/p>\n<p>Le num\u00e9ro 10 du Stade-Toulousain a d\u2019ailleurs attis\u00e9 la col\u00e8re des supporters Tricolores.<\/p>\n<p>Sur les r\u00e9seaux sociaux, Romain Ntamack a \u00e9t\u00e9 vivement critiqu\u00e9.<\/p>\n<p><strong>Voici quelques messages publi\u00e9s notamment sur Twitter :<\/strong><\/p>\n<p>Ntamack ne doit plus jamais sentir le maillot de num\u00e9ro 10 apr\u00e8s cette prestation honteuse. Le meilleur 10 de la plan\u00e8te doit prendre sa place. <\/p>\n<p>Romain Ntamack a manqu\u00e9 de justesse dans son jeu au pied et symbolis\u00e9 le manque d\u2019id\u00e9e des Bleus dans le jeu courant.<\/p>\n<p>D\u2019ailleurs Ntamack on serait pas sur un des joueurs les + surcot\u00e9s des derni\u00e8res ann\u00e9es ?<\/p>\n<p>Ntamack a \u00e9t\u00e9 transparent, il est pass\u00e9 \u00e0 c\u00f4t\u00e9 de son match. Il doit \u00eatre le cadre de cette \u00e9quipe. Dupont n\u2019est pas l\u00e0, il ne peut pas \u00eatre celui qui est accompagn\u00e9 par son 9, c\u2019est lui qui aurait d\u00fb absorber la pression.<\/p>\n<p>Si jalibert fait la perf de Ntamack on demande sa t\u00eate dans les bureaux de rugbyrama<\/p>\n<p>On est en 2025 et certains pensent encore que Ntamack est un crack, joueur fade qui propose rien, \u00e7a seul qualit\u00e9 c\u2019est sa d\u00e9fense avec quelque fulgurance<\/p>\n<p>Ntamack va falloir vraiment se pencher sur le sujet. Le mec depuis son retour de blessure ne vaut plus un clou. Sans Dupont on dirai un lapin pris dans les phares d\u2019une voiture.<\/p>\n<p>Depuis mon canap\u00e9 je fais un meilleur match que Ntamack. Je n\u2019ose imaginer les foudres qu\u2019aurait pris Jalibert pour le m\u00eame match\u2026.<\/p>\n<p>Jalibert pas Jalibert je m\u2019en fous, le match de Ntamack ne me convient pas. Je ne comprends pas ses choix d\u2019utiliser le pied ou non. Il est pass\u00e9 \u00e0 c\u00f4t\u00e9 comme d\u2019autres<\/p>\n<p>Romain Ntamack encore une fois compl\u00e8tement inexistant. Il ne p\u00e8se pas sur le jeu. Il est lent, fait des mauvais choix et des conneries. <\/p>\n<p>J\u2019ai bien aim\u00e9 quand ntamack a rien fait comme depuis 3 ans. \u00c7a r\u00e9gularit\u00e9 est vraiment remarquable<\/p>\n<p>La mascarade Galthi\u00e9 a assez dur\u00e9 on a 2 ans pour sauver la meilleure g\u00e9n\u00e9ration de notre histoire. Pourquoi, pourquoi, POURQUOI ne pas mettre Ramos en 10 quand Ntamack n\u2019a plus fait un bon match depuis 4 ans <\/p>\n<p>Je signe pour un Ramos en 10 le week end prochain ntamack n\u2019est pas revenu de sa blessure<\/p>\n<p>Aldegheri, Ntamack \u00e7a va durer longtemps la plaisanterie ?!?<\/p>\n<p>Ntamack je vous jure c\u2019est une honte son match, j\u2019ai jamais vu un num\u00e9ro 10 aussi inutile. Vite Jalibert.<\/p>\n<p>Ntamack est une honte au sport fran\u00e7ais<\/p>\n<p>Ntamack n\u2019a plus le niveau international<\/p>\n<p><strong>Romain Ntamack doit-il de nouveau \u00eatre align\u00e9 contre les Fidji ?<\/strong><\/p>\n","protected":false},"excerpt":{"rendered":"Samedi soir, le XV de France a pris une grosse claque contre l\u2019Afrique du Sud, \u00e0 l\u2019occasion du&hellip;\n","protected":false},"author":2,"featured_media":524107,"comment_status":"","ping_status":"","sticky":false,"template":"","format":"standard","meta":{"footnotes":""},"categories":[1416],"tags":[1011,27,479,1468,60],"class_list":{"0":"post-524106","1":"post","2":"type-post","3":"status-publish","4":"format-standard","5":"has-post-thumbnail","7":"category-rugby","8":"tag-fr","9":"tag-france","10":"tag-rugby","11":"tag-rugby-football","12":"tag-sports"},"share_on_mastodon":{"url":"https:\/\/pubeurope.com\/@fr\/115523365373663420","error":""},"_links":{"self":[{"href":"https:\/\/www.europesays.com\/fr\/wp-json\/wp\/v2\/posts\/524106","targetHints":{"allow":["GET"]}}],"collection":[{"href":"https:\/\/www.europesays.com\/fr\/wp-json\/wp\/v2\/posts"}],"about":[{"href":"https:\/\/www.europesays.com\/fr\/wp-json\/wp\/v2\/types\/post"}],"author":[{"embeddable":true,"href":"https:\/\/www.europesays.com\/fr\/wp-json\/wp\/v2\/users\/2"}],"replies":[{"embeddable":true,"href":"https:\/\/www.europesays.com\/fr\/wp-json\/wp\/v2\/comments?post=524106"}],"version-history":[{"count":0,"href":"https:\/\/www.europesays.com\/fr\/wp-json\/wp\/v2\/posts\/524106\/revisions"}],"wp:featuredmedia":[{"embeddable":true,"href":"https:\/\/www.europesays.com\/fr\/wp-json\/wp\/v2\/media\/524107"}],"wp:attachment":[{"href":"https:\/\/www.europesays.com\/fr\/wp-json\/wp\/v2\/media?parent=524106"}],"wp:term":[{"taxonomy":"category","embeddable":true,"href":"https:\/\/www.europesays.com\/fr\/wp-json\/wp\/v2\/categories?post=524106"},{"taxonomy":"post_tag","embeddable":true,"href":"https:\/\/www.europesays.com\/fr\/wp-json\/wp\/v2\/tags?post=524106"}],"curies":[{"name":"wp","href":"https:\/\/api.w.org\/{rel}","templated":true}]}}