{"id":524108,"date":"2025-11-10T03:50:15","date_gmt":"2025-11-10T03:50:15","guid":{"rendered":"https:\/\/www.europesays.com\/fr\/524108\/"},"modified":"2025-11-10T03:50:15","modified_gmt":"2025-11-10T03:50:15","slug":"atp-finals-alcaraz-simpose-face-a-de-minaur-en-ouverture-sports","status":"publish","type":"post","link":"https:\/\/www.europesays.com\/fr\/524108\/","title":{"rendered":"ATP Finals : Alcaraz s&rsquo;impose face \u00e0 de Minaur en ouverture : Sports"},"content":{"rendered":"<p class=\"date\">\n                                                            Mathieu Warnier, Media365, publi\u00e9 le dimanche 09 novembre 2025 \u00e0 16h05\n                                                    <\/p>\n<p>Le premier match des ATP Finals a vu Carlos Alcaraz dominer Alex de Minaur en deux manches et faire un pas de plus vers la premi\u00e8re place mondiale au terme de la saison.<\/p>\n<p>Carlos Alcaraz a fait un tiers du chemin. Alors qu&rsquo;il reprendra la premi\u00e8re place mondiale des mains de Jannik Sinner ce lundi, l&rsquo;Espagnol a son destin en main pour conclure la saison au sommet de la hi\u00e9rarchie comme en 2022. Pour cela, il doit aller chercher trois victoires dans le cadre des ATP Finals et, face \u00e0 Alex de Minaur, il est all\u00e9 chercher la premi\u00e8re au c\u0153ur de l&rsquo;Inalpi Arena de Turin. En effet, lors du match d&rsquo;ouverture du Groupe Jimmy Connors, le natif de Murcie s&rsquo;est impos\u00e9 en deux manches contre l&rsquo;Australien. Si les deux joueurs se sont neutralis\u00e9s en d\u00e9but de match, Carlos Alcaraz a pris l&rsquo;ascendant dans l&rsquo;\u00e9change pour aller prendre le service de son adversaire sur un jeu remport\u00e9 blanc.<\/p>\n<p>Alcaraz en dents-de-scie<\/p>\n<p>Un avantage qu&rsquo;il aurait pu faire cro\u00eetre s&rsquo;il avait eu plus de r\u00e9ussite sur les balles de double break obtenues dans le sixi\u00e8me jeu. Accrocheur, Alex de Minaur a su les \u00e9carter pour se relancer apr\u00e8s un entame compliqu\u00e9e. En effet, le num\u00e9ro 7 mondial a mis son adversaire sous pression et l&rsquo;a fait craquer pour recoller \u00e0 quatre jeux partout. Les deux joueurs n&rsquo;ont alors pas \u00e9t\u00e9 en mesure de faire la diff\u00e9rence avant le tiebreak. Premier \u00e0 prendre un point sur engagement adverse, Alex de Minaur a tout de suite vu Carlos Alcaraz revenir. L&rsquo;Australien a alors repris l&rsquo;avantage sans que cela lui permettre d&rsquo;aller chercher cette premi\u00e8re manche. En effet, il a conc\u00e9d\u00e9 les quatre derniers points et s&rsquo;est retrouv\u00e9 \u00e0 courir derri\u00e8re l&rsquo;Espagnol. Le deuxi\u00e8me set a vu deux joueurs f\u00e9briles, dans l&rsquo;incapacit\u00e9 de garder leur service.<\/p>\n<p>De Minaur a baiss\u00e9 pavillon<\/p>\n<p>Une s\u00e9quence que Carlos Alcaraz a su briser en tenant son service d&rsquo;un jeu blanc pour mener trois jeux \u00e0 un. Alex de Minaur, quant \u00e0 lui, s&rsquo;est une nouvelle fois montr\u00e9 en difficult\u00e9 sur son engagement. Intraitable sur sa troisi\u00e8me balle de break, le natif de Murcie a cors\u00e9 l&rsquo;addition pour mener quatre jeux \u00e0 un. A l&rsquo;orgueil, l&rsquo;Australien a essay\u00e9 de r\u00e9pliquer mais la r\u00e9ussite n&rsquo;a pas \u00e9t\u00e9 de son c\u00f4t\u00e9 sur une opportunit\u00e9 de r\u00e9duire l&rsquo;\u00e9cart. Patient, Carlos Alcaraz a attendu de servir pour sceller le sort de cette rencontre. Apr\u00e8s une premi\u00e8re occasion de conclure qui lui a \u00e9chapp\u00e9, l&rsquo;Espagnol a assur\u00e9 sur la deuxi\u00e8me (7-6, 6-2 en 1h42&prime;). Un succ\u00e8s que le natif de Murcie devra confirmer face au vainqueur du duel opposant ce lundi l&rsquo;invit\u00e9 de derni\u00e8re minute Lorenzo Musetti \u00e0 Taylor Fritz.<\/p>\n","protected":false},"excerpt":{"rendered":"Mathieu Warnier, Media365, publi\u00e9 le dimanche 09 novembre 2025 \u00e0 16h05 Le premier match des ATP Finals a&hellip;\n","protected":false},"author":2,"featured_media":524109,"comment_status":"","ping_status":"","sticky":false,"template":"","format":"standard","meta":{"footnotes":""},"categories":[1415],"tags":[1011,27,60,1467],"class_list":{"0":"post-524108","1":"post","2":"type-post","3":"status-publish","4":"format-standard","5":"has-post-thumbnail","7":"category-tennis","8":"tag-fr","9":"tag-france","10":"tag-sports","11":"tag-tennis"},"share_on_mastodon":{"url":"https:\/\/pubeurope.com\/@fr\/115523369230964275","error":""},"_links":{"self":[{"href":"https:\/\/www.europesays.com\/fr\/wp-json\/wp\/v2\/posts\/524108","targetHints":{"allow":["GET"]}}],"collection":[{"href":"https:\/\/www.europesays.com\/fr\/wp-json\/wp\/v2\/posts"}],"about":[{"href":"https:\/\/www.europesays.com\/fr\/wp-json\/wp\/v2\/types\/post"}],"author":[{"embeddable":true,"href":"https:\/\/www.europesays.com\/fr\/wp-json\/wp\/v2\/users\/2"}],"replies":[{"embeddable":true,"href":"https:\/\/www.europesays.com\/fr\/wp-json\/wp\/v2\/comments?post=524108"}],"version-history":[{"count":0,"href":"https:\/\/www.europesays.com\/fr\/wp-json\/wp\/v2\/posts\/524108\/revisions"}],"wp:featuredmedia":[{"embeddable":true,"href":"https:\/\/www.europesays.com\/fr\/wp-json\/wp\/v2\/media\/524109"}],"wp:attachment":[{"href":"https:\/\/www.europesays.com\/fr\/wp-json\/wp\/v2\/media?parent=524108"}],"wp:term":[{"taxonomy":"category","embeddable":true,"href":"https:\/\/www.europesays.com\/fr\/wp-json\/wp\/v2\/categories?post=524108"},{"taxonomy":"post_tag","embeddable":true,"href":"https:\/\/www.europesays.com\/fr\/wp-json\/wp\/v2\/tags?post=524108"}],"curies":[{"name":"wp","href":"https:\/\/api.w.org\/{rel}","templated":true}]}}