{"id":524114,"date":"2025-11-10T03:56:15","date_gmt":"2025-11-10T03:56:15","guid":{"rendered":"https:\/\/www.europesays.com\/fr\/524114\/"},"modified":"2025-11-10T03:56:15","modified_gmt":"2025-11-10T03:56:15","slug":"jean-jacques-goldman-degoute-par-ce-comportement-abject-de-pierre-palmade-dans-le-bus-des-enfoires","status":"publish","type":"post","link":"https:\/\/www.europesays.com\/fr\/524114\/","title":{"rendered":"Jean-Jacques Goldman d\u00e9go\u00fbt\u00e9 par ce comportement abject de Pierre Palmade dans le bus des Enfoir\u00e9s"},"content":{"rendered":"<p><strong>Faudel vide son sac<\/strong>. Discret dans les m\u00e9dias<br \/>\ndepuis que son soutien controvers\u00e9 \u00e0 Nicolas Sarkozy en 2007 a<br \/>\nfrein\u00e9 sa carri\u00e8re, le prince du ra\u00ef revient sur un parcours sem\u00e9<br \/>\nd\u2019emb\u00fbches. Dans un entretien accord\u00e9 \u00e0 Paris Match<br \/>\nmercredi 5 octobre 2025, le chanteur, install\u00e9 au Maroc depuis 12<br \/>\nans, revient sur sa relation \u00e0 la politique, <a href=\"https:\/\/www.mariefrance.fr\/news-people\/faudel-voit-plus-enfants-depuis-quitte-france-pour-maroc-femme-accuse-1217870.html\" rel=\"nofollow noopener\" target=\"_blank\"><br \/>\nles accusations graves de son ex-femme port\u00e9es \u00e0 son encontre<\/a>,<br \/>\nson r\u00f4le de p\u00e8re, ainsi que ses rencontres avec des figures du<br \/>\nshowbiz.<\/p>\n<p>Si Faudel garde un bon souvenir de Johnny Hallyday, <a href=\"https:\/\/www.mariefrance.fr\/news-people\/johnny-hallyday-precieux-conseil-nicolas-sarkozy-faudel-regrette-avoir-ecoute-laeticia-sont-arretes-moi-1218223.html\" rel=\"nofollow noopener\" target=\"_blank\"><br \/>\nqui avait tent\u00e9 de le mettre en garde<\/a> contre l\u2019ancien pr\u00e9sident<br \/>\nde la R\u00e9publique, il a \u00e9t\u00e9 moins marqu\u00e9 par d\u2019autres personnalit\u00e9s<br \/>\ndu monde du spectacle. Il garde notamment un mauvais souvenir d\u2019un<br \/>\n<a href=\"https:\/\/www.mariefrance.fr\/news-people\/pierre-palmade-jean-marie-bigard-donne-nouvelles-apres-terrible-accident-voiture-paye-super-cher-1212129.html\" rel=\"nofollow noopener\" target=\"_blank\"><br \/>\nartiste dans la panade<\/a>. <strong>Son nom : Pierre<br \/>\nPalmade<\/strong>.<\/p>\n<p>Faudel garde un souvenir marquant de son arriv\u00e9e dans la troupe<br \/>\ndes Enfoir\u00e9s<\/p>\n<p>Faudel n\u2019est pas pr\u00eat d\u2019oublier son <strong>\u00ab\u00a0int\u00e9gration\u00a0\u00bb \u00e0 la<br \/>\ntroupe des Enfoir\u00e9s<\/strong>. En 2001, le petit chanteur qui<br \/>\nmontait \u00e9tait invit\u00e9 par Jean-Jacques Goldman \u00e0 participer \u00e0 la<br \/>\ntourn\u00e9e des Enfoir\u00e9s.<\/p>\n<p>\u00ab\u00a0Je suis arriv\u00e9 porte de Saint-Cloud en voiture, je me suis<br \/>\ngar\u00e9 devant les Trois Obus [dans le 16\u1d49 arrondissement de Paris,<br \/>\nNdlr] et je suis mont\u00e9 dans le bus o\u00f9 se trouvaient toutes les<br \/>\nstars de l\u2019\u00e9poque\u00a0\u00bb, explique-t-il, avant de livrer son<br \/>\nsentiment \u00e0 ce moment-l\u00e0 : <strong>\u00ab\u00a0Je ne me suis pas senti \u00e0<br \/>\nma place.\u00a0\u00bb<\/strong><\/p>\n<p><img loading=\"lazy\" decoding=\"async\" aria-describedby=\"caption-attachment-1217882\" itemprop=\"thumbnailUrl\" class=\"size-full wp-image-1217882 img-responsive\" src=\"https:\/\/www.europesays.com\/fr\/wp-content\/uploads\/2025\/11\/1762746974_885_faudel.jpg\" alt=\"Faudel\" width=\"1280\" height=\"720\"\/> \u00a9<br \/>\nBisson-Gouhier-Guibbaud-Orban-Taamallah\/ABACA\/Shutterstock<\/p>\n<p id=\"caption-attachment-1217882\" class=\"wp-caption-text\">Faudel<br \/>\nne garde pas que de bons souvenirs de son passage dans la troupe<br \/>\ndes Enfoir\u00e9s. Il se confie sur une exp\u00e9rience particuli\u00e8rement<br \/>\nd\u00e9sagr\u00e9able v\u00e9cue avec Pierre Palmade.<\/p>\n<p>\u00ab\u00a0Pierre Palmade faisait des blagues racistes\u00a0\u00bb<\/p>\n<p>Tr\u00e8s vite, Faudel se sent comme une b\u00eate curieuse. \u00ab\u00a0J\u2019\u00e9tais<br \/>\nregard\u00e9, observ\u00e9\u00a0\u00bb, confie-t-il. L\u2019interpr\u00e8te de Mon<br \/>\npays n\u2019a pas h\u00e9sit\u00e9 \u00e0 pointer du doigt l\u2019un de ces Enfoir\u00e9s,<br \/>\nd\u00e9j\u00e0 en mauvaise posture. <strong>\u00ab\u00a0Pierre Palmade faisait des<br \/>\nblagues racistes\u00a0\u00bb<\/strong>, d\u00e9nonce-t-il aujourd\u2019hui. Pour<br \/>\nrappel, l\u2019humoriste a \u00e9t\u00e9 impliqu\u00e9 dans un grave accident de la<br \/>\nroute en mars 2023.<\/p>\n<p>\u00ab\u00a0Jean-Jacques lui avait gentiment demand\u00e9 de changer de<br \/>\nton\u00a0\u00bb, souffle aussi le chanteur, qui garde un souvenir amer de<br \/>\nl\u2019accueil que lui a r\u00e9serv\u00e9 l\u2019humoriste. \u00ab\u00a0Je me retrouvais l\u00e0,<br \/>\nalors que, dans les ann\u00e9es 1990, mon p\u00e8re m\u2019avait emmen\u00e9 manger aux<br \/>\nRestos du c\u0153ur. Le contraste \u00e9tait violent. Peut-\u00eatre trop\u00a0\u00bb,<br \/>\nconfie-t-il. Refroidi par cette exp\u00e9rience, <strong>Faudel n\u2019a plus<br \/>\nvoulu repartir en tourn\u00e9e avec les Enfoir\u00e9s<\/strong>.<\/p>\n<p><img loading=\"lazy\" decoding=\"async\" aria-describedby=\"caption-attachment-1203284\" class=\"size-full wp-image-1203284 img-responsive\" src=\"https:\/\/www.europesays.com\/fr\/wp-content\/uploads\/2025\/11\/jean-jacques-goldman-reapparait-club-med-region-francaise-affectionne-tout-particulierement.jpg\" alt=\"Jean-Jacques Goldman\" width=\"1280\" height=\"720\"\/><br \/>\n\u00a9 Holubowicz<br \/>\nGerald\/ABACA\/Shutterstock<\/p>\n<p id=\"caption-attachment-1203284\" class=\"wp-caption-text\">\nJean-Jacques Goldman avait gentiment demand\u00e9 \u00e0 Pierre Palmade de<br \/>\nchanger de ton.<\/p>\n<p>Les confidences de Pierre Palmade sur<br \/>\nson amiti\u00e9 avec Jean-Jacques Goldman<\/p>\n<p>Manifestement, Jean-Jacques Goldman, figure mythique des<br \/>\nEnfoir\u00e9s, a toujours jou\u00e9 <strong>le r\u00f4le de m\u00e9diateur dans le<br \/>\ngroupe<\/strong>. Dans sa biographie, Dites \u00e0 mon p\u00e8re que je<br \/>\nsuis c\u00e9l\u00e8bre (2019), Pierre Palmade s\u2019\u00e9tait confi\u00e9 sur sa<br \/>\nrelation avec Jean-Jacques Goldman. Au sein des Enfoir\u00e9s, il avait<br \/>\nparfois \u00e9t\u00e9 confront\u00e9 aux addictions du com\u00e9dien.<\/p>\n<blockquote class=\"twitter-tweet\"><p><a class=\"twitter-link\" rel=\"noindex, nofollow noopener\" href=\"https:\/\/twitter.com\/mariefrancemag\/status\/1865420064435966272\" target=\"_blank\"><\/p><\/blockquote>\n<p>\u00c0 l\u2019\u00e9poque, l\u2019interpr\u00e8te de Je te donne avait choisi de<br \/>\nr\u00e9agir avec bienveillance. \u00ab\u00a0Jean-Jacques m\u00a0\u00bba toujours pardonn\u00e9,<br \/>\nnotamment lorsque j&rsquo;arrivais dans un sale \u00e9tat pour le concert des<br \/>\nEnfoir\u00e9s\u00a0\u00bb, a-t-il pu \u00e9crire. Pierre Palmade se souvient :<br \/>\n<strong>\u00ab\u00a0Il m&rsquo;a pris sous son aile.\u00a0\u00bb<\/strong> D\u2019ailleurs,<br \/>\nle chanteur lui aurait m\u00eame un jour affectueusement gliss\u00e9 :<br \/>\n\u00ab\u00a0Tu es plus ab\u00eem\u00e9, qu\u2019emmerdant !\u00a0\u00bb<\/p>\n<p><script async src=\"https:\/\/platform.twitter.com\/widgets.js\" charset=\"utf-8\"><\/script><\/p>\n","protected":false},"excerpt":{"rendered":"Faudel vide son sac. Discret dans les m\u00e9dias depuis que son soutien controvers\u00e9 \u00e0 Nicolas Sarkozy en 2007&hellip;\n","protected":false},"author":2,"featured_media":524115,"comment_status":"","ping_status":"","sticky":false,"template":"","format":"standard","meta":{"footnotes":""},"categories":[1359],"tags":[21303,58,59,1011,27,973],"class_list":{"0":"post-524114","1":"post","2":"type-post","3":"status-publish","4":"format-standard","5":"has-post-thumbnail","7":"category-people","8":"tag-buzz_nonli","9":"tag-divertissement","10":"tag-entertainment","11":"tag-fr","12":"tag-france","13":"tag-people"},"share_on_mastodon":{"url":"https:\/\/pubeurope.com\/@fr\/115523393412467831","error":""},"_links":{"self":[{"href":"https:\/\/www.europesays.com\/fr\/wp-json\/wp\/v2\/posts\/524114","targetHints":{"allow":["GET"]}}],"collection":[{"href":"https:\/\/www.europesays.com\/fr\/wp-json\/wp\/v2\/posts"}],"about":[{"href":"https:\/\/www.europesays.com\/fr\/wp-json\/wp\/v2\/types\/post"}],"author":[{"embeddable":true,"href":"https:\/\/www.europesays.com\/fr\/wp-json\/wp\/v2\/users\/2"}],"replies":[{"embeddable":true,"href":"https:\/\/www.europesays.com\/fr\/wp-json\/wp\/v2\/comments?post=524114"}],"version-history":[{"count":0,"href":"https:\/\/www.europesays.com\/fr\/wp-json\/wp\/v2\/posts\/524114\/revisions"}],"wp:featuredmedia":[{"embeddable":true,"href":"https:\/\/www.europesays.com\/fr\/wp-json\/wp\/v2\/media\/524115"}],"wp:attachment":[{"href":"https:\/\/www.europesays.com\/fr\/wp-json\/wp\/v2\/media?parent=524114"}],"wp:term":[{"taxonomy":"category","embeddable":true,"href":"https:\/\/www.europesays.com\/fr\/wp-json\/wp\/v2\/categories?post=524114"},{"taxonomy":"post_tag","embeddable":true,"href":"https:\/\/www.europesays.com\/fr\/wp-json\/wp\/v2\/tags?post=524114"}],"curies":[{"name":"wp","href":"https:\/\/api.w.org\/{rel}","templated":true}]}}