{"id":524118,"date":"2025-11-10T03:59:21","date_gmt":"2025-11-10T03:59:21","guid":{"rendered":"https:\/\/www.europesays.com\/fr\/524118\/"},"modified":"2025-11-10T03:59:21","modified_gmt":"2025-11-10T03:59:21","slug":"lycaona-a-realise-le-reve-de-ses-parents-en-participant-au-pekin-express-le-plus-dur-de-lhistoire","status":"publish","type":"post","link":"https:\/\/www.europesays.com\/fr\/524118\/","title":{"rendered":"Ly\u00e7aona a r\u00e9alis\u00e9 le r\u00eave de ses parents en participant au P\u00e9kin Express le plus dur de l&rsquo;histoire"},"content":{"rendered":"<p>            Par<br \/>\n        <strong><br \/>\n            <a href=\"https:\/\/actu.fr\/auteur\/jeremy-colin-actu-fr\" title=\"Consulter tous les articles de Jeremy Colin\" rel=\"nofollow noopener\" target=\"_blank\">Jeremy Colin<\/a><br \/>\n        <\/strong><\/p>\n<p>        Publi\u00e9 le<\/p>\n<p>            9 nov. 2025 \u00e0 18h05        <\/p>\n<p>Elle a seulement 19\u00a0ans mais <a href=\"https:\/\/actu.fr\/nouvelle-aquitaine\/calonges_47046\/une-candidate-du-lot-et-garonne-fait-partie-du-binome-dinconnus-dans-la-nouvelle-saison-de-pekin-express_63412702.html\" rel=\"nofollow noopener\" target=\"_blank\">Ly\u00e7aona Godard<\/a> sera l\u2019une des plus fi\u00e8res repr\u00e9sentantes du Lot-et-Garonne \u00e0 la t\u00e9l\u00e9vision. Elle devra prendre le digne flambeau <a href=\"https:\/\/actu.fr\/nouvelle-aquitaine\/fourques-sur-garonne_47101\/les-freres-fetards-de-pekin-express-ouvrent-une-guinguette-pres-de-marmande_61386172.html\" rel=\"nofollow noopener\" target=\"_blank\">des \u00ab\u2009Fr\u00e8res F\u00eatards\u2009\u00bb<\/a>, <b>\u00e9limin\u00e9s aux portes de la demi-finale de P\u00e9kin Express<\/b>, en 2021.<br \/>Car c\u2019est bien sur M6 que cette jeune femme habitant chez ses parents \u00e0 Calonges avec son fr\u00e8re, sa s\u0153ur et son fianc\u00e9, est entr\u00e9e en comp\u00e9tition.<br \/>\u00ab\u2009Depuis toute petite, je regarde <a href=\"https:\/\/actu.fr\/tag\/pekin-express\" rel=\"nofollow noopener\" target=\"_blank\">P\u00e9kin Express<\/a> avec mes parents\u2009\u00bb, explique Ly\u00e7aona. \u00ab\u2009C\u2019\u00e9tait <b>leur r\u00eave de participer \u00e0 l\u2019\u00e9mission<\/b> mais maintenant ils ont mal partout, ils ne peuvent plus (rires).\u2009\u00bb<\/p>\n<p>Une pr\u00e9paration diff\u00e9rente pour appr\u00e9hender le froid<\/p>\n<p class=\" wall-content\">C\u2019est ainsi qu\u2019apr\u00e8s \u00eatre partie en Inde il y a deux ans, la jeune calongeaise<b> habitu\u00e9e aux road-trips en camping-car<\/b>, a d\u00e9cid\u00e9 de \u00ab\u2009reprendre leur r\u00eave\u2009\u00bb.<\/p>\n<p class=\" wall-content\">Ly\u00e7aona est donc <b>\u00e0 l\u2019affiche de la 21e saison <\/b>de P\u00e9kin Express intitul\u00e9e \u00ab\u2009La route des glaces\u2009\u00bb.<\/p>\n<p class=\" wall-content\">Une saison exceptionnelle puisque c\u2019est<b> la premi\u00e8re \u00e0 se d\u00e9rouler dans le froid et la neige<\/b>, au c\u0153ur des steppes et montagnes du Kazakhstan, en Asie centrale. Un plan de route que cette jeune aventuri\u00e8re n\u2019avait pas forc\u00e9ment pr\u00e9vu.<\/p>\n<blockquote class=\"ac-article-quote wall-content\">\n<p>J\u2019aurais pr\u00e9f\u00e9r\u00e9 partir au Mozambique, en Afrique du Sud ou P\u00e9rou mais ce n\u2019est qu\u2019au dernier appel, un mois avant notre d\u00e9part, qu\u2019on apprend qu\u2019on va partir dans le froid.<\/p>\n<p>Ly\u00e7aona, candidate \u00e0 P\u00e9kin Express<\/p><\/blockquote>\n<p class=\" wall-content\">Pas le temps de tergiverser,<b> Ly\u00e7aona prend les choses avec philosophie<\/b>\u2026 \u00ab\u2009Je sais que je ne verrai ce genre de paysage qu\u2019une fois dans ma vie.\u2009\u00bb<\/p>\n<p class=\" wall-content\">Mais aussi avec pragmatisme. \u00ab\u2009Je suis assez frileuse donc il a fallu que je change tous mes plans, que j\u2019oublie mes beaux shorts pour <b>m\u2019\u00e9quiper en cons\u00e9quence<\/b>.\u2009\u00bb<\/p>\n<p>Votre r\u00e9gion, votre actu !<\/p>\n<p>Recevez chaque jour les infos qui comptent pour vous.<\/p>\n<p>\t<a href=\"https:\/\/actu.fr\/newsletter\" class=\"ac-btn ac-btn--corner ac-btn--medium ac-btn--blue800\" rel=\"nofollow noopener\" target=\"_blank\">S&rsquo;incrire<\/a><br \/>\nEn bin\u00f4me avec une parfaite inconnue<\/p>\n<p class=\" wall-content\">R\u00e9sultat des courses, la jeune aventuri\u00e8re assure <b>n\u2019avoir pas tant souffert du froid que \u00e7a<\/b>.<\/p>\n<p class=\" wall-content\">\u00ab\u2009Quand nous sommes dans l\u2019\u00e9preuve, on ne le sent pas. Il n\u2019y a gu\u00e8re que<b> quand nous sommes \u00e0 l\u2019arr\u00eat<\/b> pour faire du stop que c\u2019est plus compliqu\u00e9.\u2009\u00bb<\/p>\n<p class=\" wall-content\">Une pr\u00e9paration cruciale que n\u2019avait pas forc\u00e9ment anticip\u00e9e Marianne, sa co\u00e9quipi\u00e8re <a href=\"https:\/\/actu.fr\/hauts-de-france\/hergnies_59301\/television-qui-est-marianne-originaire-du-nord-qui-participe-a-pekin-express-dans-le-binome-dinconnues_63407388.html\" rel=\"nofollow noopener\" target=\"_blank\">venue du Nord<\/a> dont Ly\u00e7aona ignorait tout puisque<b> les deux femmes font partie du fameux bin\u00f4me d\u2019inconnues<\/b>.<\/p>\n<blockquote class=\"ac-article-quote wall-content\">\n<p>Au premier abord, nous sommes deux femmes tr\u00e8s diff\u00e9rentes. J\u2019\u00e9tais habill\u00e9e pour la guerre. Elle est arriv\u00e9e en jupe.<\/p>\n<p>Ly\u00e7aona, candidate \u00e0 P\u00e9kin Express<\/p><\/blockquote>\n<p class=\" wall-content\">Ly\u00e7aona a choisi P\u00e9kin Express pour d\u00e9passer ses limites, <b>elle semble avoir \u00e9t\u00e9 servie<\/b>.<\/p>\n<p class=\" wall-content\">\u00ab\u2009Nous nous sommes tr\u00e8s bien entendues mais c\u2019est vrai que partir seule \u00e9tait <b>un vrai challenge suppl\u00e9mentaire pour moi<\/b>. Comment faire pour vivre avec une personne que je ne connais pas\u2009? Au final j\u2019ai coch\u00e9 toutes mes cases, c\u2019\u00e9tait tr\u00e8s excitant mais il fallait aussi garder la t\u00eate froide.\u2009\u00bb<\/p>\n<p>Les paysages magnifiques du Kazakhstan<\/p>\n<p class=\" wall-content\">Les deux temp\u00e9raments diff\u00e9rents des deux aventuri\u00e8res<b> pourraient bien s\u2019accorder<\/b>. D\u2019autant que la Nordiste qui avait des bases en Russe, a pu donner de pr\u00e9cieux conseils \u00e0 <a href=\"https:\/\/actu.fr\/le-republicain-lot-et-garonne\/\" rel=\"nofollow noopener\" target=\"_blank\">la Lot-et-Garonnaise<\/a> pour \u00e9changer avec les Kazakhs.<\/p>\n<p class=\" wall-content\">\u00ab\u2009Il n\u2019y a que les jeunes qui commencent \u00e0 parler anglais.\u2009\u00bb C\u2019est ce qui fait aussi le sel de P\u00e9kin Express\u2009:<b> d\u00e9couvrir de nouvelles cultures. <\/b>\u00ab\u2009On a fait des rencontres qu\u2019on ne fait qu\u2019une fois dans sa vie. On d\u00e9couvre un monde tout \u00e0 fait diff\u00e9rent.\u2009\u00bb<\/p>\n<p class=\" wall-content\">Et que dire des paysages exceptionnels du Kazakhstan\u2009?<\/p>\n<p>    <img   decoding=\"async\" loading=\"lazy\" class=\"size-large\" src=\"https:\/\/www.europesays.com\/fr\/wp-content\/uploads\/2025\/11\/8db44b87c019681c44b87c019a4c44v-960x640.jpg\" alt=\"Ly\u00e7aona P\u00e9kin Express\" width=\"960\" height=\"640\"\/><br \/>\n    Ly\u00e7aona, 18 ans au moment du tournage, participe \u00e0 la 21e saison de P\u00e9kin Express, organis\u00e9e au Kazakhstan. \u00a9Patrick ROBERT\/M6<\/p>\n<p class=\" wall-content\">\u00ab\u2009On trouve surtout<b> des montagnes et des steppes<\/b> avec des chevaux en libert\u00e9. C\u2019est tr\u00e8s d\u00e9sertique, il n\u2019y a rien \u00e0 part de la neige. Je n\u2019en avais jamais vu autant\u2009!\u2009\u00bb<\/p>\n<p class=\" wall-content\">Reste maintenant \u00e0 savoir<b> jusqu\u2019o\u00f9 la m\u00e8nera cette aventure<\/b> partie vendredi dernier de Chymkent, au sud du pays. L\u2019arriv\u00e9e, au bout de sept \u00e9tapes, se fera \u00e0 Astana, capitale du Kazakhstan.<\/p>\n<p class=\" wall-content\">Personnalisez votre actualit\u00e9 en ajoutant vos villes et m\u00e9dias en favori avec <a href=\"https:\/\/moncompte.actu.fr\" title=\"D\u00e9couvez Mon Actu\" rel=\"nofollow noopener\" data-trk=\"{&quot;cta&quot;:{&quot;action&quot;:&quot;https:\\\/\\\/moncompte.actu.fr&quot;,&quot;category&quot;:&quot;mon compte&quot;,&quot;from&quot;:&quot;article footer&quot;,&quot;name&quot;:&quot;Mon actu&quot;,&quot;type&quot;:&quot;cta&quot;}}\" target=\"_blank\">Mon Actu<\/a>.<\/p>\n","protected":false},"excerpt":{"rendered":"Par Jeremy Colin Publi\u00e9 le 9 nov. 2025 \u00e0 18h05 Elle a seulement 19\u00a0ans mais Ly\u00e7aona Godard sera&hellip;\n","protected":false},"author":2,"featured_media":524119,"comment_status":"","ping_status":"","sticky":false,"template":"","format":"standard","meta":{"footnotes":""},"categories":[1356],"tags":[58,59,1011,27,3172,1311,104,252,1364],"class_list":{"0":"post-524118","1":"post","2":"type-post","3":"status-publish","4":"format-standard","5":"has-post-thumbnail","7":"category-television","8":"tag-divertissement","9":"tag-entertainment","10":"tag-fr","11":"tag-france","12":"tag-pekin-express","13":"tag-pompiers","14":"tag-societe","15":"tag-television","16":"tag-tv"},"share_on_mastodon":{"url":"https:\/\/pubeurope.com\/@fr\/115523405451006144","error":""},"_links":{"self":[{"href":"https:\/\/www.europesays.com\/fr\/wp-json\/wp\/v2\/posts\/524118","targetHints":{"allow":["GET"]}}],"collection":[{"href":"https:\/\/www.europesays.com\/fr\/wp-json\/wp\/v2\/posts"}],"about":[{"href":"https:\/\/www.europesays.com\/fr\/wp-json\/wp\/v2\/types\/post"}],"author":[{"embeddable":true,"href":"https:\/\/www.europesays.com\/fr\/wp-json\/wp\/v2\/users\/2"}],"replies":[{"embeddable":true,"href":"https:\/\/www.europesays.com\/fr\/wp-json\/wp\/v2\/comments?post=524118"}],"version-history":[{"count":0,"href":"https:\/\/www.europesays.com\/fr\/wp-json\/wp\/v2\/posts\/524118\/revisions"}],"wp:featuredmedia":[{"embeddable":true,"href":"https:\/\/www.europesays.com\/fr\/wp-json\/wp\/v2\/media\/524119"}],"wp:attachment":[{"href":"https:\/\/www.europesays.com\/fr\/wp-json\/wp\/v2\/media?parent=524118"}],"wp:term":[{"taxonomy":"category","embeddable":true,"href":"https:\/\/www.europesays.com\/fr\/wp-json\/wp\/v2\/categories?post=524118"},{"taxonomy":"post_tag","embeddable":true,"href":"https:\/\/www.europesays.com\/fr\/wp-json\/wp\/v2\/tags?post=524118"}],"curies":[{"name":"wp","href":"https:\/\/api.w.org\/{rel}","templated":true}]}}