{"id":524122,"date":"2025-11-10T04:01:28","date_gmt":"2025-11-10T04:01:28","guid":{"rendered":"https:\/\/www.europesays.com\/fr\/524122\/"},"modified":"2025-11-10T04:01:28","modified_gmt":"2025-11-10T04:01:28","slug":"trois-familles-dagriculteurs-du-perche-dans-loeil-du-cineaste-eric-le-roch","status":"publish","type":"post","link":"https:\/\/www.europesays.com\/fr\/524122\/","title":{"rendered":"Trois familles d&rsquo;agriculteurs du Perche dans l&rsquo;\u0153il du cin\u00e9aste \u00c9ric Le Roch"},"content":{"rendered":"<p>            Par<br \/>\n        <strong><br \/>\n            <a href=\"https:\/\/actu.fr\/auteur\/morcellet-jeanne\" title=\"Consulter tous les articles de Jeanne MORCELLET\" target=\"_blank\" rel=\"noopener\">Jeanne MORCELLET<\/a><br \/>\n        <\/strong><\/p>\n<p>        Publi\u00e9 le<\/p>\n<p>            9 nov. 2025 \u00e0 12h00        <\/p>\n<p>Il ne voulait pas r\u00e9aliser un film sombre et catastrophique. \u00c9ric le Roch se m\u00e9fie des clich\u00e9s, surtout quand il concerne ses voisins percherons, des amis.<\/p>\n<p>Une longue amiti\u00e9<\/p>\n<p class=\" wall-content\">Depuis 20\u00a0ans qu\u2019il a achet\u00e9 sa \u00ab vieille long\u00e8re de 1860 \u00bb dans le Perche Gou\u00ebt qu\u2019il retape avec assiduit\u00e9, \u00ab je suis tr\u00e8s bricoleur \u00bb, il a tiss\u00e9 des liens avec les agriculteurs du coin.<\/p>\n<p class=\" wall-content\">Et ces liens se sont transform\u00e9s, au fur et \u00e0 mesure du temps et des coups de main \u00e9chang\u00e9s, en une amiti\u00e9 qu\u2019il conjugue avec bonheur et en toutes circonstances.<\/p>\n<p class=\" wall-content\">\u00c0 force de partages amicaux, le r\u00e9alisateur de Mariage chez les Bodin\u2019s a eu l\u2019id\u00e9e de suivre une famille pendant un an, comme \u00e7a, histoire de \u00ab voir et de montrer l\u2019invisible, tout ce qui fait la force d\u2019un documentaire \u00bb. Apr\u00e8s discussion et r\u00e9flexion, il s\u2019est rang\u00e9 \u00e0 l\u2019id\u00e9e de suivre non pas une mais trois familles.<\/p>\n<p>    <img   decoding=\"async\" loading=\"lazy\" class=\"size-large\" src=\"https:\/\/www.europesays.com\/fr\/wp-content\/uploads\/2025\/11\/fb797f0f1209600897f0f1209f3897v-960x640.jpg\" alt=\"Semer et r\u00e9colter\" width=\"960\" height=\"640\"\/><br \/>\n    Les ch\u00e8vres de Semer et r\u00e9colter. \u00a9DRVid\u00e9os : en ce moment sur Actu<\/p>\n<p class=\" wall-content\">Parti sans ou plut\u00f4t avec rien, sans id\u00e9e pr\u00e9con\u00e7ue, sans casting, sans m\u00eame l\u2019id\u00e9e d\u2019un sc\u00e9nario, sans argent non plus, sans producteur, il se lance dans l\u2019aventure.<\/p>\n<p class=\" wall-content\">Il sait juste qu\u2019il veut signer un film juste et sinc\u00e8re, sans m\u00e9lo ni catastrophe, sans suicide ni burn-out, \u00ab loin des arch\u00e9types connus qui servent \u00e0 la m\u00e9diatisation et au buzz \u00bb.<\/p>\n<p>Votre r\u00e9gion, votre actu !<\/p>\n<p>Recevez chaque jour les infos qui comptent pour vous.<\/p>\n<p>\t<a href=\"https:\/\/actu.fr\/newsletter\" class=\"ac-btn ac-btn--corner ac-btn--medium ac-btn--blue800\" target=\"_blank\" rel=\"noopener\">S&rsquo;incrire<\/a><br \/>\n90\u00a0jours de tournage<\/p>\n<p class=\" wall-content\">Non, \u00c9ric Le\u00a0Roch veut juste faire son travail, lentement, calmement, avec patience et implication, \u00ab aller \u00e0 des endroits, voir ce que j\u2019y trouve, partir sur le terrain, trouver le point de vue ad\u00e9quat \u00e0 ma sensibilit\u00e9 et savoir le retranscrire d\u2019un point de vue esth\u00e9tique \u00bb.<\/p>\n<p class=\" wall-content\">Il \u0153uvre seul, sans contrainte, \u00ab sans chef op\u00e9rateur, sans ing\u00e9nieur du son, sans r\u00e9gisseur \u00bb.<\/p>\n<p class=\" wall-content\">Avec sa cam\u00e9ra hybride et son drone, il se sait disponible, \u00ab non contraint \u00bb, de montrer \u00ab la force qui affleure, la concorde, l\u2019humanit\u00e9 \u00bb \u00e0 travers trois exploitations, deux \u00e9levages de vaches laiti\u00e8res, <a href=\"https:\/\/actu.fr\/normandie\/la-ferte-saint-samson_76261\/les-vaches-normandes-font-leur-retour-dans-cette-ferme-de-seine-maritime_62477513.html\" target=\"_blank\" rel=\"noopener\">normandes<\/a> pour l\u2019une, Prim\u2019Holstein pour l\u2019autre, et un \u00e9levage de <a href=\"https:\/\/actu.fr\/hauts-de-france\/rainvillers_60523\/abandonnees-et-livrees-a-elles-memes-ces-chevres-ont-trouve-refuge-dans-ce-village-de-l-oise_61831932.html\" target=\"_blank\" rel=\"noopener\">ch\u00e8vres<\/a> pour la derni\u00e8re quand de toute fa\u00e7on les trois\u00a0familles font de la culture c\u00e9r\u00e9ali\u00e8re, bl\u00e9, ma\u00efs, orge, colza, pour les animaux et la vente.<\/p>\n<p>    <img   decoding=\"async\" loading=\"lazy\" class=\"size-large\" src=\"https:\/\/www.europesays.com\/fr\/wp-content\/uploads\/2025\/11\/d782af0f12096db82af0f1209bf82av-960x640.jpg\" alt=\"Semer et r\u00e9colter\" width=\"960\" height=\"640\"\/><br \/>\n    Le travail des cultures dans Semer et r\u00e9colter. \u00a9DR<\/p>\n<p class=\" wall-content\">En ao\u00fbt\u00a02023, le r\u00e9alisateur commence sa t\u00e2che, filmer un jour sur quatre pendant un an la vie dans l\u2019une des trois fermes. Il veut voir et donner \u00e0 voir le quotidien des agriculteurs, inconnu du grand public.<\/p>\n<p class=\" wall-content\">Sous le soleil de l\u2019\u00e9t\u00e9, il suit l<b>\u2018enrubannage<\/b>, accompagne les <b>moissons<\/b>, enregistre l\u2019<b>ensilage<\/b>, poursuit avec l\u2019automne et l\u2019hiver les <b>soins aux animaux<\/b>, tourne sous la lumi\u00e8re du printemps et renoue avec la chaleur de l\u2019\u00e9t\u00e9.<\/p>\n<p class=\" wall-content\">En avril\u00a02024, il trouve un partenaire financier, plus tard un producteur.<\/p>\n<p class=\" wall-content\">Il sait alors qu\u2019il va pouvoir diffuser son film et le partager au plus grand nombre, averti ou pas de la<b> vie paysanne<\/b>.<\/p>\n<p class=\" wall-content\">Il sait qu\u2019il va pouvoir montrer \u00ab des personnes courageuses, passionn\u00e9es, r\u00e9silientes sur les probl\u00e8mes et les contraintes qu\u2019elles affrontent au quotidien \u00bb.<\/p>\n<p class=\" wall-content\">Son film, r\u00e9p\u00e8te-t-il, parle d\u2019humanit\u00e9, \u00ab non plus exactement d\u2019expression de l\u2019humanit\u00e9, de transmission et de la valeur du travail \u00bb.<\/p>\n<p>    <img   decoding=\"async\" loading=\"lazy\" class=\"size-large\" src=\"https:\/\/www.europesays.com\/fr\/wp-content\/uploads\/2025\/11\/fa027f0f12096fe027f0f1209e2127v-960x640.jpg\" alt=\"Semer et r\u00e9colter\" width=\"960\" height=\"640\"\/><br \/>\n    D\u00e9bat apr\u00e8s le visionnage de Semer et r\u00e9colter \u00a9DR<\/p>\n<p class=\" wall-content\">Le phras\u00e9 d\u2019\u00c9ric Le Roch est doux et rapide. Ses mots fusent, ses amiti\u00e9s le nourrissent.<\/p>\n<blockquote class=\"ac-article-quote wall-content\">\n<p>Je tenais \u00e0 me mettre \u00e0 hauteur de leur humanit\u00e9 et de leur quotidien.<\/p>\n<p>Eric Le Roch.<\/p><\/blockquote>\n<p class=\" wall-content\">\u00c0 hauteur de la r\u00e9alit\u00e9 qu\u2019il a per\u00e7ue, v\u00e9cue, film\u00e9e, celle d\u2019une famille forte de trois g\u00e9n\u00e9rations, d\u2019une autre issue de six g\u00e9n\u00e9rations, de la derni\u00e8re qui vient de s\u2019installer et qui doit trouver son \u00e9quilibre financier.<b> Trois familles<\/b> qui repr\u00e9sentent <b>la r\u00e9alit\u00e9 de l\u2019agriculture<\/b>, une agriculture saisie sur le vif.<\/p>\n<blockquote class=\"ac-article-quote wall-content\">\n<p>Je ne pouvais \u00e9videmment pas prendre deux fois la m\u00eame prise ! Cette mani\u00e8re de filmer, de saisir le r\u00e9el sur-le-champ, ici et maintenant, a rendu la chose intense et nourrissante.<\/p>\n<p>\u00c9ric Le\u00a0Roch.<\/p><\/blockquote>\n<p class=\" wall-content\">Un documentaire n\u2019est d\u00e9cid\u00e9ment pas une fiction, il se nourrit du r\u00e9el m\u00eame s\u2019il exige un point de vue, sinc\u00e8re et habit\u00e9.<\/p>\n<p class=\" wall-content\">La deuxi\u00e8me vie de <a href=\"https:\/\/actu.fr\/normandie\/l-aigle_61214\/documentaire-sur-trois-familles-d-agriculteurs-semer-et-recolter-vendredi-au-cinema-de-l-aigle_63394063.html\" target=\"_blank\" rel=\"noopener\">Semer et R\u00e9colter<\/a> a d\u00e9but\u00e9 dans les salles de cin\u00e9ma en tourn\u00e9e dans la France enti\u00e8re avant de faire son entr\u00e9e \u00e0 Paris le 23\u00a0f\u00e9vrier, en plein Salon de l\u2019Agriculture.<\/p>\n<p>    <img   decoding=\"async\" loading=\"lazy\" class=\"size-large\" src=\"https:\/\/www.europesays.com\/fr\/wp-content\/uploads\/2025\/11\/82db7f0f12096c6db7f0f12090cdb7v-960x640.jpg\" alt=\"Semer et r\u00e9colter\" width=\"960\" height=\"640\"\/><br \/>\n    La rel\u00e8ve de l\u2019agriculture dans Semer et r\u00e9colter. \u00a9DR<\/p>\n<p class=\" wall-content\">Pendant six mois, le film part \u00e0 la rencontre de son public \u00e0 l\u2019occasion d\u2019avant-premi\u00e8res toujours plus attendues qui sollicitent la pr\u00e9sence du documentariste accompagn\u00e9 d\u2019agriculteurs locaux, \u00ab qui ont toute la l\u00e9gitimit\u00e9 de r\u00e9pondre aux questions des spectateurs \u00bb.<\/p>\n<blockquote class=\"ac-article-quote wall-content\">\n<p>Le plein attire le plein et je crois que les r\u00e9seaux sociaux fonctionnent bien, on me parle de 10 000 vues par jour sur TikTok !<\/p>\n<p>Eric Le Roch.<\/p><\/blockquote>\n<p class=\" wall-content\">Le film trouve son public. Dans les salles de Senonches, Sabl\u00e9-sur-Sarthe, <a href=\"https:\/\/actu.fr\/normandie\/val-au-perche_61484\" target=\"_blank\" rel=\"noopener\">Val-au-Perche (Orne)<\/a>, Mamers, La Fert\u00e9-Bernard, Nogent-le-Rotrou, L\u2019Aigle, mais encore Valr\u00e9as, Romorantin, Amboise, Nantes, Libourne, Lisieux, Yvetot, Le Havre, Issoire, Vichy, Nevers, Rodez\u2026 Semer et R\u00e9colter conquiert le c\u0153ur d\u2019un public averti et non averti.<\/p>\n<blockquote class=\"ac-article-quote wall-content\">\n<p>Quand je demande aux spectateurs de lever la main pour savoir s\u2019ils appartiennent ou non au monde agricole, j\u2019obtiens un r\u00e9sultat de 50-50 ou bien un tiers d\u2019agriculteurs et deux tiers de personnes d\u00e9tach\u00e9es du monde agricole mais dont un membre de la famille est ou a \u00e9t\u00e9 agriculteur.<\/p>\n<p>\u00c9ric Le\u00a0Roch.<\/p><\/blockquote>\n<p class=\" wall-content\">Son film, qu\u2019il voulait absolument solaire, \u00ab un film de concorde et de bienveillance \u00bb suscite beaucoup d\u2019\u00e9motions. Ce qui le touche le plus se r\u00e9sume dans cette petite phrase qu\u2019il entend souvent, \u00ab \u00e7a nous a fait du bien \u00bb.<\/p>\n<p class=\" wall-content\">C\u2019est ce bien l\u00e0, ce bien commun, qu\u2019\u00c9ric Le\u00a0Roch a cherch\u00e9 a montr\u00e9 \u00e0 travers un travail, la naissance par c\u00e9sarienne d\u2019un petit veau, une vie de famille, un mariage\u2026<\/p>\n<p>Un socle commun d\u2019humanit\u00e9<\/p>\n<p class=\" wall-content\">Il raconte \u00ab un socle commun, cette vie qui est en nous et partout, dans les plantes, les animaux \u00bb. Il est heureux de constater que les agriculteurs qu\u2019ils rencontrent dans les salles obscures s\u2019y retrouvent, \u00ab pour une fois on voit ce qu\u2019on est, on nous voit manger, travailler, parler en famille, aimer nos animaux \u00bb.<\/p>\n<p class=\" wall-content\">Il a cherch\u00e9 \u00e0 mettre en lumi\u00e8re d\u2019une fa\u00e7on \u00e9clairante et pas brillante des familles et des g\u00e9n\u00e9rations d\u2019agriculteurs.<\/p>\n<p class=\" wall-content\">Cerise sur le g\u00e2teau, les trois familles qui ont \u00e9t\u00e9 film\u00e9es dans Semer et R\u00e9colter sont associ\u00e9es et int\u00e9ress\u00e9es \u00e0 la production du film, autant dire que \u00ab les profits sont mutualis\u00e9s \u00bb, ce qui rend l\u2019aventure commune d\u2019autant plus exemplaire et solaire. \u00c9ric Le\u00a0Roch savoure sa vie actuelle, \u00ab je suis un accouru qui ne court plus \u00bb.<\/p>\n<p class=\" wall-content\">Personnalisez votre actualit\u00e9 en ajoutant vos villes et m\u00e9dias en favori avec <a href=\"https:\/\/moncompte.actu.fr\" title=\"D\u00e9couvez Mon Actu\" rel=\"nofollow noopener\" data-trk=\"{&quot;cta&quot;:{&quot;action&quot;:&quot;https:\\\/\\\/moncompte.actu.fr&quot;,&quot;category&quot;:&quot;mon compte&quot;,&quot;from&quot;:&quot;article footer&quot;,&quot;name&quot;:&quot;Mon actu&quot;,&quot;type&quot;:&quot;cta&quot;}}\" target=\"_blank\">Mon Actu<\/a>.<\/p>\n","protected":false},"excerpt":{"rendered":"Par Jeanne MORCELLET Publi\u00e9 le 9 nov. 2025 \u00e0 12h00 Il ne voulait pas r\u00e9aliser un film sombre&hellip;\n","protected":false},"author":2,"featured_media":524123,"comment_status":"","ping_status":"","sticky":false,"template":"","format":"standard","meta":{"footnotes":""},"categories":[1354],"tags":[58,59,1346,1011,27,1652,1360],"class_list":{"0":"post-524122","1":"post","2":"type-post","3":"status-publish","4":"format-standard","5":"has-post-thumbnail","7":"category-films","8":"tag-divertissement","9":"tag-entertainment","10":"tag-films","11":"tag-fr","12":"tag-france","13":"tag-loisirs-culture","14":"tag-movies"},"share_on_mastodon":{"url":"https:\/\/pubeurope.com\/@fr\/115523413207042580","error":""},"_links":{"self":[{"href":"https:\/\/www.europesays.com\/fr\/wp-json\/wp\/v2\/posts\/524122","targetHints":{"allow":["GET"]}}],"collection":[{"href":"https:\/\/www.europesays.com\/fr\/wp-json\/wp\/v2\/posts"}],"about":[{"href":"https:\/\/www.europesays.com\/fr\/wp-json\/wp\/v2\/types\/post"}],"author":[{"embeddable":true,"href":"https:\/\/www.europesays.com\/fr\/wp-json\/wp\/v2\/users\/2"}],"replies":[{"embeddable":true,"href":"https:\/\/www.europesays.com\/fr\/wp-json\/wp\/v2\/comments?post=524122"}],"version-history":[{"count":0,"href":"https:\/\/www.europesays.com\/fr\/wp-json\/wp\/v2\/posts\/524122\/revisions"}],"wp:featuredmedia":[{"embeddable":true,"href":"https:\/\/www.europesays.com\/fr\/wp-json\/wp\/v2\/media\/524123"}],"wp:attachment":[{"href":"https:\/\/www.europesays.com\/fr\/wp-json\/wp\/v2\/media?parent=524122"}],"wp:term":[{"taxonomy":"category","embeddable":true,"href":"https:\/\/www.europesays.com\/fr\/wp-json\/wp\/v2\/categories?post=524122"},{"taxonomy":"post_tag","embeddable":true,"href":"https:\/\/www.europesays.com\/fr\/wp-json\/wp\/v2\/tags?post=524122"}],"curies":[{"name":"wp","href":"https:\/\/api.w.org\/{rel}","templated":true}]}}